{"id":91989,"date":"2024-12-11T10:11:17","date_gmt":"2024-12-11T16:11:17","guid":{"rendered":"https:\/\/losperiodistas.com.mx\/portal\/?p=91989"},"modified":"2024-12-11T10:11:19","modified_gmt":"2024-12-11T16:11:19","slug":"hubo-resultados-muy-importantes-destaca-sheinbaum-sobre-la-presencia-de-harfuch-en-sinaloa-infobae","status":"publish","type":"post","link":"https:\/\/losperiodistas.com.mx\/portal\/hubo-resultados-muy-importantes-destaca-sheinbaum-sobre-la-presencia-de-harfuch-en-sinaloa-infobae\/","title":{"rendered":"\u201cHubo resultados muy importantes\u201d, destaca Sheinbaum sobre la presencia de Harfuch en Sinaloa | Infobae"},"content":{"rendered":"\n<h2 class=\"wp-block-heading\">El titular de la SSPC se reuni\u00f3 con el Gabinete de Seguridad debido a la violencia que se vive en el estado<\/h2>\n\n\n\n<figure class=\"wp-block-image size-large\"><img fetchpriority=\"high\" decoding=\"async\" width=\"1024\" height=\"573\" src=\"https:\/\/losperiodistas.com.mx\/portal\/wp-content\/uploads\/2024\/12\/Captura-de-pantalla-2024-12-11-a-las-10.07.04\u202fa.m-1024x573.png\" alt=\"\" class=\"wp-image-91990\" srcset=\"https:\/\/losperiodistas.com.mx\/portal\/wp-content\/uploads\/2024\/12\/Captura-de-pantalla-2024-12-11-a-las-10.07.04\u202fa.m-1024x573.png 1024w, https:\/\/losperiodistas.com.mx\/portal\/wp-content\/uploads\/2024\/12\/Captura-de-pantalla-2024-12-11-a-las-10.07.04\u202fa.m-300x168.png 300w, https:\/\/losperiodistas.com.mx\/portal\/wp-content\/uploads\/2024\/12\/Captura-de-pantalla-2024-12-11-a-las-10.07.04\u202fa.m-768x430.png 768w, https:\/\/losperiodistas.com.mx\/portal\/wp-content\/uploads\/2024\/12\/Captura-de-pantalla-2024-12-11-a-las-10.07.04\u202fa.m-1536x860.png 1536w, https:\/\/losperiodistas.com.mx\/portal\/wp-content\/uploads\/2024\/12\/Captura-de-pantalla-2024-12-11-a-las-10.07.04\u202fa.m.png 1712w\" sizes=\"(max-width: 1024px) 100vw, 1024px\" \/><figcaption class=\"wp-element-caption\">El titular de la SSPC, Omar Garc\u00eda Harfuch, visit\u00f3 Sinaloa a inicios de diciembre (Foto: Cuartoscuro)<\/figcaption><\/figure>\n\n\n\n<p class=\"has-vivid-red-color has-text-color has-link-color has-medium-font-size wp-elements-c58f678f232486475111326e5ed2f0ce\"><strong>Por Joel Cano \/ Infobae<\/strong><\/p>\n\n\n\n<p><\/p>\n\n\n\n<p>La presidenta<strong>&nbsp;Claudia Sheinbaum&nbsp;<\/strong>asegur\u00f3 que tras la visita de&nbsp;<strong>Omar Garc\u00eda Harfuch<\/strong>, secretario de Seguridad P\u00fablica y Protecci\u00f3n Ciudadana (<strong>SSPC<\/strong>), al estado de&nbsp;<strong>Sinaloa<\/strong>, se obtuvieron resultados importantes para disminuir la violencia que ha impregnado la entidad en los \u00faltimos tres meses.<\/p>\n\n\n\n<p><a href=\"https:\/\/www.infobae.com\/mexico\/2024\/12\/11\/ruben-rocha-moya-asegura-que-la-presencia-de-garcia-harfuch-en-sinaloa-ha-dado-resultados-esta-trabajando-intensamente\/\" target=\"_blank\" rel=\"noreferrer noopener\"><\/a><\/p>\n\n\n\n<p><a href=\"https:\/\/www.infobae.com\/mexico\/2024\/12\/11\/ruben-rocha-moya-asegura-que-la-presencia-de-garcia-harfuch-en-sinaloa-ha-dado-resultados-esta-trabajando-intensamente\/\" target=\"_blank\" rel=\"noreferrer noopener\">Te puede interesar:<strong>Rub\u00e9n Rocha Moya asegura que la presencia de Garc\u00eda Harfuch en Sinaloa ha dado resultados: \u201cEst\u00e1 trabajando intensamente\u201d<\/strong><\/a><a href=\"https:\/\/www.infobae.com\/mexico\/2024\/12\/11\/ruben-rocha-moya-asegura-que-la-presencia-de-garcia-harfuch-en-sinaloa-ha-dado-resultados-esta-trabajando-intensamente\/\" target=\"_blank\" rel=\"noreferrer noopener\"><\/a><\/p>\n\n\n\n<p>Sheinbaum Pardo fue cuestionada en su conferencia de este mi\u00e9rcoles sobre la presencia de Garc\u00eda Harfuch en territorio sinaloense. Al respecto, la mandataria federal se\u00f1al\u00f3 que tras su estancia se realizaron&nbsp;<strong>detenciones&nbsp;<\/strong>relevantes y<strong>&nbsp;aseguramientos de droga.<\/strong><\/p>\n\n\n\n<p>\u201cEstuvo ah\u00ed el secretario de Seguridad (\u2026) Ya pas\u00f3 una semana que se fue el secretario Omar Garc\u00eda Harfuch a Sinaloa. Se fue a coordinar las actividades de las&nbsp;<strong>fuerzas federales&nbsp;<\/strong>y de las fuerzas estatales. Hubo resultados muy importantes, detenciones muy importantes al igual que aseguramientos de droga\u201d, destac\u00f3 Sheinbaum.<\/p>\n\n\n\n<p><a href=\"https:\/\/www.infobae.com\/mexico\/2024\/12\/11\/mananera-de-claudia-sheinbaum-hoy-11-de-diciembre-en-vivo\/\" target=\"_blank\" rel=\"noreferrer noopener\"><\/a><\/p>\n\n\n\n<p><a href=\"https:\/\/www.infobae.com\/mexico\/2024\/12\/11\/mananera-de-claudia-sheinbaum-hoy-11-de-diciembre-en-vivo\/\" target=\"_blank\" rel=\"noreferrer noopener\">Te puede interesar:<strong>Ma\u00f1anera de Claudia Sheinbaum hoy 11 de diciembre | Elecci\u00f3n de juzgadores, nuevo embajador de EEUU y labor de Harfuch en Sinaloa, entre lo relevante<\/strong><\/a><a href=\"https:\/\/www.infobae.com\/mexico\/2024\/12\/11\/mananera-de-claudia-sheinbaum-hoy-11-de-diciembre-en-vivo\/\" target=\"_blank\" rel=\"noreferrer noopener\"><\/a><\/p>\n\n\n\n<p>Agreg\u00f3 que durante su estancia en Sinaloa, Harfuch se reuni\u00f3 con empresarios y el Gabinete de Seguridad para fortalecer las acciones en dicha materia. Esto debido a la disputa que sostienen dos agrupaciones criminales.<\/p>\n\n\n\n<p><img decoding=\"async\" height=\"296\" width=\"502\" src=\"https:\/\/www.infobae.com\/resizer\/v2\/7NW34QM7SFATLB2C74BQ5PNMHY.png?auth=2db8047338407babe297c067e6fb97132fd409f73cf8db4f5b9b494522d57087&amp;smart=true&amp;width=350&amp;height=214&amp;quality=85\" alt=\"Claudia Sheinbaum destac\u00f3 la presencia de Omar Garc\u00eda Harfuch en Sinaloa (Foto: Gobierno de M\u00e9xico)\"><\/p>\n\n\n\n<p>Claudia Sheinbaum destac\u00f3 la presencia de Omar Garc\u00eda Harfuch en Sinaloa (Foto: Gobierno de M\u00e9xico)<\/p>\n\n\n\n<p>Claudia Sheinbaum indic\u00f3 que esta violencia se gener\u00f3 \u201ca partir de la detenci\u00f3n de un narcotraficante\u201d, en referencia a\u00a0<strong>Ismael \u2018El Mayo\u2019 Zambada\u00a0<\/strong>(l\u00edder del C\u00e1rtel de Sinaloa), detenido el 25 de julio en Estados Unidos. Su arresto desat\u00f3 una disputa entre dos facciones de la organizaci\u00f3n criminal: Los Chapitos y La Mayiza.<a href=\"https:\/\/www.infobae.com\/mexico\/2024\/12\/11\/mananera-de-claudia-sheinbaum-hoy-11-de-diciembre-en-vivo\/\" target=\"_blank\" rel=\"noreferrer noopener\"><\/a><\/p>\n\n\n\n<p>Desde el pasado 9 de septiembre, ambas facciones han sostenido un conflicto armado en Sinaloa, lo que se ha visto reflejado en m\u00e1s de&nbsp;<strong>500 homicidios.<\/strong>&nbsp;Fue bajo este contexto como Garc\u00eda Harfuch se traslad\u00f3 a dicha entidad el 3 de diciembre.<\/p>\n\n\n\n<p>Aunque la poblaci\u00f3n sinaloense manifiesta sentirse insegura, la presidenta Claudia Sheinbaum asegur\u00f3 que se obtuvieron resultados positivos tras la visita de Omar Garc\u00eda Harfuch.<\/p>\n\n\n\n<blockquote class=\"wp-block-quote is-layout-flow wp-block-quote-is-layout-flow\">\n<p>\u201cEstuvo una semana all\u00e1 el secretario. Va a estar pendiente. Hay una coordinaci\u00f3n distinta ahora. Sin minimizar el sentimiento de la poblaci\u00f3n, yo tambi\u00e9n tengo informaci\u00f3n de que se recibi\u00f3 muy bien la presencia del secretario\u201d<\/p>\n<\/blockquote>\n\n\n\n<p><img decoding=\"async\" alt=\"El gobernador Rub\u00e9n Rocha Moya celebr\u00f3 la llegada de Omar Garc\u00eda Harfuch a Sinaloa (Foto: X@rochamoya_)\" height=\"1080\" src=\"https:\/\/www.infobae.com\/resizer\/v2\/A3EVI6LJ6ZA2ZLRLA74AKKRRH4.jpg?auth=a688de9f8488f713ad5921b3a4df3b372a067ab5b45795056a0254b12f176016&amp;smart=true&amp;width=350&amp;height=197&amp;quality=85\" width=\"1920\">El gobernador Rub\u00e9n Rocha Moya celebr\u00f3 la llegada de Omar Garc\u00eda Harfuch a Sinaloa (Foto: X@rochamoya_)<\/p>\n\n\n\n<p>Adem\u00e1s de Sheinbaum, el gobernador de Sinaloa,&nbsp;<strong>Rub\u00e9n Rocha Moya<\/strong>, destac\u00f3 la presencia de Harfuch en la entidad, al grado de calificarlo como un \u201cbuen embajador de la pacificaci\u00f3n\u201d.<\/p>\n\n\n\n<p>Cuando Harfuch arrib\u00f3 a Sinaloa el 3 de diciembre, autoridades federales realizaron el&nbsp;<strong>mayor decomiso de fentanilo&nbsp;<\/strong>del que se tenga registro. Ese d\u00eda se asegur\u00f3 m\u00e1s de una tonelada del opioide sint\u00e9tico en los municipios de Guasave y Ahome con un valor superior a los&nbsp;<strong>8 mil millones de pesos.<\/strong>&nbsp;Adem\u00e1s, se detuvieron a dos narcotraficantes identificados como Elier Jassiel \u201cN\u201d y Javier Alonso \u201cN\u201d.<\/p>\n\n\n\n<p>Entre el 6 y 8 de diciembre se inhabilitaron dos sitios en Cosal\u00e1 donde se fabricaba metanfetamina. Esto llev\u00f3 a la incautaci\u00f3n de 2 mil 600 litros y 400 kilogramos de sustancias qu\u00edmicas. Asimismo, en Culiac\u00e1n se desmantel\u00f3 un narcolaboratorio donde se encontraron 313 kilogramos de qu\u00edmicos. El golpe econ\u00f3mico para las organizaciones criminales, de acuerdo con la SSPC, fue de&nbsp;<strong>431 millones de pesos.<\/strong><\/p>\n\n\n\n<p>En cuanto a las detenciones, destaca la de<strong>&nbsp;Horacio \u201cN\u201d,<\/strong>&nbsp;hermano de Omar F\u00e9lix \u201cN\u201d, alias<strong>&nbsp;\u2018El Pel\u00f3n\u2019,&nbsp;<\/strong>l\u00edder de un brazo armado de Los Chapitos. Su arresto se realiz\u00f3 en Culiac\u00e1n y fue dado a conocer el 6 de diciembre.<\/p>\n\n\n\n<p>Cuatro d\u00edas despu\u00e9s, otros dos operadores de Los Chapitos fueron detenidos en Culiac\u00e1n.&nbsp;<strong>Paul Alexander \u201cN\u201d<\/strong>&nbsp;y&nbsp;<strong>Karla Alejandra \u201cN\u201d&nbsp;<\/strong>fueron identificados como proveedores de armas de fuego y droga. Adem\u00e1s, fueron acusados de planear ataques con explosivos en lugares p\u00fablicos de la zona Eldorado.<\/p>\n\n\n\n<p>Pese a los resultados en materia de seguridad, 13 polic\u00edas estatales y municipales han sido asesinados durante los \u00faltimos tres meses en Sinaloa. La mayor\u00eda de los casos han ocurrido en Mazatl\u00e1n y Culiac\u00e1n.<\/p>\n\n\n\n<p>Fuente: <a href=\"https:\/\/www.infobae.com\/mexico\/2024\/12\/11\/hubo-resultados-muy-importantes-destaca-sheinbaum-sobre-la-presencia-de-harfuch-en-sinaloa\/\">https:\/\/www.infobae.com\/mexico\/2024\/12\/11\/hubo-resultados-muy-importantes-destaca-sheinbaum-sobre-la-presencia-de-harfuch-en-sinaloa\/<\/a><\/p>\n","protected":false},"excerpt":{"rendered":"<p>El titular de la SSPC se reuni\u00f3 con el Gabinete de Seguridad debido a la violencia que se vive en [&hellip;]<\/p>\n","protected":false},"author":1,"featured_media":91990,"comment_status":"open","ping_status":"open","sticky":false,"template":"","format":"standard","meta":{"site-sidebar-layout":"default","site-content-layout":"","ast-site-content-layout":"default","site-content-style":"default","site-sidebar-style":"default","ast-global-header-display":"","ast-banner-title-visibility":"","ast-main-header-display":"","ast-hfb-above-header-display":"","ast-hfb-below-header-display":"","ast-hfb-mobile-header-display":"","site-post-title":"","ast-breadcrumbs-content":"","ast-featured-img":"","footer-sml-layout":"","theme-transparent-header-meta":"","adv-header-id-meta":"","stick-header-meta":"","header-above-stick-meta":"","header-main-stick-meta":"","header-below-stick-meta":"","astra-migrate-meta-layouts":"default","ast-page-background-enabled":"default","ast-page-background-meta":{"desktop":{"background-color":"var(--ast-global-color-4)","background-image":"","background-repeat":"repeat","background-position":"center center","background-size":"auto","background-attachment":"scroll","background-type":"","background-media":"","overlay-type":"","overlay-color":"","overlay-opacity":"","overlay-gradient":""},"tablet":{"background-color":"","background-image":"","background-repeat":"repeat","background-position":"center center","background-size":"auto","background-attachment":"scroll","background-type":"","background-media":"","overlay-type":"","overlay-color":"","overlay-opacity":"","overlay-gradient":""},"mobile":{"background-color":"","background-image":"","background-repeat":"repeat","background-position":"center center","background-size":"auto","background-attachment":"scroll","background-type":"","background-media":"","overlay-type":"","overlay-color":"","overlay-opacity":"","overlay-gradient":""}},"ast-content-background-meta":{"desktop":{"background-color":"var(--ast-global-color-5)","background-image":"","background-repeat":"repeat","background-position":"center center","background-size":"auto","background-attachment":"scroll","background-type":"","background-media":"","overlay-type":"","overlay-color":"","overlay-opacity":"","overlay-gradient":""},"tablet":{"background-color":"var(--ast-global-color-5)","background-image":"","background-repeat":"repeat","background-position":"center center","background-size":"auto","background-attachment":"scroll","background-type":"","background-media":"","overlay-type":"","overlay-color":"","overlay-opacity":"","overlay-gradient":""},"mobile":{"background-color":"var(--ast-global-color-5)","background-image":"","background-repeat":"repeat","background-position":"center center","background-size":"auto","background-attachment":"scroll","background-type":"","background-media":"","overlay-type":"","overlay-color":"","overlay-opacity":"","overlay-gradient":""}},"footnotes":""},"categories":[8],"tags":[12105,4110,30135],"class_list":["post-91989","post","type-post","status-publish","format-standard","has-post-thumbnail","hentry","category-noticias","tag-omar-garcia-harfuch","tag-sspc","tag-violencia-sinaloa"],"_links":{"self":[{"href":"https:\/\/losperiodistas.com.mx\/portal\/wp-json\/wp\/v2\/posts\/91989","targetHints":{"allow":["GET"]}}],"collection":[{"href":"https:\/\/losperiodistas.com.mx\/portal\/wp-json\/wp\/v2\/posts"}],"about":[{"href":"https:\/\/losperiodistas.com.mx\/portal\/wp-json\/wp\/v2\/types\/post"}],"author":[{"embeddable":true,"href":"https:\/\/losperiodistas.com.mx\/portal\/wp-json\/wp\/v2\/users\/1"}],"replies":[{"embeddable":true,"href":"https:\/\/losperiodistas.com.mx\/portal\/wp-json\/wp\/v2\/comments?post=91989"}],"version-history":[{"count":1,"href":"https:\/\/losperiodistas.com.mx\/portal\/wp-json\/wp\/v2\/posts\/91989\/revisions"}],"predecessor-version":[{"id":91991,"href":"https:\/\/losperiodistas.com.mx\/portal\/wp-json\/wp\/v2\/posts\/91989\/revisions\/91991"}],"wp:featuredmedia":[{"embeddable":true,"href":"https:\/\/losperiodistas.com.mx\/portal\/wp-json\/wp\/v2\/media\/91990"}],"wp:attachment":[{"href":"https:\/\/losperiodistas.com.mx\/portal\/wp-json\/wp\/v2\/media?parent=91989"}],"wp:term":[{"taxonomy":"category","embeddable":true,"href":"https:\/\/losperiodistas.com.mx\/portal\/wp-json\/wp\/v2\/categories?post=91989"},{"taxonomy":"post_tag","embeddable":true,"href":"https:\/\/losperiodistas.com.mx\/portal\/wp-json\/wp\/v2\/tags?post=91989"}],"curies":[{"name":"wp","href":"https:\/\/api.w.org\/{rel}","templated":true}]}}