{"id":91864,"date":"2024-12-09T05:48:39","date_gmt":"2024-12-09T11:48:39","guid":{"rendered":"https:\/\/losperiodistas.com.mx\/portal\/?p=91864"},"modified":"2024-12-09T05:48:41","modified_gmt":"2024-12-09T11:48:41","slug":"opinion-estos-celos-me-hacen-dano-me-enloquecen","status":"publish","type":"post","link":"https:\/\/losperiodistas.com.mx\/portal\/opinion-estos-celos-me-hacen-dano-me-enloquecen\/","title":{"rendered":"Opini\u00f3n | Estos celos me hacen da\u00f1o, me enloquecen"},"content":{"rendered":"\n<p class=\"has-medium-font-size\">Imaginen una escena bonita, de telenovela poblana, Vicente Fern\u00e1ndez, creado con IA, al frente cantando y de fondo, la sala de regidores del Ayuntamiento de Puebla\u2026<\/p>\n\n\n\n<figure class=\"wp-block-image size-large\"><img fetchpriority=\"high\" decoding=\"async\" width=\"1024\" height=\"576\" src=\"https:\/\/losperiodistas.com.mx\/portal\/wp-content\/uploads\/2024\/12\/Imaginan-a-Vicente-Fernandez-cantando-en-la-sala-de-regidores-estos-celos-me-hacen-dano-me-enloquecen-1024x576.webp\" alt=\"\" class=\"wp-image-91865\" srcset=\"https:\/\/losperiodistas.com.mx\/portal\/wp-content\/uploads\/2024\/12\/Imaginan-a-Vicente-Fernandez-cantando-en-la-sala-de-regidores-estos-celos-me-hacen-dano-me-enloquecen-1024x576.webp 1024w, https:\/\/losperiodistas.com.mx\/portal\/wp-content\/uploads\/2024\/12\/Imaginan-a-Vicente-Fernandez-cantando-en-la-sala-de-regidores-estos-celos-me-hacen-dano-me-enloquecen-300x169.webp 300w, https:\/\/losperiodistas.com.mx\/portal\/wp-content\/uploads\/2024\/12\/Imaginan-a-Vicente-Fernandez-cantando-en-la-sala-de-regidores-estos-celos-me-hacen-dano-me-enloquecen-768x432.webp 768w, https:\/\/losperiodistas.com.mx\/portal\/wp-content\/uploads\/2024\/12\/Imaginan-a-Vicente-Fernandez-cantando-en-la-sala-de-regidores-estos-celos-me-hacen-dano-me-enloquecen.webp 1200w\" sizes=\"(max-width: 1024px) 100vw, 1024px\" \/><\/figure>\n\n\n\n<p><\/p>\n\n\n\n<p class=\"has-vivid-red-color has-text-color has-link-color wp-elements-25a5bbaea526825844669e12dcd7e005\" style=\"font-size:26px\"><strong><em>Por Itandehui Rodr\u00edguez \/ Mon\u00f3logos de M\u00e9nade<\/em><\/strong><\/p>\n\n\n\n<p><a href=\"http:\/\/@Itandehui_RoMa\">@Itandehui_RoMa<\/a><\/p>\n\n\n\n<p>Los celos son malos consejeros y que nadie trate de convencerles de que son un indicativo de amor o de inter\u00e9s porque los celos son malos y son malos siempre. Por eso el gran fil\u00f3sofo y charro de Huentit\u00e1n, Vicente Fern\u00e1ndez, cantaba: estos celos me hacen da\u00f1o, me enloquecen.<\/p>\n\n\n\n<p>\u00bfRecuerdan la canci\u00f3n?<\/p>\n\n\n\n<p>Hay un par de estrofas de la canci\u00f3n que me van a ayudar a dar el contexto de este mon\u00f3logo chismos\u00f3n:<\/p>\n\n\n\n<p>Te mir\u00e9<br>Me confundi\u00f3 el llanto<br>Que rod\u00f3<br>Surgi\u00f3 una esperanza, pero no<\/p>\n\n\n\n<p>No, ya no hay amor<br>No, y fue mi error<br>Y hoy muero de pensar<br>Que no voy a hacer yo al que vas a amar<\/p>\n\n\n\n<p>Estos celos me hacen da\u00f1o, me enloquecen<br>Jam\u00e1s aprender\u00e9 a vivir sin t\u00ed\u2026<\/p>\n\n\n\n<p>\u00bfNo les ha pasado que se siente un nudo en la garganta cu\u00e1ndo piensan a objeto de su afecto con otra persona?<\/p>\n\n\n\n<p>A m\u00ed hace varios a\u00f1os que no, como ya les cont\u00e9 me enamoro en tres d\u00edas, el amor me dura quince y me desenamoro en cuesti\u00f3n de horas, pero, no todos tienen mi superpoder.<\/p>\n\n\n\n<p>Hay quienes sufren, observan desde lejos y hasta mandan a investigar o piden informes de las actividades del ser amado.<\/p>\n\n\n\n<p>\u00a1Ay, dolor, ya me volviste a dar!<\/p>\n\n\n\n<p>Toda esta perorata es para contarles que hay alguien que sufre por los pasillos de la sala de regidores.<\/p>\n\n\n\n<p>Alguien que observa con dolor y desconcierto detr\u00e1s de la fuente de un inmueble del centro de Puebla, la capital imparable.<\/p>\n\n\n\n<p>\u00bfRecuerdan el meme de&nbsp;<em>Juanga<\/em>&nbsp;y la palmera? Pues hagan de cuenta que as\u00ed.<\/p>\n\n\n\n<figure class=\"wp-block-image\"><img decoding=\"async\" src=\"https:\/\/www.apartadomex.com\/wp-content\/uploads\/2024\/12\/Juanga-en-la-sala-de-regidores-de-Puebla-Capital-1024x576.webp\" alt=\"Juanga en la sala de regidores de Puebla Capital\" class=\"wp-image-69366\"\/><figcaption class=\"wp-element-caption\">Juanga en la sala de regidores de Puebla Capital<\/figcaption><\/figure>\n\n\n\n<p>Dicen los que dicen que saben, que este pol\u00edtico sufre en silencio y no es para menos.<\/p>\n\n\n\n<p>A m\u00ed tambi\u00e9n me doler\u00eda el corazoncito.<\/p>\n\n\n\n<p>Cuentan que el dolor no lo ha inmovilizado. Y es que dicen los que dicen que saben, que su asesor jur\u00eddico deambula por las oficinas de otro regidor,&nbsp;<a href=\"https:\/\/www.youtube.com\/watch?v=W-tjJczpNCY\">como si fuera el&nbsp;<em>Agente P<\/em>&nbsp;\u2014Perry de Phineas y Ferb\u2014<\/a>&nbsp;preguntando por el paradero de otro integrante del Cabildo.<\/p>\n\n\n\n<p>Te recomendamos leer:&nbsp;<a href=\"https:\/\/www.apartadomex.com\/opinion\/monologos-de-menade\/bruce-rosales-el-batman-poblano-vs-la-delincuencia\/69018\/\">Bruce Rosales, el Batman poblano vs. la delincuencia<\/a>.<\/p>\n\n\n\n<p>Llega a las oficinas de este regidor con cualquier pretexto, pregunta por \u00e9l como si tuviera algo importante que acordar, pero se retira sin pedir que comuniquen sobre su visita al titular. Y es que en realidad va a verificar si se encuentra en su despacho o no.<\/p>\n\n\n\n<p>Y es que las lenguas viperinas le llevan chismes a su jefe y le hablan al o\u00eddo.<\/p>\n\n\n\n<p>\u00a1Deber\u00eda ser yo y no \u00e9l! \u2014se repite cada vez que se entera de los privilegios que goza uno de sus compa\u00f1eros.<\/p>\n\n\n\n<p>Pues s\u00ed, tiene raz\u00f3n\u2026 lamentablemente nunca falta qui\u00e9n provoque que le hierva la sangre al saber que no es el favorito.<\/p>\n\n\n\n<p>Nunca falta qui\u00e9n le informe que la camioneta de Pepe Chedraui pasa por la Sala de Regidores.<\/p>\n\n\n\n<p>En m\u00faltiples ocasiones el veh\u00edculo aparca afuera de las oficinas y alguien se monta en \u00e9l.<\/p>\n\n\n\n<p>El veh\u00edculo solo se detiene por una persona.<\/p>\n\n\n\n<p>\u00bfPor qu\u00e9 \u00e9l y no yo? \u00bfPor qu\u00e9? \u00a1\u00c9l es panista! \u2014cuestiona una y otra vez.<\/p>\n\n\n\n<p>En efecto, tienen raz\u00f3n, el personaje que despierta los celos del coordinador de regidores del Cabildo de Puebla, Gabriel Biestro, es Carlos Montiel.<\/p>\n\n\n\n<p>Pepe Chedraui, nuestro se\u00f1or alcalde capitalino pasa por la Sala de Regidores para que Carlos le acompa\u00f1e en los trayectos y escasas ocasiones ha invitado al morenista.<\/p>\n\n\n\n<p>Ese privilegio est\u00e1 reservado para Montiel.<\/p>\n\n\n\n<p>Nos encontraremos pronto en otro chismesito monologuero.<\/p>\n\n\n\n<p>Estos celos me hacen da\u00f1o, me enloquecen\u2026<\/p>\n\n\n\n<p><\/p>\n","protected":false},"excerpt":{"rendered":"<p>Imaginen una escena bonita, de telenovela poblana, Vicente Fern\u00e1ndez, creado con IA, al frente cantando y de fondo, la sala [&hellip;]<\/p>\n","protected":false},"author":1,"featured_media":91865,"comment_status":"open","ping_status":"open","sticky":false,"template":"","format":"standard","meta":{"site-sidebar-layout":"default","site-content-layout":"","ast-site-content-layout":"default","site-content-style":"default","site-sidebar-style":"default","ast-global-header-display":"","ast-banner-title-visibility":"","ast-main-header-display":"","ast-hfb-above-header-display":"","ast-hfb-below-header-display":"","ast-hfb-mobile-header-display":"","site-post-title":"","ast-breadcrumbs-content":"","ast-featured-img":"","footer-sml-layout":"","theme-transparent-header-meta":"","adv-header-id-meta":"","stick-header-meta":"","header-above-stick-meta":"","header-main-stick-meta":"","header-below-stick-meta":"","astra-migrate-meta-layouts":"default","ast-page-background-enabled":"default","ast-page-background-meta":{"desktop":{"background-color":"var(--ast-global-color-4)","background-image":"","background-repeat":"repeat","background-position":"center center","background-size":"auto","background-attachment":"scroll","background-type":"","background-media":"","overlay-type":"","overlay-color":"","overlay-opacity":"","overlay-gradient":""},"tablet":{"background-color":"","background-image":"","background-repeat":"repeat","background-position":"center center","background-size":"auto","background-attachment":"scroll","background-type":"","background-media":"","overlay-type":"","overlay-color":"","overlay-opacity":"","overlay-gradient":""},"mobile":{"background-color":"","background-image":"","background-repeat":"repeat","background-position":"center center","background-size":"auto","background-attachment":"scroll","background-type":"","background-media":"","overlay-type":"","overlay-color":"","overlay-opacity":"","overlay-gradient":""}},"ast-content-background-meta":{"desktop":{"background-color":"var(--ast-global-color-5)","background-image":"","background-repeat":"repeat","background-position":"center center","background-size":"auto","background-attachment":"scroll","background-type":"","background-media":"","overlay-type":"","overlay-color":"","overlay-opacity":"","overlay-gradient":""},"tablet":{"background-color":"var(--ast-global-color-5)","background-image":"","background-repeat":"repeat","background-position":"center center","background-size":"auto","background-attachment":"scroll","background-type":"","background-media":"","overlay-type":"","overlay-color":"","overlay-opacity":"","overlay-gradient":""},"mobile":{"background-color":"var(--ast-global-color-5)","background-image":"","background-repeat":"repeat","background-position":"center center","background-size":"auto","background-attachment":"scroll","background-type":"","background-media":"","overlay-type":"","overlay-color":"","overlay-opacity":"","overlay-gradient":""}},"footnotes":""},"categories":[8,22],"tags":[33983,755,14193],"class_list":["post-91864","post","type-post","status-publish","format-standard","has-post-thumbnail","hentry","category-noticias","category-opinion-invitada","tag-carlos-solana-montiel","tag-gabriel-biestro","tag-pepe-chedraui"],"_links":{"self":[{"href":"https:\/\/losperiodistas.com.mx\/portal\/wp-json\/wp\/v2\/posts\/91864","targetHints":{"allow":["GET"]}}],"collection":[{"href":"https:\/\/losperiodistas.com.mx\/portal\/wp-json\/wp\/v2\/posts"}],"about":[{"href":"https:\/\/losperiodistas.com.mx\/portal\/wp-json\/wp\/v2\/types\/post"}],"author":[{"embeddable":true,"href":"https:\/\/losperiodistas.com.mx\/portal\/wp-json\/wp\/v2\/users\/1"}],"replies":[{"embeddable":true,"href":"https:\/\/losperiodistas.com.mx\/portal\/wp-json\/wp\/v2\/comments?post=91864"}],"version-history":[{"count":1,"href":"https:\/\/losperiodistas.com.mx\/portal\/wp-json\/wp\/v2\/posts\/91864\/revisions"}],"predecessor-version":[{"id":91866,"href":"https:\/\/losperiodistas.com.mx\/portal\/wp-json\/wp\/v2\/posts\/91864\/revisions\/91866"}],"wp:featuredmedia":[{"embeddable":true,"href":"https:\/\/losperiodistas.com.mx\/portal\/wp-json\/wp\/v2\/media\/91865"}],"wp:attachment":[{"href":"https:\/\/losperiodistas.com.mx\/portal\/wp-json\/wp\/v2\/media?parent=91864"}],"wp:term":[{"taxonomy":"category","embeddable":true,"href":"https:\/\/losperiodistas.com.mx\/portal\/wp-json\/wp\/v2\/categories?post=91864"},{"taxonomy":"post_tag","embeddable":true,"href":"https:\/\/losperiodistas.com.mx\/portal\/wp-json\/wp\/v2\/tags?post=91864"}],"curies":[{"name":"wp","href":"https:\/\/api.w.org\/{rel}","templated":true}]}}