{"id":91861,"date":"2024-12-09T05:43:10","date_gmt":"2024-12-09T11:43:10","guid":{"rendered":"https:\/\/losperiodistas.com.mx\/portal\/?p=91861"},"modified":"2024-12-09T05:43:12","modified_gmt":"2024-12-09T11:43:12","slug":"golpe-del-gobierno-mexicano-al-narco-detienen-al-tesorero-de-los-chapitos-abc","status":"publish","type":"post","link":"https:\/\/losperiodistas.com.mx\/portal\/golpe-del-gobierno-mexicano-al-narco-detienen-al-tesorero-de-los-chapitos-abc\/","title":{"rendered":"Golpe del gobierno mexicano al narco: detienen al tesorero de Los Chapitos | ABC"},"content":{"rendered":"\n<h2 class=\"wp-block-heading\">Aunque el presidente Biden reconoce el esfuerzo de Clauda Sheinbaum en la lucha contra el tr\u00e1fico de fentanilo, la violencia no cesa en Sinaloa<\/h2>\n\n\n\n<h2 class=\"wp-block-heading has-medium-font-size\"><a href=\"https:\/\/www.abc.es\/internacional\/mexico-bajo-amenaza-narcoterrorismo-sicarios-asesinan-empresario-20241205123511-nt.html\">M\u00e9xico, bajo la amenaza del &#8216;narcoterrorismo&#8217;: sicarios asesinan a un empresario en un centro comercial de la capital<\/a><\/h2>\n\n\n\n<h2 class=\"wp-block-heading\"><\/h2>\n\n\n\n<figure class=\"wp-block-image\"><img decoding=\"async\" src=\"https:\/\/s1.abcstatics.com\/abc\/www\/multimedia\/internacional\/2024\/12\/08\/narco-R46vBM6vlWp0hQYO9SUUJqN-1200x840@diario_abc.jpg\" alt=\"Dos miembros de la Guardia Nacional de M\u00e9xico, tras un ataque del c\u00e1rtel de Sinaloa en Culiac\u00e1n\"\/><\/figure>\n\n\n\n<p>Dos miembros de la Guardia Nacional de M\u00e9xico, tras un ataque del c\u00e1rtel de Sinaloa en Culiac\u00e1n&nbsp;AFP<\/p>\n\n\n\n<p class=\"has-vivid-red-color has-text-color has-link-color has-medium-font-size wp-elements-0dd0866a325d5fcc873a596a3da77920\"><strong><a href=\"https:\/\/www.abc.es\/autor\/milton-merlo-6609\/\">Milton Merlo<\/a> \/ ABC<\/strong><\/p>\n\n\n\n<p>Corresponsal en Ciudad de M\u00e9xico<\/p>\n\n\n\n<p><a href=\"javascript:void(0)\"><\/a><\/p>\n\n\n\n<p>El gobierno mexicano ha asestado un duro golpe a<a href=\"https:\/\/www.abc.es\/internacional\/ultimo-hijo-libre-chapo-toma-mando-narco-20240901165630-nt.html\">&nbsp;Iv\u00e1n Archibaldo Guzm\u00e1n<\/a>, hijo de Joaqu\u00edn &#8216;El Chapo&#8217; Guzm\u00e1n y capo de Los Chapitos, una de las facciones del c\u00e1rtel de Sinaloa. El 6 de diciembre tuvo lugar el arresto de&nbsp;<strong>Horacio F\u00e9lix Loaiza<\/strong>, encargado de las finanzas del grupo criminal y del pago de los salarios de sus cientos de colaboradores, esp\u00edas y sicarios.<\/p>\n\n\n\n<p>En el mismo procedimiento realizado en&nbsp;<strong>Culiac\u00e1n, capital de Sinaloa<\/strong>, se detuvo tambi\u00e9n a Omar F\u00e9lix Loaiza, hermano del tesorero y jefe de la estrategia militar de&nbsp;<a href=\"https:\/\/www.abc.es\/internacional\/jefe-cartel-sinaloa-desvela-carta-vinculos-gobernador-20240811182034-nt.html\">Los Chapitos<\/a>&nbsp;en su contienda contra la facci\u00f3n de Los Mayos, hijos y familiares de Ismael &#8216;Mayo&#8217; Zambada, arrestado el pasado mes de julio y ya en prisi\u00f3n en Estados Unidos.<\/p>\n\n\n\n<p>La detenci\u00f3n de los hermanos Loaiza llega en la misma semana en la que\u00a0<a href=\"https:\/\/www.abc.es\/internacional\/golpe-trafico-fentanilo-gobierno-mexicano-decomisa-1500-20241204081638-nt.html\">el Gobierno de Claudia Sheinbaum<\/a>\u00a0logr\u00f3 el mayor decomiso hist\u00f3rico de fentanilo en el norte de Sinaloa. Las fuerzas de seguridad aseguraron m\u00e1s de un mill\u00f3n de pastillas de esa droga letal.Noticia Relacionada<\/p>\n\n\n\n<p>M\u00e9xico y Canad\u00e1, que en teor\u00eda gozan de un tratado de libre comercio, se ven ante impuestos del 25% a a sus ventas<\/p>\n\n\n\n<p>El arresto del tesorero es clave por la informaci\u00f3n que \u00e9ste pueda facilitar a las autoridades, que se encuentran ahora en una&nbsp;<strong>estrategia de combatir las aristas empresariales y financieras<\/strong>&nbsp;del narco en M\u00e9xico.<\/p>\n\n\n\n<p>El s\u00e1bado el presidente de Estados Unidos, Joe Biden, felicit\u00f3 a Sheinbaum por los avances en el combate al tr\u00e1fico de fentanilo y ha dicho que las muertes en su pa\u00eds, como consecuencia de dicho flagelo, han disminuido un 14% en el \u00faltimo a\u00f1o.<\/p>\n\n\n\n<h3 class=\"wp-block-heading\">Otra visi\u00f3n<\/h3>\n\n\n\n<p>En esa cuesti\u00f3n Biden marca as\u00ed otro contrapunto con el presidente electo Donald Trump, que tiene una visi\u00f3n pesimista de los resultados de la guerra contra los opioides, por lo que amenaza tanto a M\u00e9xico como a Canad\u00e1 con imponer aranceles.<\/p>\n\n\n\n<p>Estos<a href=\"https:\/\/www.abc.es\/internacional\/violencia-dispara-mexico-dias-gobierno-sheinbaum-20241125042107-nt.html\">&nbsp;avances del gobierno mexicano tambi\u00e9n exhiben claroscuros<\/a>. La violencia en el estado de Sinaloa no cesa producto de la guerra interna del c\u00e1rtel. Cada d\u00eda se registran homicidios, tiroteos y nuevos casos de desaparecidos. La sociedad vive en una suerte de toque de queda autoimpuesto y ya a partir de las seis de la tarde los habitantes de Culiac\u00e1n no abandonan sus hogares. Los grandes eventos previstos en la ciudad se suspenden o se realizan con muy poco p\u00fablico: esta semana el fen\u00f3meno fue visible en partidos de b\u00e9isbol, que es la gran pasi\u00f3n de sinaloenses, donde los estadios aparecieron desolados, casi sin asistencia, a pesar de que la liga del Pac\u00edfico ingreso en sus momentos decisivos.<\/p>\n\n\n\n<p>Esa transformaci\u00f3n de la vida social ha fulminado a la econom\u00eda y los empresarios sinaloenses han comenzado a viajar a la Ciudad de M\u00e9xico para pedirle a Sheinbaum alg\u00fan tipo de apoyo como deducciones impositivas o rebajas en los costos de electricidad. Por ahora la presidenta dice que el principal apoyo es el que se brinda en el combate al crimen organizado.<\/p>\n\n\n\n<p>Fuente: <a href=\"https:\/\/www.abc.es\/internacional\/golpe-gobierno-mexicano-narco-detienen-tesorero-chapitos-20241208041412-nt.html\">https:\/\/www.abc.es\/internacional\/golpe-gobierno-mexicano-narco-detienen-tesorero-chapitos-20241208041412-nt.html<\/a><\/p>\n\n\n\n<p><\/p>\n","protected":false},"excerpt":{"rendered":"<p>Aunque el presidente Biden reconoce el esfuerzo de Clauda Sheinbaum en la lucha contra el tr\u00e1fico de fentanilo, la violencia [&hellip;]<\/p>\n","protected":false},"author":1,"featured_media":91862,"comment_status":"open","ping_status":"open","sticky":false,"template":"","format":"standard","meta":{"site-sidebar-layout":"default","site-content-layout":"","ast-site-content-layout":"default","site-content-style":"default","site-sidebar-style":"default","ast-global-header-display":"","ast-banner-title-visibility":"","ast-main-header-display":"","ast-hfb-above-header-display":"","ast-hfb-below-header-display":"","ast-hfb-mobile-header-display":"","site-post-title":"","ast-breadcrumbs-content":"","ast-featured-img":"","footer-sml-layout":"","theme-transparent-header-meta":"","adv-header-id-meta":"","stick-header-meta":"","header-above-stick-meta":"","header-main-stick-meta":"","header-below-stick-meta":"","astra-migrate-meta-layouts":"default","ast-page-background-enabled":"default","ast-page-background-meta":{"desktop":{"background-color":"var(--ast-global-color-4)","background-image":"","background-repeat":"repeat","background-position":"center center","background-size":"auto","background-attachment":"scroll","background-type":"","background-media":"","overlay-type":"","overlay-color":"","overlay-opacity":"","overlay-gradient":""},"tablet":{"background-color":"","background-image":"","background-repeat":"repeat","background-position":"center center","background-size":"auto","background-attachment":"scroll","background-type":"","background-media":"","overlay-type":"","overlay-color":"","overlay-opacity":"","overlay-gradient":""},"mobile":{"background-color":"","background-image":"","background-repeat":"repeat","background-position":"center center","background-size":"auto","background-attachment":"scroll","background-type":"","background-media":"","overlay-type":"","overlay-color":"","overlay-opacity":"","overlay-gradient":""}},"ast-content-background-meta":{"desktop":{"background-color":"var(--ast-global-color-5)","background-image":"","background-repeat":"repeat","background-position":"center center","background-size":"auto","background-attachment":"scroll","background-type":"","background-media":"","overlay-type":"","overlay-color":"","overlay-opacity":"","overlay-gradient":""},"tablet":{"background-color":"var(--ast-global-color-5)","background-image":"","background-repeat":"repeat","background-position":"center center","background-size":"auto","background-attachment":"scroll","background-type":"","background-media":"","overlay-type":"","overlay-color":"","overlay-opacity":"","overlay-gradient":""},"mobile":{"background-color":"var(--ast-global-color-5)","background-image":"","background-repeat":"repeat","background-position":"center center","background-size":"auto","background-attachment":"scroll","background-type":"","background-media":"","overlay-type":"","overlay-color":"","overlay-opacity":"","overlay-gradient":""}},"footnotes":""},"categories":[8],"tags":[33982,33981,33980],"class_list":["post-91861","post","type-post","status-publish","format-standard","has-post-thumbnail","hentry","category-noticias","tag-golper-al-narco-mexicano","tag-horacio-felix-loaiza","tag-texorero-de-los-chapitos"],"_links":{"self":[{"href":"https:\/\/losperiodistas.com.mx\/portal\/wp-json\/wp\/v2\/posts\/91861","targetHints":{"allow":["GET"]}}],"collection":[{"href":"https:\/\/losperiodistas.com.mx\/portal\/wp-json\/wp\/v2\/posts"}],"about":[{"href":"https:\/\/losperiodistas.com.mx\/portal\/wp-json\/wp\/v2\/types\/post"}],"author":[{"embeddable":true,"href":"https:\/\/losperiodistas.com.mx\/portal\/wp-json\/wp\/v2\/users\/1"}],"replies":[{"embeddable":true,"href":"https:\/\/losperiodistas.com.mx\/portal\/wp-json\/wp\/v2\/comments?post=91861"}],"version-history":[{"count":1,"href":"https:\/\/losperiodistas.com.mx\/portal\/wp-json\/wp\/v2\/posts\/91861\/revisions"}],"predecessor-version":[{"id":91863,"href":"https:\/\/losperiodistas.com.mx\/portal\/wp-json\/wp\/v2\/posts\/91861\/revisions\/91863"}],"wp:featuredmedia":[{"embeddable":true,"href":"https:\/\/losperiodistas.com.mx\/portal\/wp-json\/wp\/v2\/media\/91862"}],"wp:attachment":[{"href":"https:\/\/losperiodistas.com.mx\/portal\/wp-json\/wp\/v2\/media?parent=91861"}],"wp:term":[{"taxonomy":"category","embeddable":true,"href":"https:\/\/losperiodistas.com.mx\/portal\/wp-json\/wp\/v2\/categories?post=91861"},{"taxonomy":"post_tag","embeddable":true,"href":"https:\/\/losperiodistas.com.mx\/portal\/wp-json\/wp\/v2\/tags?post=91861"}],"curies":[{"name":"wp","href":"https:\/\/api.w.org\/{rel}","templated":true}]}}