{"id":91545,"date":"2024-12-02T18:46:38","date_gmt":"2024-12-03T00:46:38","guid":{"rendered":"http:\/\/losperiodistas.com.mx\/portal\/?p=91545"},"modified":"2024-12-02T18:46:40","modified_gmt":"2024-12-03T00:46:40","slug":"productos-que-eu-importa-de-mexico-y-podrian-verse-afectados-por-impuestos","status":"publish","type":"post","link":"https:\/\/losperiodistas.com.mx\/portal\/productos-que-eu-importa-de-mexico-y-podrian-verse-afectados-por-impuestos\/","title":{"rendered":"Estos son los 10 productos que Estados Unidos importa de M\u00e9xico y que podr\u00edan verse afectados por impuestos | Infobae"},"content":{"rendered":"\n<p>La relaci\u00f3n comercial entre ambos pa\u00edses, que alcanz\u00f3 cifras r\u00e9cord recientemente, enfrenta tensiones que podr\u00edan encarecer recursos fundamentales para el mercado estadounidense<\/p>\n\n\n\n<figure class=\"wp-block-image size-large\"><img fetchpriority=\"high\" decoding=\"async\" width=\"1024\" height=\"588\" src=\"https:\/\/losperiodistas.com.mx\/portal\/wp-content\/uploads\/2024\/12\/Captura-de-pantalla-2024-12-02-182941-1024x588.png\" alt=\"productos afectados por impuestos\" class=\"wp-image-91546\" srcset=\"https:\/\/losperiodistas.com.mx\/portal\/wp-content\/uploads\/2024\/12\/Captura-de-pantalla-2024-12-02-182941-1024x588.png 1024w, https:\/\/losperiodistas.com.mx\/portal\/wp-content\/uploads\/2024\/12\/Captura-de-pantalla-2024-12-02-182941-300x172.png 300w, https:\/\/losperiodistas.com.mx\/portal\/wp-content\/uploads\/2024\/12\/Captura-de-pantalla-2024-12-02-182941-768x441.png 768w, https:\/\/losperiodistas.com.mx\/portal\/wp-content\/uploads\/2024\/12\/Captura-de-pantalla-2024-12-02-182941.png 1236w\" sizes=\"(max-width: 1024px) 100vw, 1024px\" \/><figcaption class=\"wp-element-caption\">Las medidas podr\u00edan encarecer bienes clave para el mercado estadounidense. (ENRIQUE ORD\u00d3\u00d1EZ\/CUARTOSCURO.COM)<\/figcaption><\/figure>\n\n\n\n<p class=\"has-vivid-red-color has-text-color has-link-color wp-elements-78eca4ba2fd006174be702edca53a846\">Maricielo Grados C\u00f3rdova \/ Infobae<\/p>\n\n\n\n<p><strong>M\u00e9xico<\/strong>, principal socio comercial de <strong>Estados Unidos<\/strong> en 2023, podr\u00eda enfrentar un impacto significativo si el presidente electo <strong>Donald Trump<\/strong> concreta su amenaza de imponer <strong>aranceles<\/strong> de hasta el 25% a las importaciones provenientes de M\u00e9xico. La medida, que tambi\u00e9n afectar\u00eda a Canad\u00e1 y China, amenaza con alterar la estabilidad del comercio en <strong>Am\u00e9rica del Norte<\/strong> y perjudicar sectores estrat\u00e9gicos de la econom\u00eda mexicana.<\/p>\n\n\n\n<p>El comercio entre M\u00e9xico y <strong>Estados Unidos<\/strong> alcanz\u00f3 cifras r\u00e9cord en 2023, consolidando a M\u00e9xico como el principal exportador a su vecino del norte, seg\u00fan datos de la <strong>Secretar\u00eda de Econom\u00eda<\/strong> (<em>SE<\/em>). Cerca del 80% de las exportaciones mexicanas tienen como destino el mercado estadounidense, lo que subraya la fuerte dependencia de la econom\u00eda mexicana hacia esta relaci\u00f3n comercial.<\/p>\n\n\n\n<p>Entre los principales productos que M\u00e9xico exporta a Estados Unidos se encuentran <strong>veh\u00edculos<\/strong>, componentes electr\u00f3nicos, frutas y <strong>bebidas alcoh\u00f3licas<\/strong>, sectores que podr\u00edan sufrir p\u00e9rdidas importantes si los grav\u00e1menes se implementan. Adem\u00e1s, expertos se\u00f1alan que la medida no solo afectar\u00eda a M\u00e9xico, sino tambi\u00e9n a las <strong>cadenas de suministro<\/strong> estadounidenses, que dependen de la integraci\u00f3n de ambos mercados.<\/p>\n\n\n\n<figure class=\"wp-block-image size-large\"><img decoding=\"async\" width=\"1024\" height=\"546\" src=\"https:\/\/losperiodistas.com.mx\/portal\/wp-content\/uploads\/2024\/12\/Captura-de-pantalla-2024-12-02-183448-1024x546.png\" alt=\"Veh\u00edculos\" class=\"wp-image-91547\" srcset=\"https:\/\/losperiodistas.com.mx\/portal\/wp-content\/uploads\/2024\/12\/Captura-de-pantalla-2024-12-02-183448-1024x546.png 1024w, https:\/\/losperiodistas.com.mx\/portal\/wp-content\/uploads\/2024\/12\/Captura-de-pantalla-2024-12-02-183448-300x160.png 300w, https:\/\/losperiodistas.com.mx\/portal\/wp-content\/uploads\/2024\/12\/Captura-de-pantalla-2024-12-02-183448-768x409.png 768w, https:\/\/losperiodistas.com.mx\/portal\/wp-content\/uploads\/2024\/12\/Captura-de-pantalla-2024-12-02-183448.png 1118w\" sizes=\"(max-width: 1024px) 100vw, 1024px\" \/><figcaption class=\"wp-element-caption\">Veh\u00edculos, maquinaria y frutas destacan entre los productos en peligro. (Imagen Ilustrativa Infobae)<\/figcaption><\/figure>\n\n\n\n<h2 class=\"wp-block-heading\">\u00bfCu\u00e1les son los productos que M\u00e9xico exporta m\u00e1s a Estados Unidos?<\/h2>\n\n\n\n<p>De acuerdo con la <em>SE<\/em>, los 10 principales productos que M\u00e9xico exporta a <strong>Estados Unidos<\/strong> sumaron un valor estimado de 200,000 millones de d\u00f3lares en 2023. Estos bienes representan el 46% de todas las exportaciones mexicanas y abarcan sectores como la <strong>industria automotriz<\/strong>, la <strong>electr\u00f3nica<\/strong> y la <strong>agricultura<\/strong>.<\/p>\n\n\n\n<ul class=\"wp-block-list\">\n<li><strong>Autom\u00f3viles y camiones<\/strong>: M\u00e9xico es un exportador l\u00edder de <strong>veh\u00edculos terminados<\/strong>, destinados principalmente al mercado estadounidense.<\/li>\n\n\n\n<li><strong>Partes automotrices<\/strong>: motores, transmisiones y otros componentes fabricados en M\u00e9xico abastecen a las armadoras de <strong>Estados Unidos<\/strong>.<\/li>\n\n\n\n<li><strong>Televisores y dispositivos electr\u00f3nicos<\/strong>: M\u00e9xico es un proveedor clave de productos tecnol\u00f3gicos, incluidos televisores y tel\u00e9fonos inteligentes.<\/li>\n\n\n\n<li><strong>Computadoras y accesorios<\/strong>: equipos de c\u00f3mputo y componentes electr\u00f3nicos para manufactura destacan en este rubro.<\/li>\n\n\n\n<li><strong>Maquinaria y equipo industrial<\/strong>: M\u00e9xico exporta bienes esenciales para las industrias de construcci\u00f3n y manufactura en <strong>Estados Unidos<\/strong>.<\/li>\n\n\n\n<li><strong>Frutas y vegetales frescos<\/strong>: aguacates, tomates y berries encabezan las exportaciones agr\u00edcolas mexicanas hacia <strong>Estados Unidos<\/strong>.<\/li>\n\n\n\n<li><strong>Cerveza y tequila<\/strong>: las <strong>bebidas alcoh\u00f3licas<\/strong>, como el tequila y la cerveza, generan ingresos significativos para el comercio bilateral.<\/li>\n\n\n\n<li><strong>Productos de panader\u00eda y confiter\u00eda<\/strong>: pasteles, galletas y productos similares representan otro segmento importante.<\/li>\n\n\n\n<li><strong>Muebles<\/strong>: fabricados en M\u00e9xico, los muebles generan m\u00e1s de 9,000 millones de d\u00f3lares en exportaciones.<\/li>\n\n\n\n<li><strong>Electrodom\u00e9sticos<\/strong>: desde refrigeradores hasta lavadoras, estos bienes tambi\u00e9n forman parte de la lista de exportaciones clave.<\/li>\n<\/ul>\n\n\n\n<figure class=\"wp-block-image size-full\"><img decoding=\"async\" width=\"986\" height=\"550\" src=\"https:\/\/losperiodistas.com.mx\/portal\/wp-content\/uploads\/2024\/12\/Captura-de-pantalla-2024-12-02-183649.png\" alt=\"Electrodom\u00e9sticos\" class=\"wp-image-91548\" srcset=\"https:\/\/losperiodistas.com.mx\/portal\/wp-content\/uploads\/2024\/12\/Captura-de-pantalla-2024-12-02-183649.png 986w, https:\/\/losperiodistas.com.mx\/portal\/wp-content\/uploads\/2024\/12\/Captura-de-pantalla-2024-12-02-183649-300x167.png 300w, https:\/\/losperiodistas.com.mx\/portal\/wp-content\/uploads\/2024\/12\/Captura-de-pantalla-2024-12-02-183649-768x428.png 768w\" sizes=\"(max-width: 986px) 100vw, 986px\" \/><figcaption class=\"wp-element-caption\">Los sectores automotriz, agr\u00edcola y tecnol\u00f3gico ser\u00edan los m\u00e1s afectados. (Imagen Ilustrativa Infobae)<\/figcaption><\/figure>\n\n\n\n<h2 class=\"wp-block-heading\">Impacto en la industria automotriz por los posibles aranceles<\/h2>\n\n\n\n<p>El sector <strong>automotriz<\/strong>, que lidera las exportaciones mexicanas, ser\u00eda uno de los m\u00e1s afectados. Seg\u00fan la <em>Asociaci\u00f3n Mexicana de la Industria Automotriz (AMIA)<\/em>, los <strong>aranceles<\/strong> propuestos encarecer\u00edan significativamente los <strong>veh\u00edculos<\/strong> fabricados en M\u00e9xico, lo que afectar\u00eda tanto a las armadoras estadounidenses como a los consumidores en ambos pa\u00edses.<\/p>\n\n\n\n<p>Empresas como <strong>Ford<\/strong>, <strong>General Motors<\/strong> y <strong>Stellantis<\/strong>, que dependen de plantas mexicanas para producir autom\u00f3viles a precios competitivos, enfrentar\u00edan un aumento en sus costos operativos, lo que podr\u00eda traducirse en una reducci\u00f3n de su competitividad en el mercado global.<\/p>\n\n\n\n<h2 class=\"wp-block-heading\">Exportaciones de frutas y vegetales desde M\u00e9xico a Estados Unidos<\/h2>\n\n\n\n<p>El sector agr\u00edcola mexicano tambi\u00e9n figura entre los m\u00e1s vulnerables. De acuerdo con cifras del <em>Departamento de Agricultura de Estados Unidos<\/em>, M\u00e9xico es el principal proveedor de frutas y vegetales frescos en el pa\u00eds, con exportaciones valoradas en 12,000 millones de d\u00f3lares en 2023. Los productos como aguacates y tomates son fundamentales para el mercado estadounidense, especialmente en los estados fronterizos.<\/p>\n\n\n\n<p>Si se implementan los <strong>aranceles<\/strong>, los costos de estos productos podr\u00edan aumentar, afectando tanto a productores mexicanos como a consumidores estadounidenses, que dependen de estas importaciones para satisfacer la demanda local.<\/p>\n\n\n\n<figure class=\"wp-block-image size-full\"><img loading=\"lazy\" decoding=\"async\" width=\"984\" height=\"545\" src=\"https:\/\/losperiodistas.com.mx\/portal\/wp-content\/uploads\/2024\/12\/Captura-de-pantalla-2024-12-02-183858.png\" alt=\"alimentos frescos\" class=\"wp-image-91549\" srcset=\"https:\/\/losperiodistas.com.mx\/portal\/wp-content\/uploads\/2024\/12\/Captura-de-pantalla-2024-12-02-183858.png 984w, https:\/\/losperiodistas.com.mx\/portal\/wp-content\/uploads\/2024\/12\/Captura-de-pantalla-2024-12-02-183858-300x166.png 300w, https:\/\/losperiodistas.com.mx\/portal\/wp-content\/uploads\/2024\/12\/Captura-de-pantalla-2024-12-02-183858-768x425.png 768w\" sizes=\"(max-width: 984px) 100vw, 984px\" \/><figcaption class=\"wp-element-caption\">M\u00e9xico es el principal proveedor de alimentos frescos para Estados Unidos. (Imagen Ilustrativa Infobae)<\/figcaption><\/figure>\n\n\n\n<h2 class=\"wp-block-heading\">Bebidas alcoh\u00f3licas y su relevancia en el comercio bilateral<\/h2>\n\n\n\n<p>La exportaci\u00f3n de <strong>bebidas alcoh\u00f3licas<\/strong>, especialmente <strong>tequila<\/strong> y <strong>cerveza<\/strong>, gener\u00f3 ingresos por 3,500 millones de d\u00f3lares en 2023, seg\u00fan la <em>Asociaci\u00f3n Nacional de Exportadores de Bebidas de M\u00e9xico<\/em>. Este sector es especialmente importante debido al consumo creciente de estos productos en <strong>Estados Unidos<\/strong>.<\/p>\n\n\n\n<h2 class=\"wp-block-heading\">La postura del gobierno mexicano frente a los aranceles<\/h2>\n\n\n\n<p>En una conferencia de prensa reciente, el secretario de Econom\u00eda de M\u00e9xico, <strong>Marcelo Ebrard<\/strong>, subray\u00f3 que la imposici\u00f3n de <strong>aranceles<\/strong> afectar\u00eda directamente a las empresas estadounidenses que operan en M\u00e9xico. \u201cLo que se est\u00e1 planteando es gravar a las propias compa\u00f1\u00edas norteamericanas que producen en M\u00e9xico\u201d, afirm\u00f3 Ebrard, se\u00f1alando que la medida podr\u00eda tener consecuencias adversas para ambos pa\u00edses.<\/p>\n\n\n\n<p>Por su parte, la presidenta <strong>Claudia Sheinbaum<\/strong> enfatiz\u00f3 que M\u00e9xico est\u00e1 abierto al di\u00e1logo para evitar una guerra comercial que perjudique la estabilidad del <strong>T-MEC<\/strong>. En una llamada con Trump, Sheinbaum destac\u00f3 los esfuerzos del gobierno mexicano para atender la migraci\u00f3n irregular y combatir el tr\u00e1fico de <strong>fentanilo<\/strong>, temas vinculados por el presidente electo con los posibles <strong>aranceles<\/strong>.<\/p>\n\n\n\n<p>Fuente: <a href=\"https:\/\/www.infobae.com\/estados-unidos\/2024\/11\/29\/estos-son-los-10-productos-que-estados-unidos-importa-de-mexico-y-que-podrian-verse-afectados-por-impuestos\/\" target=\"_blank\" rel=\"noreferrer noopener\">Infobae<\/a><\/p>\n","protected":false},"excerpt":{"rendered":"<p>La relaci\u00f3n comercial entre ambos pa\u00edses, que alcanz\u00f3 cifras r\u00e9cord recientemente, enfrenta tensiones que podr\u00edan encarecer recursos fundamentales para el mercado estadounidense<\/p>\n","protected":false},"author":1,"featured_media":91546,"comment_status":"open","ping_status":"open","sticky":false,"template":"","format":"standard","meta":{"site-sidebar-layout":"default","site-content-layout":"","ast-site-content-layout":"default","site-content-style":"default","site-sidebar-style":"default","ast-global-header-display":"","ast-banner-title-visibility":"","ast-main-header-display":"","ast-hfb-above-header-display":"","ast-hfb-below-header-display":"","ast-hfb-mobile-header-display":"","site-post-title":"","ast-breadcrumbs-content":"","ast-featured-img":"","footer-sml-layout":"","theme-transparent-header-meta":"","adv-header-id-meta":"","stick-header-meta":"","header-above-stick-meta":"","header-main-stick-meta":"","header-below-stick-meta":"","astra-migrate-meta-layouts":"default","ast-page-background-enabled":"default","ast-page-background-meta":{"desktop":{"background-color":"var(--ast-global-color-4)","background-image":"","background-repeat":"repeat","background-position":"center center","background-size":"auto","background-attachment":"scroll","background-type":"","background-media":"","overlay-type":"","overlay-color":"","overlay-opacity":"","overlay-gradient":""},"tablet":{"background-color":"","background-image":"","background-repeat":"repeat","background-position":"center center","background-size":"auto","background-attachment":"scroll","background-type":"","background-media":"","overlay-type":"","overlay-color":"","overlay-opacity":"","overlay-gradient":""},"mobile":{"background-color":"","background-image":"","background-repeat":"repeat","background-position":"center center","background-size":"auto","background-attachment":"scroll","background-type":"","background-media":"","overlay-type":"","overlay-color":"","overlay-opacity":"","overlay-gradient":""}},"ast-content-background-meta":{"desktop":{"background-color":"var(--ast-global-color-5)","background-image":"","background-repeat":"repeat","background-position":"center center","background-size":"auto","background-attachment":"scroll","background-type":"","background-media":"","overlay-type":"","overlay-color":"","overlay-opacity":"","overlay-gradient":""},"tablet":{"background-color":"var(--ast-global-color-5)","background-image":"","background-repeat":"repeat","background-position":"center center","background-size":"auto","background-attachment":"scroll","background-type":"","background-media":"","overlay-type":"","overlay-color":"","overlay-opacity":"","overlay-gradient":""},"mobile":{"background-color":"var(--ast-global-color-5)","background-image":"","background-repeat":"repeat","background-position":"center center","background-size":"auto","background-attachment":"scroll","background-type":"","background-media":"","overlay-type":"","overlay-color":"","overlay-opacity":"","overlay-gradient":""}},"footnotes":""},"categories":[8],"tags":[17118,5257,4025,2193],"class_list":["post-91545","post","type-post","status-publish","format-standard","has-post-thumbnail","hentry","category-noticias","tag-aranceles","tag-donald-trump","tag-estados-unidos","tag-mexico"],"_links":{"self":[{"href":"https:\/\/losperiodistas.com.mx\/portal\/wp-json\/wp\/v2\/posts\/91545","targetHints":{"allow":["GET"]}}],"collection":[{"href":"https:\/\/losperiodistas.com.mx\/portal\/wp-json\/wp\/v2\/posts"}],"about":[{"href":"https:\/\/losperiodistas.com.mx\/portal\/wp-json\/wp\/v2\/types\/post"}],"author":[{"embeddable":true,"href":"https:\/\/losperiodistas.com.mx\/portal\/wp-json\/wp\/v2\/users\/1"}],"replies":[{"embeddable":true,"href":"https:\/\/losperiodistas.com.mx\/portal\/wp-json\/wp\/v2\/comments?post=91545"}],"version-history":[{"count":1,"href":"https:\/\/losperiodistas.com.mx\/portal\/wp-json\/wp\/v2\/posts\/91545\/revisions"}],"predecessor-version":[{"id":91550,"href":"https:\/\/losperiodistas.com.mx\/portal\/wp-json\/wp\/v2\/posts\/91545\/revisions\/91550"}],"wp:featuredmedia":[{"embeddable":true,"href":"https:\/\/losperiodistas.com.mx\/portal\/wp-json\/wp\/v2\/media\/91546"}],"wp:attachment":[{"href":"https:\/\/losperiodistas.com.mx\/portal\/wp-json\/wp\/v2\/media?parent=91545"}],"wp:term":[{"taxonomy":"category","embeddable":true,"href":"https:\/\/losperiodistas.com.mx\/portal\/wp-json\/wp\/v2\/categories?post=91545"},{"taxonomy":"post_tag","embeddable":true,"href":"https:\/\/losperiodistas.com.mx\/portal\/wp-json\/wp\/v2\/tags?post=91545"}],"curies":[{"name":"wp","href":"https:\/\/api.w.org\/{rel}","templated":true}]}}