{"id":91107,"date":"2024-11-26T04:03:48","date_gmt":"2024-11-26T10:03:48","guid":{"rendered":"https:\/\/losperiodistas.com.mx\/portal\/?p=91107"},"modified":"2024-11-26T04:03:50","modified_gmt":"2024-11-26T10:03:50","slug":"hr-ratings-cambia-de-estable-a-negativa-la-perspectiva-de-la-calificacion-de-mexico-hacienda-ve-panorama-positivo-animal-politico","status":"publish","type":"post","link":"https:\/\/losperiodistas.com.mx\/portal\/hr-ratings-cambia-de-estable-a-negativa-la-perspectiva-de-la-calificacion-de-mexico-hacienda-ve-panorama-positivo-animal-politico\/","title":{"rendered":"HR Ratings cambia de estable a negativa la perspectiva de la calificaci\u00f3n de M\u00e9xico; Hacienda ve panorama positivo | Animal Pol\u00edtico"},"content":{"rendered":"\n<p class=\"has-medium-font-size\">HR Ratings explic\u00f3 que el cambio en la perspectiva de estable a negativa es resultado del deterioro en sus estimaciones de crecimiento econ\u00f3mico en 2024 y 2025 para M\u00e9xico.<\/p>\n\n\n\n<figure class=\"wp-block-image size-large\"><img fetchpriority=\"high\" decoding=\"async\" width=\"1024\" height=\"683\" src=\"https:\/\/losperiodistas.com.mx\/portal\/wp-content\/uploads\/2024\/11\/calificacion-mexico-hr-ratings-pib-economia-1024x683.webp\" alt=\"\" class=\"wp-image-91108\" srcset=\"https:\/\/losperiodistas.com.mx\/portal\/wp-content\/uploads\/2024\/11\/calificacion-mexico-hr-ratings-pib-economia-1024x683.webp 1024w, https:\/\/losperiodistas.com.mx\/portal\/wp-content\/uploads\/2024\/11\/calificacion-mexico-hr-ratings-pib-economia-300x200.webp 300w, https:\/\/losperiodistas.com.mx\/portal\/wp-content\/uploads\/2024\/11\/calificacion-mexico-hr-ratings-pib-economia-768x512.webp 768w, https:\/\/losperiodistas.com.mx\/portal\/wp-content\/uploads\/2024\/11\/calificacion-mexico-hr-ratings-pib-economia.webp 1200w\" sizes=\"(max-width: 1024px) 100vw, 1024px\" \/><figcaption class=\"wp-element-caption\">Foto: Cuartoscuro\/Archivo<\/figcaption><\/figure>\n\n\n\n<p><\/p>\n\n\n\n<p class=\"has-vivid-red-color has-text-color has-link-color has-medium-font-size wp-elements-937eebc7740c0c3d93ad07e86c9527e3\"><strong>Redacci\u00f3n Animal Pol\u00edtico<\/strong><\/p>\n\n\n\n<p><a href=\"https:\/\/www.animalpolitico.com\/sociedad\/moodys-calificacion-mexico-crediticia-reforma-judicial\"><\/a><\/p>\n\n\n\n<p>La&nbsp;<strong>agencia HR Ratings<\/strong>&nbsp;anunci\u00f3 este lunes que&nbsp;<strong>cambi\u00f3 de estable a negativa la perspectiva para la nota soberana de M\u00e9xico<\/strong>&nbsp;debido a un ajuste a la baja de la estimaci\u00f3n de la calificadora para el crecimiento econ\u00f3mico del pa\u00eds para 2024 y el pr\u00f3ximo a\u00f1o. El 14 de noviembre pasado la&nbsp;<a href=\"https:\/\/animalpolitico.com\/sociedad\/moodys-calificacion-mexico-crediticia-reforma-judicial\" target=\"_blank\" rel=\"noreferrer noopener\">calificadora Moody\u2019s<\/a>&nbsp;tambi\u00e9n cambi\u00f3 a negativa su perspectiva.<\/p>\n\n\n\n<p><strong>HR Ratings<\/strong>&nbsp;mantuvo la calificaci\u00f3n de largo plazo para M\u00e9xico en HR BBB+ (G) y la nota en el corto plazo la dej\u00f3 en HR3 (G), de acuerdo con un comunicado divulgado este lunes. Si bien, la calificaci\u00f3n fue ratificada, una perspectiva negativa significa que podr\u00eda revisarse a la baja.<\/p>\n\n\n\n<p>\u201cEl&nbsp;<strong>cambio en la Perspectiva de Estable a Negativa<\/strong>&nbsp;es resultado del deterioro en nuestras estimaciones de crecimiento econ\u00f3mico en 2024 y 2025 para M\u00e9xico, as\u00ed como de nuestra expectativa de una&nbsp;<strong>reducci\u00f3n m\u00e1s lenta del d\u00e9ficit fiscal para 2025<\/strong>, respecto a lo estimado por la Secretar\u00eda de Hacienda (Hacienda), lo cual podr\u00eda presionar la deuda neta como proporci\u00f3n del Producto Interno Bruto (PIB)\u201d, sostuvo HR Ratings.<\/p>\n\n\n\n<p>Lee |&nbsp;<a href=\"https:\/\/animalpolitico.com\/internacional\/trump-impondra-cobro-aranceles-importaciones-mexico-canada\" target=\"_blank\" rel=\"noreferrer noopener\">Trump impondr\u00e1 cobro de aranceles del 25% en todas las importaciones de M\u00e9xico y Canad\u00e1<\/a><\/p>\n\n\n\n<p><\/p>\n\n\n\n<figure class=\"wp-block-image\" id=\"attachment_1474790\"><img decoding=\"async\" src=\"https:\/\/ap-cdn.sfo3.cdn.digitaloceanspaces.com\/uploads\/2024\/11\/calificacion-mexico-hr-ratings-pib-economia-1.jpg\" alt=\"calificacion-mexico-hr-ratings-pib-economia\" class=\"wp-image-1474790\"\/><figcaption class=\"wp-element-caption\">Foto: Cuartoscuro\/Archivo<\/figcaption><\/figure>\n\n\n\n<p><strong>HR Ratings prev\u00e9 que para 2024 el crecimiento del Producto Interno Bruto<\/strong>&nbsp;(PIB) sea de 1.4% y para 2025 una expansi\u00f3n de la econom\u00eda de 1.1%. Este pron\u00f3stico es menor a lo estimado por Hacienda en sus Criterios General de Pol\u00edtica Econ\u00f3mica donde prev\u00e9 un crecimiento de 2.1% y 2.3% para 2024 y 2025, respectivamente.<\/p>\n\n\n\n<p>\u201cLa reducci\u00f3n en nuestra expectativa de crecimiento para el soberano (M\u00e9xico) es resultado del&nbsp;<strong>comportamiento negativo que ha mostrado la actividad industrial<\/strong>&nbsp;durante los \u00faltimos doce meses, especialmente por el menor dinamismo del sector de la construcci\u00f3n, adem\u00e1s de una desaceleraci\u00f3n del sector manufacturero y una menor demanda externa\u201d, detall\u00f3.<\/p>\n\n\n\n<h2 class=\"wp-block-heading\">Efecto Trump en la econom\u00eda mexicana, seg\u00fan previsiones de HR Ratings<\/h2>\n\n\n\n<p>Adem\u00e1s, la llegada del republicano&nbsp;<strong>Donald Trump<\/strong>&nbsp;a la presidencia de Estados Unidos en enero de 2025 podr\u00eda afectar el comercio entre M\u00e9xico y ese pa\u00eds, lo que impactar\u00eda negativamente en el crecimiento de la econom\u00eda mexicana, agreg\u00f3.<\/p>\n\n\n\n<p>\u201cEl cambio de administraci\u00f3n esperado en<strong>&nbsp;enero de 2025 en Estados Unidos<\/strong>&nbsp;podr\u00eda llevar a un deterioro en la relaci\u00f3n comercial con el principal socio comercial de M\u00e9xico, y por lo tanto continuar afectando negativamente el comportamiento del desempe\u00f1o econ\u00f3mico\u201d, explic\u00f3 HR Ratings en su reporte.<\/p>\n\n\n\n<p>Lee m\u00e1s |&nbsp;<a href=\"https:\/\/animalpolitico.com\/politica\/mexico-presupuesto-2025-deficit\" target=\"_blank\" rel=\"noreferrer noopener\">M\u00e9xico busca disminuir d\u00e9ficit con Presupuesto 2025, explica secretario de Hacienda; cotizan solo 3.9 % de deuda<\/a><\/p>\n\n\n\n<p>Este lunes, el presidente electo&nbsp;<a href=\"https:\/\/animalpolitico.com\/internacional\/trump-impondra-cobro-aranceles-importaciones-mexico-canada\" target=\"_blank\" rel=\"noreferrer noopener\">Trump amenaz\u00f3 a M\u00e9xico con imponer un arancel de 25 % a los productos mexicanos<\/a>&nbsp;que ingresen a Estados Unidos como parte de sus primeras acciones cuando asuma el poder en la Casa Blanca.<\/p>\n\n\n\n<p>\u201cEl 20 de enero, como una de mis primeras \u00f3rdenes ejecutivas, firmar\u00e9 todos los documentos necesarios para c<strong>obrar a M\u00e9xico y Canad\u00e1 un arancel del 25% sobre todos los productos que entren en Estados Unidos<\/strong>&nbsp;y sus rid\u00edculas fronteras abiertas\u201d, escrib\u00f3 Trump.<\/p>\n\n\n\n<p>\u201cMiles de personas est\u00e1n cruzando M\u00e9xico y Canad\u00e1, trayendo delincuencia y drogas a niveles nunca antes vistos\u201d, a\u00f1adi\u00f3.<\/p>\n\n\n\n<p>Adem\u00e1s,<strong>&nbsp;HR Ratings<\/strong>&nbsp;consider\u00f3 como positiva la propuesta de&nbsp;<strong>reducci\u00f3n del d\u00e9ficit fiscal en 2025<\/strong>&nbsp;planteada por el Ejecutivo, pero considera que es dif\u00edcil mantener en el largo plazo&nbsp; esa reducci\u00f3n sin que existan efectos negativos en el desempe\u00f1o econ\u00f3mico de M\u00e9xico.<\/p>\n\n\n\n<p>La&nbsp;<a href=\"https:\/\/animalpolitico.com\/internacional\/trump-impondra-cobro-aranceles-importaciones-mexico-canada\" target=\"_blank\" rel=\"noreferrer noopener\">agencia Moody\u2019s<\/a>&nbsp;decidi\u00f3 el 14 de noviembre pasado cambiar la perspectiva de las calificaciones del gobierno de M\u00e9xico, pero las mantiene en Baa2, ante un debilitamiento en el planteamiento de pol\u00edticas que pueden socavar los resultados fiscales y econ\u00f3micos.<\/p>\n\n\n\n<figure class=\"wp-block-image\" id=\"attachment_1474789\"><a href=\"https:\/\/www.seedtag.com\/?utm_source=seedtag_publisher&amp;utm_medium=seedtag_tag&amp;utm_campaign=tag\" target=\"_blank\" rel=\"noreferrer noopener\"><img decoding=\"async\" src=\"https:\/\/ap-cdn.sfo3.cdn.digitaloceanspaces.com\/uploads\/2024\/11\/calificacion-mexico-hr-ratings-pib-economia-2.jpg\" alt=\"calificacion-mexico-hr-ratings-pib-economia\" class=\"wp-image-1474789\"\/><\/a><figcaption class=\"wp-element-caption\">Foto: Cuartoscuro\/Archivo<\/figcaption><\/figure>\n\n\n\n<h2 class=\"wp-block-heading\">Hacienda ve \u201cpanorama positivo\u201d para econom\u00eda mexicana<\/h2>\n\n\n\n<p>Despu\u00e9s del anuncio de HR Ratings, la Secretar\u00eda de Hacienda encabezada por&nbsp;<a href=\"https:\/\/animalpolitico.com\/politica\/diputados-pacto-fiscal-hacienda\" target=\"_blank\" rel=\"noreferrer noopener\">Rogelio Ram\u00edrez de la O d<\/a>ijo que el panorama de crecimiento econ\u00f3mico para M\u00e9xico \u201ces positivo\u201d.<\/p>\n\n\n\n<p>Ent\u00e9rate |&nbsp;<a href=\"https:\/\/animalpolitico.com\/sociedad\/hacienda-impuestos-recorte-salud-energia\" target=\"_blank\" rel=\"noreferrer noopener\">Hacienda descarta aumentos en impuestos y recorte en salud; reconoce p\u00e9rdidas de 490 mmdp en sector energ\u00e9tico<\/a><\/p>\n\n\n\n<p>\u201cEl panorama de crecimiento para M\u00e9xico es positivo, dado que los choques de oferta han comenzado a disminuir y la producci\u00f3n industrial ha mostrado un mejor dinamismo desde la segunda mitad del a\u00f1o. Por tal motivo, nuestro pron\u00f3stico de crecimiento, presentado en el Paquete Econ\u00f3mico para 2025, se mantiene entre 2% y 3%, sustentado en la fortaleza de la demanda interna, el apoyo de los programas sociales y la inversi\u00f3n en sectores estrat\u00e9gicos\u201d, sostuvo Hacienda en un comunicado.<\/p>\n\n\n\n<p>Fuente: <a href=\"https:\/\/www.animalpolitico.com\/sociedad\/calificacion-mexico-hr-ratings-pib-economia\">https:\/\/www.animalpolitico.com\/sociedad\/calificacion-mexico-hr-ratings-pib-economia<\/a><\/p>\n","protected":false},"excerpt":{"rendered":"<p>HR Ratings explic\u00f3 que el cambio en la perspectiva de estable a negativa es resultado del deterioro en sus estimaciones [&hellip;]<\/p>\n","protected":false},"author":1,"featured_media":91108,"comment_status":"open","ping_status":"open","sticky":false,"template":"","format":"standard","meta":{"site-sidebar-layout":"default","site-content-layout":"","ast-site-content-layout":"default","site-content-style":"default","site-sidebar-style":"default","ast-global-header-display":"","ast-banner-title-visibility":"","ast-main-header-display":"","ast-hfb-above-header-display":"","ast-hfb-below-header-display":"","ast-hfb-mobile-header-display":"","site-post-title":"","ast-breadcrumbs-content":"","ast-featured-img":"","footer-sml-layout":"","theme-transparent-header-meta":"","adv-header-id-meta":"","stick-header-meta":"","header-above-stick-meta":"","header-main-stick-meta":"","header-below-stick-meta":"","astra-migrate-meta-layouts":"default","ast-page-background-enabled":"default","ast-page-background-meta":{"desktop":{"background-color":"var(--ast-global-color-4)","background-image":"","background-repeat":"repeat","background-position":"center center","background-size":"auto","background-attachment":"scroll","background-type":"","background-media":"","overlay-type":"","overlay-color":"","overlay-opacity":"","overlay-gradient":""},"tablet":{"background-color":"","background-image":"","background-repeat":"repeat","background-position":"center center","background-size":"auto","background-attachment":"scroll","background-type":"","background-media":"","overlay-type":"","overlay-color":"","overlay-opacity":"","overlay-gradient":""},"mobile":{"background-color":"","background-image":"","background-repeat":"repeat","background-position":"center center","background-size":"auto","background-attachment":"scroll","background-type":"","background-media":"","overlay-type":"","overlay-color":"","overlay-opacity":"","overlay-gradient":""}},"ast-content-background-meta":{"desktop":{"background-color":"var(--ast-global-color-5)","background-image":"","background-repeat":"repeat","background-position":"center center","background-size":"auto","background-attachment":"scroll","background-type":"","background-media":"","overlay-type":"","overlay-color":"","overlay-opacity":"","overlay-gradient":""},"tablet":{"background-color":"var(--ast-global-color-5)","background-image":"","background-repeat":"repeat","background-position":"center center","background-size":"auto","background-attachment":"scroll","background-type":"","background-media":"","overlay-type":"","overlay-color":"","overlay-opacity":"","overlay-gradient":""},"mobile":{"background-color":"var(--ast-global-color-5)","background-image":"","background-repeat":"repeat","background-position":"center center","background-size":"auto","background-attachment":"scroll","background-type":"","background-media":"","overlay-type":"","overlay-color":"","overlay-opacity":"","overlay-gradient":""}},"footnotes":""},"categories":[8],"tags":[33473,33471,33472],"class_list":["post-91107","post","type-post","status-publish","format-standard","has-post-thumbnail","hentry","category-noticias","tag-calificadora-moodys-2","tag-hr-ratings","tag-perspectiva-negativa"],"_links":{"self":[{"href":"https:\/\/losperiodistas.com.mx\/portal\/wp-json\/wp\/v2\/posts\/91107","targetHints":{"allow":["GET"]}}],"collection":[{"href":"https:\/\/losperiodistas.com.mx\/portal\/wp-json\/wp\/v2\/posts"}],"about":[{"href":"https:\/\/losperiodistas.com.mx\/portal\/wp-json\/wp\/v2\/types\/post"}],"author":[{"embeddable":true,"href":"https:\/\/losperiodistas.com.mx\/portal\/wp-json\/wp\/v2\/users\/1"}],"replies":[{"embeddable":true,"href":"https:\/\/losperiodistas.com.mx\/portal\/wp-json\/wp\/v2\/comments?post=91107"}],"version-history":[{"count":1,"href":"https:\/\/losperiodistas.com.mx\/portal\/wp-json\/wp\/v2\/posts\/91107\/revisions"}],"predecessor-version":[{"id":91109,"href":"https:\/\/losperiodistas.com.mx\/portal\/wp-json\/wp\/v2\/posts\/91107\/revisions\/91109"}],"wp:featuredmedia":[{"embeddable":true,"href":"https:\/\/losperiodistas.com.mx\/portal\/wp-json\/wp\/v2\/media\/91108"}],"wp:attachment":[{"href":"https:\/\/losperiodistas.com.mx\/portal\/wp-json\/wp\/v2\/media?parent=91107"}],"wp:term":[{"taxonomy":"category","embeddable":true,"href":"https:\/\/losperiodistas.com.mx\/portal\/wp-json\/wp\/v2\/categories?post=91107"},{"taxonomy":"post_tag","embeddable":true,"href":"https:\/\/losperiodistas.com.mx\/portal\/wp-json\/wp\/v2\/tags?post=91107"}],"curies":[{"name":"wp","href":"https:\/\/api.w.org\/{rel}","templated":true}]}}