{"id":91104,"date":"2024-11-26T03:57:05","date_gmt":"2024-11-26T09:57:05","guid":{"rendered":"https:\/\/losperiodistas.com.mx\/portal\/?p=91104"},"modified":"2024-11-26T03:57:07","modified_gmt":"2024-11-26T09:57:07","slug":"obispos-mexicanos-aclaran-que-no-se-ha-aprobado-ningun-rito-maya-aci","status":"publish","type":"post","link":"https:\/\/losperiodistas.com.mx\/portal\/obispos-mexicanos-aclaran-que-no-se-ha-aprobado-ningun-rito-maya-aci\/","title":{"rendered":"Obispos mexicanos aclaran que no se ha aprobado ning\u00fan \u201crito maya\u201d | ACI"},"content":{"rendered":"\n<figure class=\"wp-block-image size-full\"><img fetchpriority=\"high\" decoding=\"async\" width=\"672\" height=\"448\" src=\"https:\/\/losperiodistas.com.mx\/portal\/wp-content\/uploads\/2024\/11\/adapta251124.webp\" alt=\"\" class=\"wp-image-91105\" srcset=\"https:\/\/losperiodistas.com.mx\/portal\/wp-content\/uploads\/2024\/11\/adapta251124.webp 672w, https:\/\/losperiodistas.com.mx\/portal\/wp-content\/uploads\/2024\/11\/adapta251124-300x200.webp 300w\" sizes=\"(max-width: 672px) 100vw, 672px\" \/><figcaption class=\"wp-element-caption\">Celebraci\u00f3n de una Hora Santa en una comunidad ind\u00edgena. | Cr\u00e9dito: San Cristobal de las Casas<\/figcaption><\/figure>\n\n\n\n<p class=\"has-vivid-red-color has-text-color has-link-color has-medium-font-size wp-elements-e9c2388a79735d8903a364bddb36df64\"><strong>Diego L\u00f3pez Col\u00edn \/ ACI Prensa<\/strong><\/p>\n\n\n\n<p>Los obispos mexicanos desmintieron que se haya aprobado un \u00abrito maya\u00bb y aclararon que el Vaticano solo autoriz\u00f3 adaptaciones lit\u00fargicas espec\u00edficas para comunidades ind\u00edgenas de Chiapas.<\/p>\n\n\n\n<p>En un comunicado emitido este domingo, la Conferencia del Episcopado Mexicano (CEM) precis\u00f3 varios detalles sobre las recientes&nbsp;<a href=\"https:\/\/www.aciprensa.com\/noticias\/108457\/vaticano-aprueba-adaptaciones-liturgicas-para-comunidades-indigenas-en-mexico\" target=\"_blank\" rel=\"noreferrer noopener\">adaptaciones al Ordinario de la Misa<\/a>&nbsp;aprobadas por el Dicasterio para el Culto Divino y la Disciplina de los Sacramentos.<\/p>\n\n\n\n<h4 class=\"wp-block-heading\"><\/h4>\n\n\n\n<p>El pasado 8 de noviembre el Vaticano<a href=\"https:\/\/www.aciprensa.com\/pdf\/liturgia-indige1.pdf\" target=\"_blank\" rel=\"noreferrer noopener\">&nbsp;concedi\u00f3<\/a>&nbsp;el&nbsp;<em>recognitio<\/em>, avalando las \u201cadaptaciones al Ordinario de la Misa en lengua espa\u00f1ol\u201d para las etnias tseltal, tsotsil, ch\u2019ol, tojolabal y zoque de la Di\u00f3cesis de San Crist\u00f3bal de las Casas, ubicadas en el estado mexicano de Chiapas.<\/p>\n\n\n\n<p>Seg\u00fan el&nbsp;<a href=\"https:\/\/www.facebook.com\/CEPALIMEXICO\/posts\/595665089786424\" target=\"_blank\" rel=\"noreferrer noopener\">comunicado&nbsp;<\/a>de la CEM, no se aprob\u00f3 \u201cning\u00fan \u2018rito maya\u2019\u201d, \u201caltar maya\u201d, \u201coraciones a los puntos cardinales\u201d o \u201ccesi\u00f3n de la presidencia lit\u00fargica a personas laicas\u201d, desmintiendo informaciones que hab\u00edan circulado en los \u00faltimos d\u00edas.<\/p>\n\n\n\n<p>Los obispos aclararon que no se aprobaron \u201cdanzas rituales durante la celebraci\u00f3n\u201d, sino \u201cbalanceos r\u00edtmicos del cuerpo\u201d realizados por las comunidades ind\u00edgenas como expresi\u00f3n cultural leg\u00edtima.<\/p>\n\n\n\n<p>La CEM subray\u00f3 que estas adaptaciones \u201cno constituyen un nuevo rito ni una modificaci\u00f3n sustancial de la estructura de la Misa del Misal Romano\u201d y son aplicables exclusivamente a los pueblos originarios indicados y no para otras comunidades de fieles.&nbsp;<\/p>\n\n\n\n<h4 class=\"wp-block-heading\"><\/h4>\n\n\n\n<h2 class=\"wp-block-heading\"><strong>\u00bfQu\u00e9 aprob\u00f3 el Vaticano?&nbsp;<\/strong><\/h2>\n\n\n\n<p>Entre las autorizaciones concedidas por el Vaticano se encuentra el ministerio del \u201cPrincipal\u201d, una persona reconocida en su comunidad que act\u00faa como monitor en momentos espec\u00edficos de oraci\u00f3n.&nbsp;<\/p>\n\n\n\n<p>Seg\u00fan la CEM, el Principal \u201cinvita a la asamblea a orar en voz alta en algunos momentos de la celebraci\u00f3n\u201d, siempre bajo la invitaci\u00f3n del sacerdote que preside la Misa y sin asumir \u201cen ning\u00fan momento la presidencia lit\u00fargica\u201d.<\/p>\n\n\n\n<p>Otra modificaci\u00f3n aprobada es la \u201coraci\u00f3n de la asamblea moderada por el Principal\u201d, que se realiza en tres momentos: \u201cal inicio de la Misa, despu\u00e9s del saludo\u201d, \u201cdurante la oraci\u00f3n de los fieles\u201d y \u201cen la Acci\u00f3n de Gracias, despu\u00e9s de la Comuni\u00f3n\u201d.&nbsp;<\/p>\n\n\n\n<p>En este \u00faltimo caso, la oraci\u00f3n puede realizarse con movimiento corporal acompa\u00f1ado de m\u00fasica propia, el cual, de acuerdo al comunicado, \u201cno se trata de una danza ritual, sino de balanceos r\u00edtmicos del cuerpo\u201d.&nbsp;<\/p>\n\n\n\n<p>Tambi\u00e9n se autoriz\u00f3 el \u201cministerio de la incensaci\u00f3n\u201d, que permite a laicos designados por el obispo diocesano incorporar \u201cel uso tradicional del incienso propio de las comunidades\u201d.<\/p>\n\n\n\n<h2 class=\"wp-block-heading\"><strong>Contexto de las adaptaciones<\/strong><\/h2>\n\n\n\n<p>Seg\u00fan el comunicado, estas adaptaciones son el resultado de \u201cun cuidadoso proceso de discernimiento diocesano\u201d, que cont\u00f3 con el estudio y aprobaci\u00f3n de la Conferencia del Episcopado Mexicano (CEM), garantizando \u201crespeto tanto a la naturaleza de la liturgia como a las expresiones culturales leg\u00edtimas\u201d.<\/p>\n\n\n\n<p>La implementaci\u00f3n de estas adaptaciones, indicaron los obispos, ser\u00e1 facultativa y \u201cse llevar\u00e1 a cabo de manera gradual\u201d y con \u201cun seguimiento pastoral de su aplicaci\u00f3n\u201d. Para ello, se \u201cproporcionar\u00e1 la formaci\u00f3n necesaria a sacerdotes y agentes pastorales\u201d.<\/p>\n\n\n\n<p>El Cardenal Felipe Arizmendi Esquivel, quien lider\u00f3 los esfuerzos del Episcopado mexicano para impulsar estas adaptaciones, se\u00f1al\u00f3 en un mensaje compartido con ACI Prensa \u201cesto es muy significativo\u201d, pues es el segundo caso en toda la historia despu\u00e9s del Concilio Vaticano II en que se aprueban adaptaciones lit\u00fargicas; el otro fue para las Di\u00f3cesis del Zaire, en \u00c1frica.&nbsp;<\/p>\n\n\n\n<p>Fuente: <a href=\"https:\/\/www.aciprensa.com\/noticias\/108687\/obispos-mexicanos-no-se-aprobo-un-rito-maya\">https:\/\/www.aciprensa.com\/noticias\/108687\/obispos-mexicanos-no-se-aprobo-un-rito-maya<\/a><\/p>\n","protected":false},"excerpt":{"rendered":"<p>Diego L\u00f3pez Col\u00edn \/ ACI Prensa Los obispos mexicanos desmintieron que se haya aprobado un \u00abrito maya\u00bb y aclararon que [&hellip;]<\/p>\n","protected":false},"author":1,"featured_media":91105,"comment_status":"open","ping_status":"open","sticky":false,"template":"","format":"standard","meta":{"site-sidebar-layout":"default","site-content-layout":"","ast-site-content-layout":"default","site-content-style":"default","site-sidebar-style":"default","ast-global-header-display":"","ast-banner-title-visibility":"","ast-main-header-display":"","ast-hfb-above-header-display":"","ast-hfb-below-header-display":"","ast-hfb-mobile-header-display":"","site-post-title":"","ast-breadcrumbs-content":"","ast-featured-img":"","footer-sml-layout":"","theme-transparent-header-meta":"","adv-header-id-meta":"","stick-header-meta":"","header-above-stick-meta":"","header-main-stick-meta":"","header-below-stick-meta":"","astra-migrate-meta-layouts":"default","ast-page-background-enabled":"default","ast-page-background-meta":{"desktop":{"background-color":"var(--ast-global-color-4)","background-image":"","background-repeat":"repeat","background-position":"center center","background-size":"auto","background-attachment":"scroll","background-type":"","background-media":"","overlay-type":"","overlay-color":"","overlay-opacity":"","overlay-gradient":""},"tablet":{"background-color":"","background-image":"","background-repeat":"repeat","background-position":"center center","background-size":"auto","background-attachment":"scroll","background-type":"","background-media":"","overlay-type":"","overlay-color":"","overlay-opacity":"","overlay-gradient":""},"mobile":{"background-color":"","background-image":"","background-repeat":"repeat","background-position":"center center","background-size":"auto","background-attachment":"scroll","background-type":"","background-media":"","overlay-type":"","overlay-color":"","overlay-opacity":"","overlay-gradient":""}},"ast-content-background-meta":{"desktop":{"background-color":"var(--ast-global-color-5)","background-image":"","background-repeat":"repeat","background-position":"center center","background-size":"auto","background-attachment":"scroll","background-type":"","background-media":"","overlay-type":"","overlay-color":"","overlay-opacity":"","overlay-gradient":""},"tablet":{"background-color":"var(--ast-global-color-5)","background-image":"","background-repeat":"repeat","background-position":"center center","background-size":"auto","background-attachment":"scroll","background-type":"","background-media":"","overlay-type":"","overlay-color":"","overlay-opacity":"","overlay-gradient":""},"mobile":{"background-color":"var(--ast-global-color-5)","background-image":"","background-repeat":"repeat","background-position":"center center","background-size":"auto","background-attachment":"scroll","background-type":"","background-media":"","overlay-type":"","overlay-color":"","overlay-opacity":"","overlay-gradient":""}},"footnotes":""},"categories":[1],"tags":[33468,7196,33469,33470],"class_list":["post-91104","post","type-post","status-publish","format-standard","has-post-thumbnail","hentry","category-sin-categoria","tag-adaptaciones-liturgicas-indigenas","tag-cem","tag-diocesis-de-san-cristobal-de-las-casas","tag-falso-rito-maya"],"_links":{"self":[{"href":"https:\/\/losperiodistas.com.mx\/portal\/wp-json\/wp\/v2\/posts\/91104","targetHints":{"allow":["GET"]}}],"collection":[{"href":"https:\/\/losperiodistas.com.mx\/portal\/wp-json\/wp\/v2\/posts"}],"about":[{"href":"https:\/\/losperiodistas.com.mx\/portal\/wp-json\/wp\/v2\/types\/post"}],"author":[{"embeddable":true,"href":"https:\/\/losperiodistas.com.mx\/portal\/wp-json\/wp\/v2\/users\/1"}],"replies":[{"embeddable":true,"href":"https:\/\/losperiodistas.com.mx\/portal\/wp-json\/wp\/v2\/comments?post=91104"}],"version-history":[{"count":1,"href":"https:\/\/losperiodistas.com.mx\/portal\/wp-json\/wp\/v2\/posts\/91104\/revisions"}],"predecessor-version":[{"id":91106,"href":"https:\/\/losperiodistas.com.mx\/portal\/wp-json\/wp\/v2\/posts\/91104\/revisions\/91106"}],"wp:featuredmedia":[{"embeddable":true,"href":"https:\/\/losperiodistas.com.mx\/portal\/wp-json\/wp\/v2\/media\/91105"}],"wp:attachment":[{"href":"https:\/\/losperiodistas.com.mx\/portal\/wp-json\/wp\/v2\/media?parent=91104"}],"wp:term":[{"taxonomy":"category","embeddable":true,"href":"https:\/\/losperiodistas.com.mx\/portal\/wp-json\/wp\/v2\/categories?post=91104"},{"taxonomy":"post_tag","embeddable":true,"href":"https:\/\/losperiodistas.com.mx\/portal\/wp-json\/wp\/v2\/tags?post=91104"}],"curies":[{"name":"wp","href":"https:\/\/api.w.org\/{rel}","templated":true}]}}