{"id":91011,"date":"2024-11-24T22:33:52","date_gmt":"2024-11-25T04:33:52","guid":{"rendered":"http:\/\/losperiodistas.com.mx\/portal\/?p=91011"},"modified":"2024-11-24T22:33:54","modified_gmt":"2024-11-25T04:33:54","slug":"incautan-141-kilos-de-mentanfetamina-en-puerto-de-veracruz","status":"publish","type":"post","link":"https:\/\/losperiodistas.com.mx\/portal\/incautan-141-kilos-de-mentanfetamina-en-puerto-de-veracruz\/","title":{"rendered":"Golpe al narco; incautan 141 kilos de mentanfetamina en puerto de Veracruz | La Jornada"},"content":{"rendered":"\n<figure class=\"wp-block-image size-full\"><img fetchpriority=\"high\" decoding=\"async\" width=\"1021\" height=\"664\" src=\"https:\/\/losperiodistas.com.mx\/portal\/wp-content\/uploads\/2024\/11\/Captura-de-pantalla-2024-11-24-222946.png\" alt=\"Tercera Regi\u00f3n Naval\" class=\"wp-image-91012\" srcset=\"https:\/\/losperiodistas.com.mx\/portal\/wp-content\/uploads\/2024\/11\/Captura-de-pantalla-2024-11-24-222946.png 1021w, https:\/\/losperiodistas.com.mx\/portal\/wp-content\/uploads\/2024\/11\/Captura-de-pantalla-2024-11-24-222946-300x195.png 300w, https:\/\/losperiodistas.com.mx\/portal\/wp-content\/uploads\/2024\/11\/Captura-de-pantalla-2024-11-24-222946-768x499.png 768w\" sizes=\"(max-width: 1021px) 100vw, 1021px\" \/><figcaption class=\"wp-element-caption\">Personal de la Tercera Regi\u00f3n Naval en coordinaci\u00f3n con la Aduana Mar\u00edtima de Veracruz logr\u00f3 impedir la exportaci\u00f3n de la sustancia. @SEMAR_mx \/ Archivo<\/figcaption><\/figure>\n\n\n\n<p class=\"has-vivid-red-color has-text-color has-link-color wp-elements-d8ace0577df33144c006bfd7901140d9\">Redacci\u00f3n \/ La Jornada<\/p>\n\n\n\n<p>La Secretar\u00eda de Marina-Armada de M\u00e9xico (Semar) asegur\u00f3 este domingo 141 kilogramos de una sustancia s\u00f3lida con caracter\u00edsticas similares a la droga conocida como metanfetamina, que se encontraba oculta en rodillos met\u00e1licos para m\u00e1quina transportadora, en el Recinto Portuario de Veracruz.<\/p>\n\n\n\n<p>En un comunicado, precis\u00f3 que fue el personal de la Tercera Regi\u00f3n Naval en coordinaci\u00f3n con la Aduana Mar\u00edtima de Veracruz que logr\u00f3 impedir la exportaci\u00f3n de la sustancia.<\/p>\n\n\n\n<p><em>\u201cEsta acci\u00f3n se llev\u00f3 a cabo en d\u00edas pasados, derivado de una inspecci\u00f3n, donde al efectuar los protocolos correspondientes se detect\u00f3 incidencia en una tarja de exportaci\u00f3n que conten\u00eda rodillos met\u00e1licos, por lo que se determin\u00f3 realizar una inspecci\u00f3n no intrusiva por medio de esc\u00e1ner con equipo especializado y con los binomios caninos, los cuales modificaron su conducta al aproximarse a la mercanc\u00eda; posteriormente se llev\u00f3 a cabo una inspecci\u00f3n intrusiva para verificar el alertamiento\u201d<\/em>, explic\u00f3.<\/p>\n\n\n\n<p>La presunta droga qued\u00f3 en resguardo de la Marina, pero dio parte a la Fiscal\u00eda General de la Rep\u00fablica (FGR), la cual abri\u00f3 una carpeta para que se realicen las investigaciones y diligencias correspondientes.<\/p>\n\n\n\n<p>\u201cDe esta manera, la Secretar\u00eda de Marina a trav\u00e9s de la Armada de M\u00e9xico, contribuye a la suma de esfuerzos para combatir las actividades il\u00edcitas de la delincuencia organizada, mediante acciones coordinadas de los tres \u00f3rdenes de gobierno, aportando acciones contundentes para evitar la distribuci\u00f3n de droga por parte de grupos delictivos y as\u00ed apoyar al mantenimiento de la seguridad interior del pa\u00eds, adem\u00e1s de coadyuvar al combate del trasiego internacional de drogas desde puertos y costas mexicanas\u201d, expuso la Semar.<\/p>\n","protected":false},"excerpt":{"rendered":"<p>Redacci\u00f3n \/ La Jornada La Secretar\u00eda de Marina-Armada de M\u00e9xico (Semar) asegur\u00f3 este domingo 141 kilogramos de una sustancia s\u00f3lida [&hellip;]<\/p>\n","protected":false},"author":1,"featured_media":91012,"comment_status":"open","ping_status":"open","sticky":false,"template":"","format":"standard","meta":{"site-sidebar-layout":"default","site-content-layout":"","ast-site-content-layout":"default","site-content-style":"default","site-sidebar-style":"default","ast-global-header-display":"","ast-banner-title-visibility":"","ast-main-header-display":"","ast-hfb-above-header-display":"","ast-hfb-below-header-display":"","ast-hfb-mobile-header-display":"","site-post-title":"","ast-breadcrumbs-content":"","ast-featured-img":"","footer-sml-layout":"","theme-transparent-header-meta":"","adv-header-id-meta":"","stick-header-meta":"","header-above-stick-meta":"","header-main-stick-meta":"","header-below-stick-meta":"","astra-migrate-meta-layouts":"default","ast-page-background-enabled":"default","ast-page-background-meta":{"desktop":{"background-color":"var(--ast-global-color-4)","background-image":"","background-repeat":"repeat","background-position":"center center","background-size":"auto","background-attachment":"scroll","background-type":"","background-media":"","overlay-type":"","overlay-color":"","overlay-opacity":"","overlay-gradient":""},"tablet":{"background-color":"","background-image":"","background-repeat":"repeat","background-position":"center center","background-size":"auto","background-attachment":"scroll","background-type":"","background-media":"","overlay-type":"","overlay-color":"","overlay-opacity":"","overlay-gradient":""},"mobile":{"background-color":"","background-image":"","background-repeat":"repeat","background-position":"center center","background-size":"auto","background-attachment":"scroll","background-type":"","background-media":"","overlay-type":"","overlay-color":"","overlay-opacity":"","overlay-gradient":""}},"ast-content-background-meta":{"desktop":{"background-color":"var(--ast-global-color-5)","background-image":"","background-repeat":"repeat","background-position":"center center","background-size":"auto","background-attachment":"scroll","background-type":"","background-media":"","overlay-type":"","overlay-color":"","overlay-opacity":"","overlay-gradient":""},"tablet":{"background-color":"var(--ast-global-color-5)","background-image":"","background-repeat":"repeat","background-position":"center center","background-size":"auto","background-attachment":"scroll","background-type":"","background-media":"","overlay-type":"","overlay-color":"","overlay-opacity":"","overlay-gradient":""},"mobile":{"background-color":"var(--ast-global-color-5)","background-image":"","background-repeat":"repeat","background-position":"center center","background-size":"auto","background-attachment":"scroll","background-type":"","background-media":"","overlay-type":"","overlay-color":"","overlay-opacity":"","overlay-gradient":""}},"footnotes":""},"categories":[8],"tags":[3572,33392,33393,33394,11082],"class_list":["post-91011","post","type-post","status-publish","format-standard","has-post-thumbnail","hentry","category-noticias","tag-fgr","tag-golpe-al-narco","tag-mentanfetamina","tag-puerto-de-veracruz","tag-semar"],"_links":{"self":[{"href":"https:\/\/losperiodistas.com.mx\/portal\/wp-json\/wp\/v2\/posts\/91011","targetHints":{"allow":["GET"]}}],"collection":[{"href":"https:\/\/losperiodistas.com.mx\/portal\/wp-json\/wp\/v2\/posts"}],"about":[{"href":"https:\/\/losperiodistas.com.mx\/portal\/wp-json\/wp\/v2\/types\/post"}],"author":[{"embeddable":true,"href":"https:\/\/losperiodistas.com.mx\/portal\/wp-json\/wp\/v2\/users\/1"}],"replies":[{"embeddable":true,"href":"https:\/\/losperiodistas.com.mx\/portal\/wp-json\/wp\/v2\/comments?post=91011"}],"version-history":[{"count":1,"href":"https:\/\/losperiodistas.com.mx\/portal\/wp-json\/wp\/v2\/posts\/91011\/revisions"}],"predecessor-version":[{"id":91013,"href":"https:\/\/losperiodistas.com.mx\/portal\/wp-json\/wp\/v2\/posts\/91011\/revisions\/91013"}],"wp:featuredmedia":[{"embeddable":true,"href":"https:\/\/losperiodistas.com.mx\/portal\/wp-json\/wp\/v2\/media\/91012"}],"wp:attachment":[{"href":"https:\/\/losperiodistas.com.mx\/portal\/wp-json\/wp\/v2\/media?parent=91011"}],"wp:term":[{"taxonomy":"category","embeddable":true,"href":"https:\/\/losperiodistas.com.mx\/portal\/wp-json\/wp\/v2\/categories?post=91011"},{"taxonomy":"post_tag","embeddable":true,"href":"https:\/\/losperiodistas.com.mx\/portal\/wp-json\/wp\/v2\/tags?post=91011"}],"curies":[{"name":"wp","href":"https:\/\/api.w.org\/{rel}","templated":true}]}}