{"id":91005,"date":"2024-11-24T22:06:02","date_gmt":"2024-11-25T04:06:02","guid":{"rendered":"http:\/\/losperiodistas.com.mx\/portal\/?p=91005"},"modified":"2024-11-24T22:06:04","modified_gmt":"2024-11-25T04:06:04","slug":"imputan-a-maria-elena-martinez-por-asesinato-del-sindico-miguel-angel-lara","status":"publish","type":"post","link":"https:\/\/losperiodistas.com.mx\/portal\/imputan-a-maria-elena-martinez-por-asesinato-del-sindico-miguel-angel-lara\/","title":{"rendered":"Imputan a Mar\u00eda Elena Mart\u00ednez, alcaldesa de Amanalco, por el asesinato del s\u00edndico Miguel \u00c1ngel Lara | Infobae"},"content":{"rendered":"\n<p>La funcionaria fue detenida durante la Operaci\u00f3n Enjambre y est\u00e1 se\u00f1alada por tener v\u00ednculos con el crimen organizado<\/p>\n\n\n\n<figure class=\"wp-block-image size-large\"><img fetchpriority=\"high\" decoding=\"async\" width=\"1024\" height=\"591\" src=\"https:\/\/losperiodistas.com.mx\/portal\/wp-content\/uploads\/2024\/11\/Captura-de-pantalla-2024-11-24-214113-1024x591.png\" alt=\"Mar\u00eda Elena Mart\u00ednez\" class=\"wp-image-91006\" srcset=\"https:\/\/losperiodistas.com.mx\/portal\/wp-content\/uploads\/2024\/11\/Captura-de-pantalla-2024-11-24-214113-1024x591.png 1024w, https:\/\/losperiodistas.com.mx\/portal\/wp-content\/uploads\/2024\/11\/Captura-de-pantalla-2024-11-24-214113-300x173.png 300w, https:\/\/losperiodistas.com.mx\/portal\/wp-content\/uploads\/2024\/11\/Captura-de-pantalla-2024-11-24-214113-768x443.png 768w, https:\/\/losperiodistas.com.mx\/portal\/wp-content\/uploads\/2024\/11\/Captura-de-pantalla-2024-11-24-214113.png 1193w\" sizes=\"(max-width: 1024px) 100vw, 1024px\" \/><figcaption class=\"wp-element-caption\">(Captura de pantalla Mar\u00eda Elena Mart\u00ednez)<\/figcaption><\/figure>\n\n\n\n<p class=\"has-vivid-red-color has-text-color has-link-color wp-elements-18bbfd3e5369a982b585b4929f0b3a0e\">Mariana L. Mart\u00ednez \/ Infobae<\/p>\n\n\n\n<p><strong>Mar\u00eda Elena<\/strong> \u201cN\u201d es la alcaldesa de Amanalco de Becerra y fue detenida junto con varios directivos de seguridad en Ixtapaluca durante la Operaci\u00f3n Enjambre, por lo que fue imputada por el asesinato del s\u00edndico Miguel \u00c1ngel Lara.<\/p>\n\n\n\n<p>La funcionaria p\u00fablica est\u00e1 acusada de aparentes tener v\u00ednculos con el Crimen Organizado, por lo que hoy 24 de noviembre fue imputada por el asesinato del s\u00edndico en 2023.<\/p>\n\n\n\n<p>\u201cLa Fiscal\u00eda General del Estado de M\u00e9xico fija medida cautelar de prisi\u00f3n preventiva justificada por el delito de homicidio calificado la investigada Mar\u00eda Elena \u201cN\u201d, quien se desempe\u00f1a como presidenta municipal de Amanalco\u201d se se\u00f1al\u00f3 en la tarjeta informativa. Adem\u00e1s, se sabe que tendr\u00e1 audiencia el pr\u00f3ximo 27 de noviembre a las 8:45 horas.<\/p>\n\n\n\n<p>Se acusa a la alcaldesa de haber sido la supuesta autora intelectual, pues habr\u00eda citado el s\u00edndico al lugar a donde Miguel \u00c1ngel Lara se dirig\u00eda junto con su chofer Guillermo Roque.<\/p>\n\n\n\n<p>En en el operativo <strong>Operaci\u00f3n Enjambre<\/strong>, la Secretar\u00eda de Seguridad y Protecci\u00f3n Ciudadana (SSPC) y la Fiscal\u00eda General de Justicia del Estado de M\u00e9xico detuvieron a siete funcionarios de diversos municipios del estado. Entre los arrestados se encuentra <strong>Mar\u00eda Elena Mart\u00ednez<\/strong>, presidenta municipal de <strong>Amanalco<\/strong>, acusada de presuntos v\u00ednculos con grupos delictivos.<\/p>\n\n\n\n<p>Mar\u00eda Elena Mart\u00ednez, quien asumi\u00f3 la presidencia municipal de Amanalco en 2021 bajo el partido Movimiento Ciudadano, fue detenida en este operativo. Poco despu\u00e9s de su elecci\u00f3n, Mart\u00ednez decidi\u00f3 unirse al partido Morena, justificando su cambio como una estrategia para fortalecer su gesti\u00f3n y alinear su administraci\u00f3n con las pol\u00edticas de la Cuarta Transformaci\u00f3n.<\/p>\n\n\n\n<figure class=\"wp-block-image size-full\"><img decoding=\"async\" width=\"984\" height=\"737\" src=\"https:\/\/losperiodistas.com.mx\/portal\/wp-content\/uploads\/2024\/11\/Captura-de-pantalla-2024-11-24-214414.png\" alt=\"Mar\u00eda Elena Mart\u00ednez, alcaldesa de Amanalco\" class=\"wp-image-91007\" srcset=\"https:\/\/losperiodistas.com.mx\/portal\/wp-content\/uploads\/2024\/11\/Captura-de-pantalla-2024-11-24-214414.png 984w, https:\/\/losperiodistas.com.mx\/portal\/wp-content\/uploads\/2024\/11\/Captura-de-pantalla-2024-11-24-214414-300x225.png 300w, https:\/\/losperiodistas.com.mx\/portal\/wp-content\/uploads\/2024\/11\/Captura-de-pantalla-2024-11-24-214414-768x575.png 768w\" sizes=\"(max-width: 984px) 100vw, 984px\" \/><figcaption class=\"wp-element-caption\">La alcaldesa fue arrestada hoy en el marco del Operativo Enjambre. Cr\u00e9dito: X\/@ibanezalfredo<\/figcaption><\/figure>\n\n\n\n<p>El operativo, liderado por Omar Garc\u00eda Harfuch, titular de la SSPC, se llev\u00f3 a cabo en coordinaci\u00f3n con la Fiscal\u00eda del Estado de M\u00e9xico, el Gabinete de Seguridad del gobierno de M\u00e9xico, la Secretar\u00eda de Defensa Nacional, la Secretar\u00eda de Marina y la Fiscal\u00eda General de la Rep\u00fablica.<\/p>\n\n\n\n<p>Seg\u00fan el Secretario de Seguridad y Protecci\u00f3n Ciudadana , se emitieron 14 \u00f3rdenes de aprehensi\u00f3n contra funcionarios presuntamente relacionados con el crimen organizado, de las cuales siete ya se han ejecutado. En la lista de detenidos se encuentran funcionarios de Coacalco, Chicoloapan, Tonatico, Huehuetoca, entre otros municipios.<\/p>\n\n\n\n<p>Tras ser detenida, Mar\u00eda Elena fue puesta a disposici\u00f3n de la Fiscal\u00eda de Asuntos Especiales ubicada en Toluca.<\/p>\n\n\n\n<h2 class=\"wp-block-heading\">Qui\u00e9nes son los otros funcionarios imputados en Edomex<\/h2>\n\n\n\n<ul class=\"wp-block-list\">\n<li>Ellery Guadalupe \u201cN\u201d, director del DIF municipal de Tonatico, es investigado por su probable intervenci\u00f3n en el delito de secuestro con fines de extorsi\u00f3n; su pr\u00f3xima audiencia ser\u00e1 el 28 de noviembre a las 8:45 horas.<\/li>\n\n\n\n<li>Rodolfo \u201cN\u201d, director operativo de Seguridad y Prevenci\u00f3n Ciudadana de Ixtapaluca, investigado por el delito de secuestro con fines de extorsi\u00f3n. El 27 de noviembre ser\u00e1 su pr\u00f3xima audiencia.<\/li>\n\n\n\n<li>Roberto \u201cN\u201d, jefe de regi\u00f3n de la Direcci\u00f3n de Seguridad P\u00fablica de Ixtapaluca, quien es investigado por el il\u00edcito de secuestro con fines de extorsi\u00f3n, el pr\u00f3ximo 27 de noviembre a las 10:00 horas se realizar\u00e1 su pr\u00f3xima audiencia.<\/li>\n\n\n\n<li>Eraclio \u201cN\u201d Director de Seguridad P\u00fablica de Tejupilco, investigado por secuestro con fines de extorsi\u00f3n; el 27 de noviembre pr\u00f3ximo a las 8:45 se realizar\u00e1 la pr\u00f3xima audiencia.<\/li>\n\n\n\n<li>Omar \u201cN\u201d, subdirector de Seguridad P\u00fablica de Naucalpan, indagado por el delito de extorsi\u00f3n, la pr\u00f3xima audiencia ser\u00e1 realizada el 27 de noviembre a las 8:00 horas.<\/li>\n\n\n\n<li>Manuel Alejandro \u201cN\u201d, Director de Seguridad P\u00fablica de Amanalco, investigado por secuestro con fines de robo, su pr\u00f3xima audiencia ser\u00e1 el 27 de noviembre a las 11:15 horas.<\/li>\n<\/ul>\n\n\n\n<h2 class=\"wp-block-heading\">El asesinato del s\u00edndico Miguel \u00c1ngel Lara<\/h2>\n\n\n\n<figure class=\"wp-block-image size-full\"><img decoding=\"async\" width=\"985\" height=\"675\" src=\"https:\/\/losperiodistas.com.mx\/portal\/wp-content\/uploads\/2024\/11\/Captura-de-pantalla-2024-11-24-214537.png\" alt=\"Miguel \u00c1ngel Lara\" class=\"wp-image-91008\" srcset=\"https:\/\/losperiodistas.com.mx\/portal\/wp-content\/uploads\/2024\/11\/Captura-de-pantalla-2024-11-24-214537.png 985w, https:\/\/losperiodistas.com.mx\/portal\/wp-content\/uploads\/2024\/11\/Captura-de-pantalla-2024-11-24-214537-300x206.png 300w, https:\/\/losperiodistas.com.mx\/portal\/wp-content\/uploads\/2024\/11\/Captura-de-pantalla-2024-11-24-214537-768x526.png 768w\" sizes=\"(max-width: 985px) 100vw, 985px\" \/><figcaption class=\"wp-element-caption\">Miguel \u00c1ngel Lara, s\u00edndico municipal de Amanalco fue asesinado junto con su colaborador. Foto: Twitter\/JuanZepeda_<\/figcaption><\/figure>\n\n\n\n<p><strong>Miguel \u00c1ngel Lara<\/strong>, s\u00edndico municipal de Amanalco de Becerra, fue asesinado junto a un colaborador en una carretera del sur del Estado de M\u00e9xico. El suceso ocurri\u00f3 el 28 de enero de 2023 en la v\u00eda que conecta Luvianos con Temascaltepec.<\/p>\n\n\n\n<p>El <strong>Ayuntamiento de Amanalco<\/strong> expres\u00f3 sus condolencias a trav\u00e9s de su p\u00e1gina oficial de Facebook, lamentando profundamente la p\u00e9rdida del s\u00edndico y deseando pronta resignaci\u00f3n a sus familiares y amigos. <strong>Miguel \u00c1ngel Lara<\/strong>, miembro del partido <strong>Movimiento Ciudadano (MC)<\/strong>, era considerado una figura influyente dentro del cabildo municipal, aunque parte de sus colegas se hab\u00edan pasado a <strong>Morena<\/strong> tras asumir sus cargos.<\/p>\n\n\n\n<figure class=\"wp-block-image size-large\"><img loading=\"lazy\" decoding=\"async\" width=\"1024\" height=\"464\" src=\"https:\/\/losperiodistas.com.mx\/portal\/wp-content\/uploads\/2024\/11\/Captura-de-pantalla-2024-11-24-214700-1024x464.png\" alt=\"Asesinato de Miguel \u00c1ngel Lara\" class=\"wp-image-91009\" srcset=\"https:\/\/losperiodistas.com.mx\/portal\/wp-content\/uploads\/2024\/11\/Captura-de-pantalla-2024-11-24-214700-1024x464.png 1024w, https:\/\/losperiodistas.com.mx\/portal\/wp-content\/uploads\/2024\/11\/Captura-de-pantalla-2024-11-24-214700-300x136.png 300w, https:\/\/losperiodistas.com.mx\/portal\/wp-content\/uploads\/2024\/11\/Captura-de-pantalla-2024-11-24-214700-768x348.png 768w, https:\/\/losperiodistas.com.mx\/portal\/wp-content\/uploads\/2024\/11\/Captura-de-pantalla-2024-11-24-214700.png 1098w\" sizes=\"(max-width: 1024px) 100vw, 1024px\" \/><figcaption class=\"wp-element-caption\">Hasta el momento se desconoce el m\u00f3vil del crimen o qui\u00e9nes pudieron haber cometido el asesinato del pol\u00edtico de Movimiento Ciudadano (MC). Foto: Facebook<\/figcaption><\/figure>\n\n\n\n<p>En redes sociales circularon im\u00e1genes del veh\u00edculo en el que viajaban las v\u00edctimas, un <strong>Nissan Tida<\/strong> rojo que aparentemente sali\u00f3 de la carretera y se detuvo en una barranca, frenado por piedras.<\/p>\n\n\n\n<p>Fuente: <a href=\"https:\/\/www.infobae.com\/mexico\/2024\/11\/24\/imputan-a-maria-elena-martinez-alcaldesa-de-amanalco-por-el-asesinato-del-sindico-miguel-angel-lara\/\" target=\"_blank\" rel=\"noreferrer noopener\">Infobae<\/a><\/p>\n","protected":false},"excerpt":{"rendered":"<p>La funcionaria fue detenida durante la Operaci\u00f3n Enjambre y est\u00e1 se\u00f1alada por tener v\u00ednculos con el crimen organizado<\/p>\n","protected":false},"author":1,"featured_media":91006,"comment_status":"open","ping_status":"open","sticky":false,"template":"","format":"standard","meta":{"site-sidebar-layout":"default","site-content-layout":"","ast-site-content-layout":"default","site-content-style":"default","site-sidebar-style":"default","ast-global-header-display":"","ast-banner-title-visibility":"","ast-main-header-display":"","ast-hfb-above-header-display":"","ast-hfb-below-header-display":"","ast-hfb-mobile-header-display":"","site-post-title":"","ast-breadcrumbs-content":"","ast-featured-img":"","footer-sml-layout":"","theme-transparent-header-meta":"","adv-header-id-meta":"","stick-header-meta":"","header-above-stick-meta":"","header-main-stick-meta":"","header-below-stick-meta":"","astra-migrate-meta-layouts":"default","ast-page-background-enabled":"default","ast-page-background-meta":{"desktop":{"background-color":"var(--ast-global-color-4)","background-image":"","background-repeat":"repeat","background-position":"center center","background-size":"auto","background-attachment":"scroll","background-type":"","background-media":"","overlay-type":"","overlay-color":"","overlay-opacity":"","overlay-gradient":""},"tablet":{"background-color":"","background-image":"","background-repeat":"repeat","background-position":"center center","background-size":"auto","background-attachment":"scroll","background-type":"","background-media":"","overlay-type":"","overlay-color":"","overlay-opacity":"","overlay-gradient":""},"mobile":{"background-color":"","background-image":"","background-repeat":"repeat","background-position":"center center","background-size":"auto","background-attachment":"scroll","background-type":"","background-media":"","overlay-type":"","overlay-color":"","overlay-opacity":"","overlay-gradient":""}},"ast-content-background-meta":{"desktop":{"background-color":"var(--ast-global-color-5)","background-image":"","background-repeat":"repeat","background-position":"center center","background-size":"auto","background-attachment":"scroll","background-type":"","background-media":"","overlay-type":"","overlay-color":"","overlay-opacity":"","overlay-gradient":""},"tablet":{"background-color":"var(--ast-global-color-5)","background-image":"","background-repeat":"repeat","background-position":"center center","background-size":"auto","background-attachment":"scroll","background-type":"","background-media":"","overlay-type":"","overlay-color":"","overlay-opacity":"","overlay-gradient":""},"mobile":{"background-color":"var(--ast-global-color-5)","background-image":"","background-repeat":"repeat","background-position":"center center","background-size":"auto","background-attachment":"scroll","background-type":"","background-media":"","overlay-type":"","overlay-color":"","overlay-opacity":"","overlay-gradient":""}},"footnotes":""},"categories":[8],"tags":[33390,16008,33389,33391,33294],"class_list":["post-91005","post","type-post","status-publish","format-standard","has-post-thumbnail","hentry","category-noticias","tag-alcaldesa-de-amanalco","tag-asesinato","tag-maria-elena-martinez","tag-miguel-angel-lara","tag-operativo-enjambre"],"_links":{"self":[{"href":"https:\/\/losperiodistas.com.mx\/portal\/wp-json\/wp\/v2\/posts\/91005","targetHints":{"allow":["GET"]}}],"collection":[{"href":"https:\/\/losperiodistas.com.mx\/portal\/wp-json\/wp\/v2\/posts"}],"about":[{"href":"https:\/\/losperiodistas.com.mx\/portal\/wp-json\/wp\/v2\/types\/post"}],"author":[{"embeddable":true,"href":"https:\/\/losperiodistas.com.mx\/portal\/wp-json\/wp\/v2\/users\/1"}],"replies":[{"embeddable":true,"href":"https:\/\/losperiodistas.com.mx\/portal\/wp-json\/wp\/v2\/comments?post=91005"}],"version-history":[{"count":1,"href":"https:\/\/losperiodistas.com.mx\/portal\/wp-json\/wp\/v2\/posts\/91005\/revisions"}],"predecessor-version":[{"id":91010,"href":"https:\/\/losperiodistas.com.mx\/portal\/wp-json\/wp\/v2\/posts\/91005\/revisions\/91010"}],"wp:featuredmedia":[{"embeddable":true,"href":"https:\/\/losperiodistas.com.mx\/portal\/wp-json\/wp\/v2\/media\/91006"}],"wp:attachment":[{"href":"https:\/\/losperiodistas.com.mx\/portal\/wp-json\/wp\/v2\/media?parent=91005"}],"wp:term":[{"taxonomy":"category","embeddable":true,"href":"https:\/\/losperiodistas.com.mx\/portal\/wp-json\/wp\/v2\/categories?post=91005"},{"taxonomy":"post_tag","embeddable":true,"href":"https:\/\/losperiodistas.com.mx\/portal\/wp-json\/wp\/v2\/tags?post=91005"}],"curies":[{"name":"wp","href":"https:\/\/api.w.org\/{rel}","templated":true}]}}