{"id":91001,"date":"2024-11-24T20:14:43","date_gmt":"2024-11-25T02:14:43","guid":{"rendered":"http:\/\/losperiodistas.com.mx\/portal\/?p=91001"},"modified":"2024-11-24T20:14:47","modified_gmt":"2024-11-25T02:14:47","slug":"critica-merkel-a-ucrania-y-culpa-a-occidente-de-las-acciones-de-putin","status":"publish","type":"post","link":"https:\/\/losperiodistas.com.mx\/portal\/critica-merkel-a-ucrania-y-culpa-a-occidente-de-las-acciones-de-putin\/","title":{"rendered":"Critica Merkel a Ucrania y culpa a occidente de las acciones de Vladimir Putin | El Imparcial"},"content":{"rendered":"\n<p>Angela Merkel defendi\u00f3 su pol\u00edtica exterior frente a las acusaciones de ser responsable de la invasi\u00f3n rusa de Ucrania.<\/p>\n\n\n\n<figure class=\"wp-block-image size-large\"><img fetchpriority=\"high\" decoding=\"async\" width=\"1024\" height=\"661\" src=\"https:\/\/losperiodistas.com.mx\/portal\/wp-content\/uploads\/2024\/11\/Captura-de-pantalla-2024-11-24-201007-1024x661.png\" alt=\"\u00c1ngela Merkel\" class=\"wp-image-91002\" srcset=\"https:\/\/losperiodistas.com.mx\/portal\/wp-content\/uploads\/2024\/11\/Captura-de-pantalla-2024-11-24-201007-1024x661.png 1024w, https:\/\/losperiodistas.com.mx\/portal\/wp-content\/uploads\/2024\/11\/Captura-de-pantalla-2024-11-24-201007-300x194.png 300w, https:\/\/losperiodistas.com.mx\/portal\/wp-content\/uploads\/2024\/11\/Captura-de-pantalla-2024-11-24-201007-768x495.png 768w, https:\/\/losperiodistas.com.mx\/portal\/wp-content\/uploads\/2024\/11\/Captura-de-pantalla-2024-11-24-201007.png 1192w\" sizes=\"(max-width: 1024px) 100vw, 1024px\" \/><figcaption class=\"wp-element-caption\">Merkel defendi\u00f3 los acuerdos de Minsk, que firm\u00f3 en 2014 para intentar pacificar el conflicto entre Ucrania y Rusia. <\/figcaption><\/figure>\n\n\n\n<p class=\"has-vivid-red-color has-text-color has-link-color wp-elements-8ae9dd6744b6f2f63d2291cdd762670d\">Mart\u00edn \u00c1lvarez y AP<\/p>\n\n\n\n<p>En una entrevista con <em>Der Spiegel<\/em>, realizada con motivo de la publicaci\u00f3n de sus memorias, la expresidenta alemana Angela Merkel se defendi\u00f3 de las cr\u00edticas que la acusan de ser responsable de la invasi\u00f3n rusa de <a href=\"https:\/\/www.elimparcial.com\/mexico\/2024\/11\/24\/guerra-rusia-ucrania-zelenski-pide-a-occidente-mas-sistemas-de-defensa-antiaereo\/\">Ucrania <\/a>y de la crisis geopol\u00edtica actual. Seg\u00fan Merkel, muchos la han convertido en un \u201cchivo expiatorio\u201d por la postura adoptada durante la cumbre de la OTAN de 2008, cuando bloque\u00f3 la posibilidad de que Ucrania ingresara al Plan de Acci\u00f3n de Membres\u00eda (MAP), un paso clave para su adhesi\u00f3n a la Alianza Atl\u00e1ntica. A lo largo de la entrevista, Merkel se mostr\u00f3 firme al afirmar que las cr\u00edticas sobre su actuaci\u00f3n en ese entonces son injustas y que no se puede culpar a Alemania por los actuales conflictos en Ucrania.<\/p>\n\n\n\n<p>Merkel fue interpelada sobre si sent\u00eda que la guerra en Ucrania se le atribu\u00eda a ella debido a su postura en la cumbre de la OTAN en 2008. A esta pregunta respondi\u00f3 de manera tajante: \u201cNo es solo una sensaci\u00f3n; es la verdad\u201d. La ex canciller relat\u00f3 c\u00f3mo, tras la masacre en Bucha en 2022, el presidente ucraniano <strong>Volodymyr Zelensky<\/strong> le pidi\u00f3, junto con el expresidente franc\u00e9s Nicolas Sarkozy, que visitaran la ciudad para rendir homenaje a las v\u00edctimas, lo que seg\u00fan Merkel implicaba que su decisi\u00f3n en 2008 fue responsable de la tragedia. Aunque destac\u00f3 que admiraba la valent\u00eda de Zelensky y su determinaci\u00f3n frente a la invasi\u00f3n rusa, Merkel aclar\u00f3 que no estaba de acuerdo con la forma en que \u00e9l y otros dirigentes ucranianos interpretaban su postura en Bucharest.<\/p>\n\n\n\n<figure class=\"wp-block-image size-full\"><img decoding=\"async\" width=\"997\" height=\"659\" src=\"https:\/\/losperiodistas.com.mx\/portal\/wp-content\/uploads\/2024\/11\/Captura-de-pantalla-2024-11-24-201126.png\" alt=\"Volodymyr Zelenskyy \" class=\"wp-image-91003\" srcset=\"https:\/\/losperiodistas.com.mx\/portal\/wp-content\/uploads\/2024\/11\/Captura-de-pantalla-2024-11-24-201126.png 997w, https:\/\/losperiodistas.com.mx\/portal\/wp-content\/uploads\/2024\/11\/Captura-de-pantalla-2024-11-24-201126-300x198.png 300w, https:\/\/losperiodistas.com.mx\/portal\/wp-content\/uploads\/2024\/11\/Captura-de-pantalla-2024-11-24-201126-768x508.png 768w\" sizes=\"(max-width: 997px) 100vw, 997px\" \/><figcaption class=\"wp-element-caption\">El presidente ucraniano Volodymyr Zelenskyy durante la cumbre sobre la paz en Ucrania, en Obb\u00fcrgen, Suiza, el domingo 16 de junio de 2024. (Michael Buholzer\/Keystone v\u00eda AP) (MICHAEL BUHOLZER\/AP)<\/figcaption><\/figure>\n\n\n\n<p>En ese contexto, Merkel explic\u00f3 que su advertencia de 2008 sobre el peligro de Rusia bajo el liderazgo de Vladimir Putin fue acertada. Record\u00f3 que en esa cumbre, le hab\u00eda dicho a sus colegas que Putin consideraba la desintegraci\u00f3n de la Uni\u00f3n Sovi\u00e9tica como \u201cla mayor cat\u00e1strofe geopol\u00edtica del siglo XX\u201d. Para Putin, la ca\u00edda de la URSS hab\u00eda creado una amenaza existencial para Rusia, lo que lo llev\u00f3 a intentar mantener bajo control a las antiguas rep\u00fablicas sovi\u00e9ticas, incluso generando conflictos en estos territorios. Merkel destac\u00f3 que este an\u00e1lisis se valid\u00f3 poco despu\u00e9s, con la invasi\u00f3n de Georgia por parte de Rusia en 2008, un acto que, seg\u00fan ella, mostr\u00f3 las verdaderas intenciones de Putin.<\/p>\n\n\n\n<p>Fuente: <a href=\"https:\/\/www.elimparcial.com\/mundo\/2024\/11\/24\/angela-merkel-critica-a-ucrania-y-culpa-a-occidente-de-las-acciones-de-vladimir-putin\/\" target=\"_blank\" rel=\"noreferrer noopener\">El Imparcial<\/a><\/p>\n\n\n\n<p><\/p>\n","protected":false},"excerpt":{"rendered":"<p>Angela Merkel defendi\u00f3 su pol\u00edtica exterior frente a las acusaciones de ser responsable de la invasi\u00f3n rusa de Ucrania. <\/p>\n","protected":false},"author":1,"featured_media":91002,"comment_status":"open","ping_status":"open","sticky":false,"template":"","format":"standard","meta":{"site-sidebar-layout":"default","site-content-layout":"","ast-site-content-layout":"default","site-content-style":"default","site-sidebar-style":"default","ast-global-header-display":"","ast-banner-title-visibility":"","ast-main-header-display":"","ast-hfb-above-header-display":"","ast-hfb-below-header-display":"","ast-hfb-mobile-header-display":"","site-post-title":"","ast-breadcrumbs-content":"","ast-featured-img":"","footer-sml-layout":"","theme-transparent-header-meta":"","adv-header-id-meta":"","stick-header-meta":"","header-above-stick-meta":"","header-main-stick-meta":"","header-below-stick-meta":"","astra-migrate-meta-layouts":"default","ast-page-background-enabled":"default","ast-page-background-meta":{"desktop":{"background-color":"var(--ast-global-color-4)","background-image":"","background-repeat":"repeat","background-position":"center center","background-size":"auto","background-attachment":"scroll","background-type":"","background-media":"","overlay-type":"","overlay-color":"","overlay-opacity":"","overlay-gradient":""},"tablet":{"background-color":"","background-image":"","background-repeat":"repeat","background-position":"center center","background-size":"auto","background-attachment":"scroll","background-type":"","background-media":"","overlay-type":"","overlay-color":"","overlay-opacity":"","overlay-gradient":""},"mobile":{"background-color":"","background-image":"","background-repeat":"repeat","background-position":"center center","background-size":"auto","background-attachment":"scroll","background-type":"","background-media":"","overlay-type":"","overlay-color":"","overlay-opacity":"","overlay-gradient":""}},"ast-content-background-meta":{"desktop":{"background-color":"var(--ast-global-color-5)","background-image":"","background-repeat":"repeat","background-position":"center center","background-size":"auto","background-attachment":"scroll","background-type":"","background-media":"","overlay-type":"","overlay-color":"","overlay-opacity":"","overlay-gradient":""},"tablet":{"background-color":"var(--ast-global-color-5)","background-image":"","background-repeat":"repeat","background-position":"center center","background-size":"auto","background-attachment":"scroll","background-type":"","background-media":"","overlay-type":"","overlay-color":"","overlay-opacity":"","overlay-gradient":""},"mobile":{"background-color":"var(--ast-global-color-5)","background-image":"","background-repeat":"repeat","background-position":"center center","background-size":"auto","background-attachment":"scroll","background-type":"","background-media":"","overlay-type":"","overlay-color":"","overlay-opacity":"","overlay-gradient":""}},"footnotes":""},"categories":[8],"tags":[33388,5817,3899,2231,6232,6607],"class_list":["post-91001","post","type-post","status-publish","format-standard","has-post-thumbnail","hentry","category-noticias","tag-acuerdos-de-minsk","tag-angela-merkel","tag-otan","tag-rusia","tag-ucrania","tag-vladimir-putin"],"_links":{"self":[{"href":"https:\/\/losperiodistas.com.mx\/portal\/wp-json\/wp\/v2\/posts\/91001","targetHints":{"allow":["GET"]}}],"collection":[{"href":"https:\/\/losperiodistas.com.mx\/portal\/wp-json\/wp\/v2\/posts"}],"about":[{"href":"https:\/\/losperiodistas.com.mx\/portal\/wp-json\/wp\/v2\/types\/post"}],"author":[{"embeddable":true,"href":"https:\/\/losperiodistas.com.mx\/portal\/wp-json\/wp\/v2\/users\/1"}],"replies":[{"embeddable":true,"href":"https:\/\/losperiodistas.com.mx\/portal\/wp-json\/wp\/v2\/comments?post=91001"}],"version-history":[{"count":1,"href":"https:\/\/losperiodistas.com.mx\/portal\/wp-json\/wp\/v2\/posts\/91001\/revisions"}],"predecessor-version":[{"id":91004,"href":"https:\/\/losperiodistas.com.mx\/portal\/wp-json\/wp\/v2\/posts\/91001\/revisions\/91004"}],"wp:featuredmedia":[{"embeddable":true,"href":"https:\/\/losperiodistas.com.mx\/portal\/wp-json\/wp\/v2\/media\/91002"}],"wp:attachment":[{"href":"https:\/\/losperiodistas.com.mx\/portal\/wp-json\/wp\/v2\/media?parent=91001"}],"wp:term":[{"taxonomy":"category","embeddable":true,"href":"https:\/\/losperiodistas.com.mx\/portal\/wp-json\/wp\/v2\/categories?post=91001"},{"taxonomy":"post_tag","embeddable":true,"href":"https:\/\/losperiodistas.com.mx\/portal\/wp-json\/wp\/v2\/tags?post=91001"}],"curies":[{"name":"wp","href":"https:\/\/api.w.org\/{rel}","templated":true}]}}