{"id":90996,"date":"2024-11-24T19:50:47","date_gmt":"2024-11-25T01:50:47","guid":{"rendered":"http:\/\/losperiodistas.com.mx\/portal\/?p=90996"},"modified":"2024-11-24T19:50:49","modified_gmt":"2024-11-25T01:50:49","slug":"se-registran-riestra-y-velazquez-para-dirigir-el-pan-puebla","status":"publish","type":"post","link":"https:\/\/losperiodistas.com.mx\/portal\/se-registran-riestra-y-velazquez-para-dirigir-el-pan-puebla\/","title":{"rendered":"Mario Riestra y Felipe Vel\u00e1zquez se registran para dirigir el PAN Puebla | E-Consulta"},"content":{"rendered":"\n<p>Tendr\u00e1n una campa\u00f1a de dos semanas, las elecciones ser\u00e1n el 15 de diciembre de 2024<\/p>\n\n\n\n<figure class=\"wp-block-image size-full\"><img fetchpriority=\"high\" decoding=\"async\" width=\"954\" height=\"634\" src=\"https:\/\/losperiodistas.com.mx\/portal\/wp-content\/uploads\/2024\/11\/Captura-de-pantalla-2024-11-24-194230.png\" alt=\"elecciones internas PAN\" class=\"wp-image-90997\" srcset=\"https:\/\/losperiodistas.com.mx\/portal\/wp-content\/uploads\/2024\/11\/Captura-de-pantalla-2024-11-24-194230.png 954w, https:\/\/losperiodistas.com.mx\/portal\/wp-content\/uploads\/2024\/11\/Captura-de-pantalla-2024-11-24-194230-300x199.png 300w, https:\/\/losperiodistas.com.mx\/portal\/wp-content\/uploads\/2024\/11\/Captura-de-pantalla-2024-11-24-194230-768x510.png 768w\" sizes=\"(max-width: 954px) 100vw, 954px\" \/><figcaption class=\"wp-element-caption\">Foto: e-consulta<\/figcaption><\/figure>\n\n\n\n<p class=\"has-vivid-red-color has-text-color has-link-color wp-elements-9c78243b3117ab8f7bc2aea3fca84c60\">Daniel Sandoval \/ E-Consulta<\/p>\n\n\n\n<p><strong>Mario Riestra Pi\u00f1a<\/strong> y <strong>Felipe Vel\u00e1zquez Guti\u00e9rrez<\/strong> se registraron hoy de manera oficial para competir por la <strong>dirigencia<\/strong> del <strong>PAN Puebla<\/strong>; ser\u00e1n dos semanas de campa\u00f1a hasta la votaci\u00f3n del pr\u00f3ximo 15 de diciembre.<\/p>\n\n\n\n<p>Ambos personajes propusieron sus planillas que los acompa\u00f1ar\u00e1n, en caso de ganar la elecci\u00f3n, tanto en el <strong>Comit\u00e9 Directivo Estatal<\/strong> (CDE) del Partido Acci\u00f3n Nacional (<strong>PAN<\/strong>) como en la <strong>Comisi\u00f3n Permanente Estatal<\/strong> del instituto.<\/p>\n\n\n\n<p>La Comisi\u00f3n de Elecciones del <strong>PAN Puebla<\/strong> analizar\u00e1 las propuestas y tendr\u00e1 <strong>72 horas<\/strong> para emitir un fallo que ratifique las aspiraciones de ambos candidatos. Si en el lapso se detecta una anomal\u00eda en la documentaci\u00f3n de alg\u00fan aspirante, este tendr\u00e1 24 horas para subsanar la irregularidad.<\/p>\n\n\n\n<blockquote class=\"twitter-tweet\"><p lang=\"es\" dir=\"ltr\">\u201cMe atrevo a decirlo, la anterior dirigencia adoleci\u00f3 de inclusi\u00f3n\u201d, sostuvo Mario Riestra, candidato al CDE del PAN, al se\u00f1alar que en su proyecto integrar\u00e1n todo tipo de expresiones.<a href=\"https:\/\/twitter.com\/ODanielSandoval?ref_src=twsrc%5Etfw\">@ODanielSandoval<\/a> <a href=\"https:\/\/t.co\/u9Gzt6CqTW\">pic.twitter.com\/u9Gzt6CqTW<\/a><\/p>&mdash; Peri\u00f3dico e-consulta (@e_consulta) <a href=\"https:\/\/twitter.com\/e_consulta\/status\/1860729020461003095?ref_src=twsrc%5Etfw\">November 24, 2024<\/a><\/blockquote> <script async src=\"https:\/\/platform.twitter.com\/widgets.js\" charset=\"utf-8\"><\/script> \n\n\n\n<h2 class=\"wp-block-heading\"><strong>\u00bfC\u00f3mo quedan las planillas de Mario Riestra y Felipe Vel\u00e1zquez?<\/strong><\/h2>\n\n\n\n<p>Los pol\u00edticos que buscan la <strong>dirigencia<\/strong> del <strong>PAN Puebla<\/strong> presentaron a nueve integrantes de sus planillas para el CDE, y otros seis para la CEP del partido. Los enlistamos.<\/p>\n\n\n\n<p><strong>Planilla de Mario Riestra Pi\u00f1a para el CDE<\/strong><\/p>\n\n\n\n<ul class=\"wp-block-list\">\n<li>Mario Gerardo Riestra Pi\u00f1a: presidencia CDE<\/li>\n\n\n\n<li>Genoveva Huerta Villegas: secretaria general<\/li>\n\n\n\n<li>Filomeno Sarmiento<\/li>\n\n\n\n<li>Liz Thom\u00e9<\/li>\n\n\n\n<li>Eulogio Salas<\/li>\n\n\n\n<li>Dolores Gabi\u00f1o<\/li>\n\n\n\n<li>Carlos Blanco<\/li>\n\n\n\n<li>Cony Lim\u00f3n<\/li>\n\n\n\n<li>Jorge Zambrano<\/li>\n<\/ul>\n\n\n\n<p><strong>Planilla de Mario Riestra Pi\u00f1a para el CEP<\/strong><\/p>\n\n\n\n<ul class=\"wp-block-list\">\n<li>Carolina Beauregard<\/li>\n\n\n\n<li>Jorge Zambrano<\/li>\n\n\n\n<li>Yv\u00f3n Guti\u00e9rrez<\/li>\n\n\n\n<li>Cirilo Gallardo<\/li>\n\n\n\n<li>Alejandra Escand\u00f3n<\/li>\n\n\n\n<li>Octavio Corvera<\/li>\n<\/ul>\n\n\n\n<blockquote class=\"twitter-tweet\"><p lang=\"es\" dir=\"ltr\"><a href=\"https:\/\/twitter.com\/hashtag\/%C3%9ALTIMAHORA?src=hash&amp;ref_src=twsrc%5Etfw\">#\u00daLTIMAHORA<\/a> &#x1f534; Este domingo, Mario Riestra Pi\u00f1a (<a href=\"https:\/\/twitter.com\/marioriestra?ref_src=twsrc%5Etfw\">@marioriestra<\/a>) entreg\u00f3 oficialmente sus documentos a la Comisi\u00f3n de Elecciones del PAN, junto a Genoveva Huerta (<a href=\"https:\/\/twitter.com\/GenovevaHuerta?ref_src=twsrc%5Etfw\">@GenovevaHuerta<\/a>), para competir por la dirigencia estatal de Acci\u00f3n Nacional.<br><br>V\u00eda <a href=\"https:\/\/twitter.com\/ODanielSandoval?ref_src=twsrc%5Etfw\">@ODanielSandoval<\/a> <a href=\"https:\/\/t.co\/K7KQnZLIDm\">pic.twitter.com\/K7KQnZLIDm<\/a><\/p>&mdash; Peri\u00f3dico e-consulta (@e_consulta) <a href=\"https:\/\/twitter.com\/e_consulta\/status\/1860720019304280503?ref_src=twsrc%5Etfw\">November 24, 2024<\/a><\/blockquote> <script async src=\"https:\/\/platform.twitter.com\/widgets.js\" charset=\"utf-8\"><\/script> \n\n\n\n<p><strong>Planilla de Felipe Vel\u00e1zquez para el CDE<\/strong><\/p>\n\n\n\n<ul class=\"wp-block-list\">\n<li><strong>Felipe Vel\u00e1zquez Guti\u00e9rrez<\/strong>: presidencia CDE PAN<\/li>\n\n\n\n<li><strong>Roc\u00edo S\u00e1nchez de la Vega<\/strong>: secretaria general<\/li>\n\n\n\n<li>Aleli Espinoza Guevara<\/li>\n\n\n\n<li>Gabriel Oswaldo Jim\u00e9nez L\u00f3pez<\/li>\n\n\n\n<li>Mar\u00eda Guadalupe Leal Rodr\u00edguez<\/li>\n\n\n\n<li>Fernando Sarur Hern\u00e1ndez<\/li>\n\n\n\n<li>Mar\u00eda Leonor Popocatl Guti\u00e9rrez<\/li>\n\n\n\n<li>Alain Mu\u00f1oz L\u00f3pez<\/li>\n\n\n\n<li>Mar\u00eda Isabel Romero Fuentes<\/li>\n<\/ul>\n\n\n\n<p><strong>Planilla de Felipe Vel\u00e1zquez para el CEP<\/strong><\/p>\n\n\n\n<ul class=\"wp-block-list\">\n<li>Fernanda Huerta L\u00f3pez<\/li>\n\n\n\n<li>Ricardo Reyes Hidalgo<\/li>\n\n\n\n<li>Mar\u00eda Gonz\u00e1lez Mateos<\/li>\n\n\n\n<li>Jaime Macip Gelly<\/li>\n\n\n\n<li>Mar\u00eda del Carmen Quiroz Presa<\/li>\n\n\n\n<li>Aar\u00f3n Morales D\u00edaz<\/li>\n<\/ul>\n\n\n\n<blockquote class=\"twitter-tweet\"><p lang=\"es\" dir=\"ltr\">Este domingo, Felipe Vel\u00e1zquez Guti\u00e9rrez se registr\u00f3 oficialmente para competir por la dirigencia estatal del Partido Acci\u00f3n Nacional; Roc\u00edo S\u00e1nchez de la Vega es la secretaria general.<br><br>V\u00eda <a href=\"https:\/\/twitter.com\/ODanielSandoval?ref_src=twsrc%5Etfw\">@ODanielSandoval<\/a> <a href=\"https:\/\/t.co\/Wl2R3TTv6M\">pic.twitter.com\/Wl2R3TTv6M<\/a><\/p>&mdash; Peri\u00f3dico e-consulta (@e_consulta) <a href=\"https:\/\/twitter.com\/e_consulta\/status\/1860753386058211461?ref_src=twsrc%5Etfw\">November 24, 2024<\/a><\/blockquote> <script async src=\"https:\/\/platform.twitter.com\/widgets.js\" charset=\"utf-8\"><\/script> \n\n\n\n<h2 class=\"wp-block-heading\"><strong>Elecciones para dirigencia del PAN Puebla, el 15 de diciembre<\/strong><\/h2>\n\n\n\n<p>Tras finalizar sus registros, ambos aseguraron que cuentan con el apoyo de la mayor\u00eda de integrantes del <strong>Consejo Estatal<\/strong> del PAN Puebla. Ser\u00e1 ese \u00f3rgano el que definir\u00e1 al perfil que suceda a <strong>Augusta D\u00edaz de Rivera<\/strong> en la <strong>dirigencia <\/strong>del partido.<\/p>\n\n\n\n<p><strong>Mario Riestra<\/strong> indic\u00f3 que cuenta con el respaldo verbal o con firmas de al menos 65 consejeros estatales. <strong>Felipe Vel\u00e1zquez<\/strong> asegur\u00f3 que tiene a 70 de su lado. El <strong>PAN Puebla<\/strong> cuenta con 114 consejeros estatales.<\/p>\n\n\n\n<blockquote class=\"twitter-tweet\"><p lang=\"es\" dir=\"ltr\">Felipe Vel\u00e1zquez, candidato a la dirigencia estatal de Acci\u00f3n Nacional, le respondi\u00f3 a Mario Riestra y asegur\u00f3 que 70 consejeros estatales est\u00e1n de su lado de cara a la definici\u00f3n del pr\u00f3ximo dirigente en Puebla.<br><br>V\u00eda <a href=\"https:\/\/twitter.com\/ODanielSandoval?ref_src=twsrc%5Etfw\">@ODanielSandoval<\/a> <a href=\"https:\/\/t.co\/E7lm5IonOu\">pic.twitter.com\/E7lm5IonOu<\/a><\/p>&mdash; Peri\u00f3dico e-consulta (@e_consulta) <a href=\"https:\/\/twitter.com\/e_consulta\/status\/1860761733184266643?ref_src=twsrc%5Etfw\">November 24, 2024<\/a><\/blockquote> <script async src=\"https:\/\/platform.twitter.com\/widgets.js\" charset=\"utf-8\"><\/script> \n\n\n\n<p>El periodo de campa\u00f1as se arrancar\u00e1 el 1 de diciembre. El d\u00eda de la votaci\u00f3n ser\u00e1 el 15 del mismo mes. Al siguiente d\u00eda, 16 de diciembre, rendir\u00e1 protesta el nuevo presidente del <strong>PAN Puebla<\/strong>. (JRLM)<\/p>\n\n\n\n<p>Fuente: <a href=\"https:\/\/www.e-consulta.com\/nota\/2024-11-24\/politica\/mario-riestra-y-felipe-velazquez-se-registran-para-dirigir-el-pan-puebla\">E-<\/a><a href=\"https:\/\/www.e-consulta.com\/nota\/2024-11-24\/politica\/mario-riestra-y-felipe-velazquez-se-registran-para-dirigir-el-pan-puebla\" target=\"_blank\" rel=\"noreferrer noopener\">Consulta<\/a><\/p>\n","protected":false},"excerpt":{"rendered":"<p>Tendr\u00e1n una campa\u00f1a de dos semanas, las elecciones ser\u00e1n el 15 de diciembre de 2024<\/p>\n","protected":false},"author":1,"featured_media":90997,"comment_status":"open","ping_status":"open","sticky":false,"template":"","format":"standard","meta":{"site-sidebar-layout":"default","site-content-layout":"","ast-site-content-layout":"default","site-content-style":"default","site-sidebar-style":"default","ast-global-header-display":"","ast-banner-title-visibility":"","ast-main-header-display":"","ast-hfb-above-header-display":"","ast-hfb-below-header-display":"","ast-hfb-mobile-header-display":"","site-post-title":"","ast-breadcrumbs-content":"","ast-featured-img":"","footer-sml-layout":"","theme-transparent-header-meta":"","adv-header-id-meta":"","stick-header-meta":"","header-above-stick-meta":"","header-main-stick-meta":"","header-below-stick-meta":"","astra-migrate-meta-layouts":"default","ast-page-background-enabled":"default","ast-page-background-meta":{"desktop":{"background-color":"var(--ast-global-color-4)","background-image":"","background-repeat":"repeat","background-position":"center center","background-size":"auto","background-attachment":"scroll","background-type":"","background-media":"","overlay-type":"","overlay-color":"","overlay-opacity":"","overlay-gradient":""},"tablet":{"background-color":"","background-image":"","background-repeat":"repeat","background-position":"center center","background-size":"auto","background-attachment":"scroll","background-type":"","background-media":"","overlay-type":"","overlay-color":"","overlay-opacity":"","overlay-gradient":""},"mobile":{"background-color":"","background-image":"","background-repeat":"repeat","background-position":"center center","background-size":"auto","background-attachment":"scroll","background-type":"","background-media":"","overlay-type":"","overlay-color":"","overlay-opacity":"","overlay-gradient":""}},"ast-content-background-meta":{"desktop":{"background-color":"var(--ast-global-color-5)","background-image":"","background-repeat":"repeat","background-position":"center center","background-size":"auto","background-attachment":"scroll","background-type":"","background-media":"","overlay-type":"","overlay-color":"","overlay-opacity":"","overlay-gradient":""},"tablet":{"background-color":"var(--ast-global-color-5)","background-image":"","background-repeat":"repeat","background-position":"center center","background-size":"auto","background-attachment":"scroll","background-type":"","background-media":"","overlay-type":"","overlay-color":"","overlay-opacity":"","overlay-gradient":""},"mobile":{"background-color":"var(--ast-global-color-5)","background-image":"","background-repeat":"repeat","background-position":"center center","background-size":"auto","background-attachment":"scroll","background-type":"","background-media":"","overlay-type":"","overlay-color":"","overlay-opacity":"","overlay-gradient":""}},"footnotes":""},"categories":[8],"tags":[32652,32151,32676,4881],"class_list":["post-90996","post","type-post","status-publish","format-standard","has-post-thumbnail","hentry","category-noticias","tag-dirigencia-del-pan","tag-elecciones-pan-puebla","tag-felipe-velazquez","tag-mario-riestra"],"_links":{"self":[{"href":"https:\/\/losperiodistas.com.mx\/portal\/wp-json\/wp\/v2\/posts\/90996","targetHints":{"allow":["GET"]}}],"collection":[{"href":"https:\/\/losperiodistas.com.mx\/portal\/wp-json\/wp\/v2\/posts"}],"about":[{"href":"https:\/\/losperiodistas.com.mx\/portal\/wp-json\/wp\/v2\/types\/post"}],"author":[{"embeddable":true,"href":"https:\/\/losperiodistas.com.mx\/portal\/wp-json\/wp\/v2\/users\/1"}],"replies":[{"embeddable":true,"href":"https:\/\/losperiodistas.com.mx\/portal\/wp-json\/wp\/v2\/comments?post=90996"}],"version-history":[{"count":1,"href":"https:\/\/losperiodistas.com.mx\/portal\/wp-json\/wp\/v2\/posts\/90996\/revisions"}],"predecessor-version":[{"id":90998,"href":"https:\/\/losperiodistas.com.mx\/portal\/wp-json\/wp\/v2\/posts\/90996\/revisions\/90998"}],"wp:featuredmedia":[{"embeddable":true,"href":"https:\/\/losperiodistas.com.mx\/portal\/wp-json\/wp\/v2\/media\/90997"}],"wp:attachment":[{"href":"https:\/\/losperiodistas.com.mx\/portal\/wp-json\/wp\/v2\/media?parent=90996"}],"wp:term":[{"taxonomy":"category","embeddable":true,"href":"https:\/\/losperiodistas.com.mx\/portal\/wp-json\/wp\/v2\/categories?post=90996"},{"taxonomy":"post_tag","embeddable":true,"href":"https:\/\/losperiodistas.com.mx\/portal\/wp-json\/wp\/v2\/tags?post=90996"}],"curies":[{"name":"wp","href":"https:\/\/api.w.org\/{rel}","templated":true}]}}