{"id":9047,"date":"2021-06-12T10:27:34","date_gmt":"2021-06-12T15:27:34","guid":{"rendered":"http:\/\/losperiodistas.com.mx\/portal\/?p=9047"},"modified":"2021-06-12T10:27:35","modified_gmt":"2021-06-12T15:27:35","slug":"sobre-la-urgencia-de-una-cultura-politica-para-el-bien-comun-de-mexico","status":"publish","type":"post","link":"https:\/\/losperiodistas.com.mx\/portal\/sobre-la-urgencia-de-una-cultura-politica-para-el-bien-comun-de-mexico\/","title":{"rendered":"Sobre la urgencia de una cultura pol\u00edtica para el bien com\u00fan de M\u00e9xico"},"content":{"rendered":"\n<p><\/p>\n\n\n\n<figure class=\"wp-block-image size-large\"><img fetchpriority=\"high\" decoding=\"async\" width=\"1024\" height=\"631\" src=\"https:\/\/losperiodistas.com.mx\/portal\/wp-content\/uploads\/2021\/06\/Captura-de-Pantalla-2021-06-12-a-las-10.26.00-1024x631.jpg\" alt=\"\" class=\"wp-image-9048\" srcset=\"https:\/\/losperiodistas.com.mx\/portal\/wp-content\/uploads\/2021\/06\/Captura-de-Pantalla-2021-06-12-a-las-10.26.00-1024x631.jpg 1024w, https:\/\/losperiodistas.com.mx\/portal\/wp-content\/uploads\/2021\/06\/Captura-de-Pantalla-2021-06-12-a-las-10.26.00-300x185.jpg 300w, https:\/\/losperiodistas.com.mx\/portal\/wp-content\/uploads\/2021\/06\/Captura-de-Pantalla-2021-06-12-a-las-10.26.00-768x474.jpg 768w, https:\/\/losperiodistas.com.mx\/portal\/wp-content\/uploads\/2021\/06\/Captura-de-Pantalla-2021-06-12-a-las-10.26.00.jpg 1414w\" sizes=\"(max-width: 1024px) 100vw, 1024px\" \/><\/figure>\n\n\n\n<p><\/p>\n\n\n\n<p class=\"has-vivid-cyan-blue-color has-text-color\" style=\"font-size:26px\"><strong><em>Por Carlos Ramos Rosete<\/em><\/strong><\/p>\n\n\n\n<p><\/p>\n\n\n\n<p>A muchos sorprende que el presidente de M\u00e9xico Andr\u00e9s Manuel L\u00f3pez Obrador en las encuestas salga como un presidente bien evaluado, pero al mismo tiempo en aquellos rubros sobre su desempe\u00f1o relativo a la seguridad p\u00fablica, al combate a la pobreza, a la econom\u00eda del pa\u00eds, entre otros; sale mal evaluado.<\/p>\n\n\n\n<p>El anterior fen\u00f3meno obedece a varias causas, entre las cu\u00e1les se podr\u00eda enumerar la deficiencia de una cultura pol\u00edtica entre los ciudadanos de M\u00e9xico. Resulta il\u00f3gico que la actual administraci\u00f3n presidencial tenga n\u00fameros bajos en muchas \u00e1reas que son importantes para el desarrollo de M\u00e9xico, y al mismo tiempo por lo menos la mitad de los encuestados se\u00f1alen una aprobaci\u00f3n para AMLO.<\/p>\n\n\n\n<p>La finalidad del presente escrito es reflexionar sobre la importancia de una cultura pol\u00edtica en la ciudadan\u00eda mexicana como un elemento que se vuelve imprescindible para que M\u00e9xico pueda tener la aspiraci\u00f3n de una mejor realizaci\u00f3n en su bien com\u00fan como naci\u00f3n.<\/p>\n\n\n\n<p>La cultura pol\u00edtica que debe tener todo ciudadano mexicano se debe fraguar en la educaci\u00f3n, principalmente cuando la o el joven est\u00e1 pr\u00f3ximo a cumplir sus 18 a\u00f1os en donde tiene ya la libertad pol\u00edtica de participar en lo que ser\u00e1 su primera jornada electoral para elegir a candidatos en raz\u00f3n de los distintos niveles de gobierno.<\/p>\n\n\n\n<p>En las siguientes l\u00edneas se ensayar\u00e1 un posible temario de una asignatura curricular, ya sea de bachillerato o de universidad, que bien podr\u00eda ser denominada como cultura pol\u00edtica mexicana.<\/p>\n\n\n\n<p>Un primer m\u00f3dulo o unidad podr\u00eda intitularse: Pol\u00edtica y Democracia, en \u00e9ste se plantear\u00edan tem\u00e1ticas como: \u00bfqu\u00e9 es la pol\u00edtica? \u00bfqu\u00e9 es la democracia?, la relaci\u00f3n pol\u00edtica y democracia. La raz\u00f3n de ser de un partido pol\u00edtico.<\/p>\n\n\n\n<p>Es importarte aqu\u00ed desterrar la falsa idea de que pol\u00edtica y corrupci\u00f3n son equivalentes, m\u00e1s bien, remarcar que la pol\u00edtica es necesaria y buena para toda comunidad humana, pero que desafortunadamente la corrupci\u00f3n de los pol\u00edticos, quienes ejercen el poder que les otorga un cargo p\u00fablico, son quienes pervierten el aut\u00e9ntico sentido de la pol\u00edtica.<\/p>\n\n\n\n<p>Por otra parte, en este primer m\u00f3dulo haciendo \u00e9nfasis en la democracia, se podr\u00eda hablar de la diferencia entre democracia y otras formas de gobierno resaltando las ventajas y desventajas de cada una, y a la vez explicando por qu\u00e9 el mundo actual se inclina por la democracia. Destacando que la forma de gobierno democr\u00e1tica busca salvaguardar lo que es el Estado de Derecho, como un Estado comprometido con la promoci\u00f3n, garant\u00eda y salvaguarda de los derechos humanos. Por otro lado, se debe hablar de c\u00f3mo la democracia en su misma din\u00e1mica debe de prevenir tanto a la dictadura ya sea de una sola persona o de un partido pol\u00edtico, como a la demagogia, o bien una dictadura de las mayor\u00edas.<\/p>\n\n\n\n<p>Y en este marco democr\u00e1tico hacer ver que la democracia adquiere diversas formas de realizarse y una de ellas es la que se presenta en M\u00e9xico.<\/p>\n\n\n\n<p>En una universidad como lo es la UPAEP, en raz\u00f3n de su inspiraci\u00f3n cat\u00f3lica, tambi\u00e9n ser\u00eda importante que en este primer m\u00f3dulo se resaltara el c\u00f3mo la Doctrina Social de la Iglesia (DSI), que no es una doctrina pol\u00edtica, sino una ense\u00f1anza antropol\u00f3gica, \u00e9tica y teol\u00f3gica, que desde estos \u00e1mbitos busca iluminar a la din\u00e1mica social, econ\u00f3mica y pol\u00edtica, aporta elementos importantes como es la noci\u00f3n de bien com\u00fan o reflexiones relativas a la solidaridad y a la subsidiaridad que enriquecen en mucho a la democracia. De igual modo, la importancia de la dignidad de la persona humana como centro de todo derecho humano.<\/p>\n\n\n\n<p>En un segundo m\u00f3dulo que bien podr\u00eda llevar por t\u00edtulo la Democracia en M\u00e9xico, se estudiar\u00eda el c\u00f3mo se ha realizado y se lleva a cabo la democracia en este pa\u00eds. Temas como la divisi\u00f3n poderes (legislativo, ejecutivo, judicial) resaltando sus alcances y l\u00edmites, el por qu\u00e9 la divisi\u00f3n del poder legislativo en dos c\u00e1maras (senadores y diputados) ser\u00eda importante tomar en cuenta. Asimismo, qu\u00e9 tipos de diputados existen: federales, locales, mayor\u00eda relativa, plurinominales.<\/p>\n\n\n\n<p>Igualmente, el conocimiento de las funciones de los distintos niveles de gobierno, federal, estatal y municipal, tambi\u00e9n en sus alcances y l\u00edmites.<\/p>\n\n\n\n<p>Por otra parte, el saber qu\u00e9 es una mayor\u00eda relativa, una mayor\u00eda simple, una mayor\u00eda absoluta o una mayor\u00eda cualificada para la aprobaci\u00f3n o desaprobaci\u00f3n de las leyes. En esta tem\u00e1tica, se\u00f1alar el c\u00f3mo puede originarse un proyecto de ley o c\u00f3mo en M\u00e9xico se puede o no aprobar un proyector de ley con una o con las dos c\u00e1maras y su respectiva relaci\u00f3n con el poder ejecutivo, se vuelve tambi\u00e9n importante estudiar.<\/p>\n\n\n\n<p>En este segundo m\u00f3dulo es importarte manifestar la importancia de los cuerpos aut\u00f3nomos que le dan vitalidad a la democracia. Entre \u00e9stos hablar de lo que es el Instituto Nacional Electoral (INE) junto a c\u00f3mo se realizan las elecciones en M\u00e9xico, describiendo las boletas electorales hasta la din\u00e1mica de una casilla electoral.<\/p>\n\n\n\n<p>Como actividad pr\u00e1ctica de este segundo m\u00f3dulo estar\u00eda el que los estudiantes investigaran las plataformas pol\u00edticas de los partidos existentes para identificar sus ideas que tienen ellos mismos como partidos, as\u00ed como la importancia y relevancia que tiene y han tenido en M\u00e9xico<\/p>\n\n\n\n<p>Un tercer m\u00f3dulo se llamar\u00eda Participaci\u00f3n Ciudadana. Aqu\u00ed la tem\u00e1tica central gira en torno a la pregunta: \u00bfc\u00f3mo el ciudadano participa en la democracia? Haciendo ver que la participaci\u00f3n ciudadana no se reduce a solamente a votar en las casillas, sino que existen diversas formas de contribuir para que exista una democracia en M\u00e9xico.<\/p>\n\n\n\n<p>En este m\u00f3dulo deber\u00eda de analizarse los problemas pol\u00edticos, econ\u00f3micos, sociales y de salud que presenta el M\u00e9xico actual, en donde no solamente el gobierno, sino muchas organizaciones se ven involucradas.<\/p>\n\n\n\n<p>El trabajo final del estudiante podr\u00eda orientarse a un proyecto de participaci\u00f3n ciudadana en la democracia mexicana que cada alumno elabore seg\u00fan sus particulares caracter\u00edsticas y condiciones.<\/p>\n\n\n\n<p>Tal vez alguien se\u00f1alar\u00eda que todo lo descrito en los p\u00e1rrafos anteriores abre a una gran profundizaci\u00f3n en el estudio propio de un licenciado o un posgraduado en ciencia pol\u00edtica. Es verdad, pero aqu\u00ed es importante cuidar la finalidad de la asignatura, la cual consiste en formar una cultura pol\u00edtica en el ciudadano con el objetivo de que \u00e9ste logre una participaci\u00f3n en la democracia mexicana para el bien de la naci\u00f3n. Y con base esta finalidad los temas se van dosificando.<\/p>\n\n\n\n<p style=\"font-size:18px\"><\/p>\n","protected":false},"excerpt":{"rendered":"<p>Por Carlos Ramos Rosete A muchos sorprende que el presidente de M\u00e9xico Andr\u00e9s Manuel L\u00f3pez Obrador en las encuestas salga [&hellip;]<\/p>\n","protected":false},"author":1,"featured_media":9048,"comment_status":"open","ping_status":"open","sticky":false,"template":"","format":"standard","meta":{"site-sidebar-layout":"default","site-content-layout":"","ast-site-content-layout":"default","site-content-style":"default","site-sidebar-style":"default","ast-global-header-display":"","ast-banner-title-visibility":"","ast-main-header-display":"","ast-hfb-above-header-display":"","ast-hfb-below-header-display":"","ast-hfb-mobile-header-display":"","site-post-title":"","ast-breadcrumbs-content":"","ast-featured-img":"","footer-sml-layout":"","theme-transparent-header-meta":"","adv-header-id-meta":"","stick-header-meta":"","header-above-stick-meta":"","header-main-stick-meta":"","header-below-stick-meta":"","astra-migrate-meta-layouts":"default","ast-page-background-enabled":"default","ast-page-background-meta":{"desktop":{"background-color":"var(--ast-global-color-4)","background-image":"","background-repeat":"repeat","background-position":"center center","background-size":"auto","background-attachment":"scroll","background-type":"","background-media":"","overlay-type":"","overlay-color":"","overlay-opacity":"","overlay-gradient":""},"tablet":{"background-color":"","background-image":"","background-repeat":"repeat","background-position":"center center","background-size":"auto","background-attachment":"scroll","background-type":"","background-media":"","overlay-type":"","overlay-color":"","overlay-opacity":"","overlay-gradient":""},"mobile":{"background-color":"","background-image":"","background-repeat":"repeat","background-position":"center center","background-size":"auto","background-attachment":"scroll","background-type":"","background-media":"","overlay-type":"","overlay-color":"","overlay-opacity":"","overlay-gradient":""}},"ast-content-background-meta":{"desktop":{"background-color":"var(--ast-global-color-5)","background-image":"","background-repeat":"repeat","background-position":"center center","background-size":"auto","background-attachment":"scroll","background-type":"","background-media":"","overlay-type":"","overlay-color":"","overlay-opacity":"","overlay-gradient":""},"tablet":{"background-color":"var(--ast-global-color-5)","background-image":"","background-repeat":"repeat","background-position":"center center","background-size":"auto","background-attachment":"scroll","background-type":"","background-media":"","overlay-type":"","overlay-color":"","overlay-opacity":"","overlay-gradient":""},"mobile":{"background-color":"var(--ast-global-color-5)","background-image":"","background-repeat":"repeat","background-position":"center center","background-size":"auto","background-attachment":"scroll","background-type":"","background-media":"","overlay-type":"","overlay-color":"","overlay-opacity":"","overlay-gradient":""}},"footnotes":""},"categories":[20,8],"tags":[],"class_list":["post-9047","post","type-post","status-publish","format-standard","has-post-thumbnail","hentry","category-analisis-estrategico","category-noticias"],"_links":{"self":[{"href":"https:\/\/losperiodistas.com.mx\/portal\/wp-json\/wp\/v2\/posts\/9047","targetHints":{"allow":["GET"]}}],"collection":[{"href":"https:\/\/losperiodistas.com.mx\/portal\/wp-json\/wp\/v2\/posts"}],"about":[{"href":"https:\/\/losperiodistas.com.mx\/portal\/wp-json\/wp\/v2\/types\/post"}],"author":[{"embeddable":true,"href":"https:\/\/losperiodistas.com.mx\/portal\/wp-json\/wp\/v2\/users\/1"}],"replies":[{"embeddable":true,"href":"https:\/\/losperiodistas.com.mx\/portal\/wp-json\/wp\/v2\/comments?post=9047"}],"version-history":[{"count":1,"href":"https:\/\/losperiodistas.com.mx\/portal\/wp-json\/wp\/v2\/posts\/9047\/revisions"}],"predecessor-version":[{"id":9049,"href":"https:\/\/losperiodistas.com.mx\/portal\/wp-json\/wp\/v2\/posts\/9047\/revisions\/9049"}],"wp:featuredmedia":[{"embeddable":true,"href":"https:\/\/losperiodistas.com.mx\/portal\/wp-json\/wp\/v2\/media\/9048"}],"wp:attachment":[{"href":"https:\/\/losperiodistas.com.mx\/portal\/wp-json\/wp\/v2\/media?parent=9047"}],"wp:term":[{"taxonomy":"category","embeddable":true,"href":"https:\/\/losperiodistas.com.mx\/portal\/wp-json\/wp\/v2\/categories?post=9047"},{"taxonomy":"post_tag","embeddable":true,"href":"https:\/\/losperiodistas.com.mx\/portal\/wp-json\/wp\/v2\/tags?post=9047"}],"curies":[{"name":"wp","href":"https:\/\/api.w.org\/{rel}","templated":true}]}}