{"id":899,"date":"2020-11-05T07:45:29","date_gmt":"2020-11-05T13:45:29","guid":{"rendered":"http:\/\/losperiodistas.com.mx\/portal\/?p=899"},"modified":"2020-11-05T07:45:29","modified_gmt":"2020-11-05T13:45:29","slug":"mexico-pide-explicacion-a-disenadora-francesa-marant-por-uso-de-disenos-indigenas","status":"publish","type":"post","link":"https:\/\/losperiodistas.com.mx\/portal\/mexico-pide-explicacion-a-disenadora-francesa-marant-por-uso-de-disenos-indigenas\/","title":{"rendered":"M\u00e9xico pide explicaci\u00f3n a dise\u00f1adora francesa Marant por uso de dise\u00f1os ind\u00edgenas"},"content":{"rendered":"\n<p class=\"has-vivid-cyan-blue-color has-text-color has-medium-font-size\">REUTERS STAFF<\/p>\n\n\n\n<p>CIUDAD DE M\u00c9XICO, 4 nov (Reuters) &#8211; M\u00e9xico solicit\u00f3 a la dise\u00f1adora francesa Isabel Marant una explicaci\u00f3n por el uso de dise\u00f1os de comunidades ind\u00edgenas del pa\u00eds latinoamericano en su colecci\u00f3n de ropa oto\u00f1o-invierno 2020-21, seg\u00fan una comunicado difundido el mi\u00e9rcoles.<\/p>\n\n\n\n<p>La Secretar\u00eda de Cultura mexicana dijo que dicha colecci\u00f3n incluye colores y dise\u00f1os propios de comunidades de los estados Michoac\u00e1n, Estado de M\u00e9xico, Tlaxcala, San Luis Potos\u00ed y Oaxaca.<\/p>\n\n\n\n<p>\u201cSolicito a usted, Sra. Isabel Marant, que explique p\u00fablicamente con qu\u00e9 fundamentos privatiza una propiedad colectiva, haciendo uso de elementos culturales cuyo origen est\u00e1 plenamente documentado\u201d, asegur\u00f3 la secretaria de Cultura de M\u00e9xico, Alejandra Frausto, en una carta dirigida a la modista.<\/p>\n\n\n\n<p>La funcionaria apunt\u00f3 que no es la primera vez que la modista francesa de 53 a\u00f1os utiliza elementos tradicionales mexicanos, al recordar que en 2015 incorpor\u00f3 dise\u00f1os de las mujeres mixes de Santa Mar\u00eda Tlahuitoltepec (Oaxaca) en sus prendas.<\/p>\n\n\n\n<p>A mediados del a\u00f1o pasado, M\u00e9xico pidi\u00f3 explicaciones a la firma Louis Vuitton por usar un patr\u00f3n tradicional en el dise\u00f1o de una silla de 18,200 d\u00f3lares, menos de un mes despu\u00e9s de enviar una carta similar a la casa de modas fundada por la venezolana Carolina Herrera.<\/p>\n\n\n\n<p>Reporte de Ana Isabel Mart\u00ednez y Abraham Gonz\u00e1lez; Editado por Diego Or\u00e9<\/p>\n\n\n\n<p>Fuente: https:\/\/lta.reuters.com\/article\/entretenimiento-mexico-marant-idLTAKBN27L00M<\/p>\n","protected":false},"excerpt":{"rendered":"<p>REUTERS STAFF CIUDAD DE M\u00c9XICO, 4 nov (Reuters) &#8211; M\u00e9xico solicit\u00f3 a la dise\u00f1adora francesa Isabel Marant una explicaci\u00f3n por [&hellip;]<\/p>\n","protected":false},"author":1,"featured_media":900,"comment_status":"open","ping_status":"open","sticky":false,"template":"","format":"standard","meta":{"site-sidebar-layout":"default","site-content-layout":"","ast-site-content-layout":"default","site-content-style":"default","site-sidebar-style":"default","ast-global-header-display":"","ast-banner-title-visibility":"","ast-main-header-display":"","ast-hfb-above-header-display":"","ast-hfb-below-header-display":"","ast-hfb-mobile-header-display":"","site-post-title":"","ast-breadcrumbs-content":"","ast-featured-img":"","footer-sml-layout":"","theme-transparent-header-meta":"","adv-header-id-meta":"","stick-header-meta":"","header-above-stick-meta":"","header-main-stick-meta":"","header-below-stick-meta":"","astra-migrate-meta-layouts":"default","ast-page-background-enabled":"default","ast-page-background-meta":{"desktop":{"background-color":"var(--ast-global-color-4)","background-image":"","background-repeat":"repeat","background-position":"center center","background-size":"auto","background-attachment":"scroll","background-type":"","background-media":"","overlay-type":"","overlay-color":"","overlay-opacity":"","overlay-gradient":""},"tablet":{"background-color":"","background-image":"","background-repeat":"repeat","background-position":"center center","background-size":"auto","background-attachment":"scroll","background-type":"","background-media":"","overlay-type":"","overlay-color":"","overlay-opacity":"","overlay-gradient":""},"mobile":{"background-color":"","background-image":"","background-repeat":"repeat","background-position":"center center","background-size":"auto","background-attachment":"scroll","background-type":"","background-media":"","overlay-type":"","overlay-color":"","overlay-opacity":"","overlay-gradient":""}},"ast-content-background-meta":{"desktop":{"background-color":"var(--ast-global-color-5)","background-image":"","background-repeat":"repeat","background-position":"center center","background-size":"auto","background-attachment":"scroll","background-type":"","background-media":"","overlay-type":"","overlay-color":"","overlay-opacity":"","overlay-gradient":""},"tablet":{"background-color":"var(--ast-global-color-5)","background-image":"","background-repeat":"repeat","background-position":"center center","background-size":"auto","background-attachment":"scroll","background-type":"","background-media":"","overlay-type":"","overlay-color":"","overlay-opacity":"","overlay-gradient":""},"mobile":{"background-color":"var(--ast-global-color-5)","background-image":"","background-repeat":"repeat","background-position":"center center","background-size":"auto","background-attachment":"scroll","background-type":"","background-media":"","overlay-type":"","overlay-color":"","overlay-opacity":"","overlay-gradient":""}},"footnotes":""},"categories":[8],"tags":[],"class_list":["post-899","post","type-post","status-publish","format-standard","has-post-thumbnail","hentry","category-noticias"],"_links":{"self":[{"href":"https:\/\/losperiodistas.com.mx\/portal\/wp-json\/wp\/v2\/posts\/899","targetHints":{"allow":["GET"]}}],"collection":[{"href":"https:\/\/losperiodistas.com.mx\/portal\/wp-json\/wp\/v2\/posts"}],"about":[{"href":"https:\/\/losperiodistas.com.mx\/portal\/wp-json\/wp\/v2\/types\/post"}],"author":[{"embeddable":true,"href":"https:\/\/losperiodistas.com.mx\/portal\/wp-json\/wp\/v2\/users\/1"}],"replies":[{"embeddable":true,"href":"https:\/\/losperiodistas.com.mx\/portal\/wp-json\/wp\/v2\/comments?post=899"}],"version-history":[{"count":1,"href":"https:\/\/losperiodistas.com.mx\/portal\/wp-json\/wp\/v2\/posts\/899\/revisions"}],"predecessor-version":[{"id":901,"href":"https:\/\/losperiodistas.com.mx\/portal\/wp-json\/wp\/v2\/posts\/899\/revisions\/901"}],"wp:featuredmedia":[{"embeddable":true,"href":"https:\/\/losperiodistas.com.mx\/portal\/wp-json\/wp\/v2\/media\/900"}],"wp:attachment":[{"href":"https:\/\/losperiodistas.com.mx\/portal\/wp-json\/wp\/v2\/media?parent=899"}],"wp:term":[{"taxonomy":"category","embeddable":true,"href":"https:\/\/losperiodistas.com.mx\/portal\/wp-json\/wp\/v2\/categories?post=899"},{"taxonomy":"post_tag","embeddable":true,"href":"https:\/\/losperiodistas.com.mx\/portal\/wp-json\/wp\/v2\/tags?post=899"}],"curies":[{"name":"wp","href":"https:\/\/api.w.org\/{rel}","templated":true}]}}