{"id":89700,"date":"2024-11-07T18:08:36","date_gmt":"2024-11-08T00:08:36","guid":{"rendered":"http:\/\/losperiodistas.com.mx\/portal\/?p=89700"},"modified":"2024-11-07T18:08:38","modified_gmt":"2024-11-08T00:08:38","slug":"avioneta-aterriza-de-emergencia-en-bosques-de-chapultepec","status":"publish","type":"post","link":"https:\/\/losperiodistas.com.mx\/portal\/avioneta-aterriza-de-emergencia-en-bosques-de-chapultepec\/","title":{"rendered":"Avioneta aterriza de emergencia en Bosques de Chapultepec | E-Consulta"},"content":{"rendered":"\n<p>Al inicio vecinos de la zona creyeron que la aeronave se hab\u00eda desplomado<\/p>\n\n\n\n<figure class=\"wp-block-image size-full\"><img fetchpriority=\"high\" decoding=\"async\" width=\"960\" height=\"624\" src=\"https:\/\/losperiodistas.com.mx\/portal\/wp-content\/uploads\/2024\/11\/Captura-de-pantalla-2024-11-07-180259.png\" alt=\"Avioneta\" class=\"wp-image-89701\" srcset=\"https:\/\/losperiodistas.com.mx\/portal\/wp-content\/uploads\/2024\/11\/Captura-de-pantalla-2024-11-07-180259.png 960w, https:\/\/losperiodistas.com.mx\/portal\/wp-content\/uploads\/2024\/11\/Captura-de-pantalla-2024-11-07-180259-300x195.png 300w, https:\/\/losperiodistas.com.mx\/portal\/wp-content\/uploads\/2024\/11\/Captura-de-pantalla-2024-11-07-180259-768x499.png 768w\" sizes=\"(max-width: 960px) 100vw, 960px\" \/><figcaption class=\"wp-element-caption\">Foto: X @PC_Estatal<\/figcaption><\/figure>\n\n\n\n<p class=\"has-vivid-red-color has-text-color has-link-color wp-elements-758b299c75fc69a896aa95ac5ce2f669\">Fernanda Escobedo \/ E-Consulta<\/p>\n\n\n\n<p>El piloto de una aeronave tuvo que realizar un <strong>aterrizaje de emergencia<\/strong> en inmediaciones de la <strong>colonia Bosques de Chapultepec<\/strong>, al sur de la capital poblana.<\/p>\n\n\n\n<p>El hecho, ocurrido la tarde del jueves, gener\u00f3 una fuerte <strong>movilizaci\u00f3n policiaca<\/strong>, aunque m\u00e1s tarde se confirm\u00f3 que no hubo heridos por el incidente.<\/p>\n\n\n\n<p>Internautas y <strong>vecinos<\/strong> de aquella zona de la ciudad fueron los primeros en reportar el hecho, pues <strong>escucharon ruido<\/strong> y al asomarse creyeron que una aeronave se hab\u00eda desplomado.<\/p>\n\n\n\n<blockquote class=\"twitter-tweet\"><p lang=\"es\" dir=\"ltr\">Informa PC Estatal que ante el reporte de un aterrizaje de emergencia de una aeronave en la zona de Bosques de Chapultepec, se trat\u00f3 de un modelo Cessna 208 Caravan con matr\u00edcula: XB-FVF, los tripulantes se encuentran a salvo.<br><br>En el sitio hay fuerte movilizaci\u00f3n policiaca.<br><br>V\u00eda\u2026 <a href=\"https:\/\/t.co\/K1FnD5axMN\">pic.twitter.com\/K1FnD5axMN<\/a><\/p>&mdash; Peri\u00f3dico e-consulta (@e_consulta) <a href=\"https:\/\/twitter.com\/e_consulta\/status\/1854641050846945375?ref_src=twsrc%5Etfw\">November 7, 2024<\/a><\/blockquote> <script async src=\"https:\/\/platform.twitter.com\/widgets.js\" charset=\"utf-8\"><\/script> \n\n\n\n<p>Al sitio acudi\u00f3 personal de la <strong>Secretar\u00eda de Marina<\/strong>, de la Guardia Nacional, as\u00ed como de las <strong>polic\u00edas Estatal y Municipal<\/strong>. All\u00ed encontraron una <strong>aeronave modelo Cessna 208 Caravan<\/strong> con matr\u00edcula: XB-FVF.<\/p>\n\n\n\n<p>V\u00eda radio uno de los comandantes del <strong>aeropuerto Hermanos Serd\u00e1n<\/strong> se comunic\u00f3 con el <strong>piloto del avi\u00f3n<\/strong>, quien le inform\u00f3 que debi\u00f3 hacer un aterrizaje forzoso, al parecer por una posible falla mec\u00e1nica.<\/p>\n\n\n\n<p>Con respecto a los <strong>ocupantes de la aeronave<\/strong>, se trata de dos personas que debieron recibir <strong>atenci\u00f3n de param\u00e9dicos<\/strong> debido a la crisis nerviosa que presentaron.<\/p>\n\n\n\n<p>Al cierre de esta nota informativa en el sitio a\u00fan hab\u00eda presencia de autoridades y se espera que m\u00e1s tarde se ahonde en informaci\u00f3n. (MCJ)<\/p>\n\n\n\n<p>Fuente: <a href=\"https:\/\/www.e-consulta.com\/nota\/2024-11-07\/seguridad\/avioneta-aterriza-de-emergencia-en-bosques-de-chapultepec\">E-Cons<\/a><a href=\"https:\/\/www.e-consulta.com\/nota\/2024-11-07\/seguridad\/avioneta-aterriza-de-emergencia-en-bosques-de-chapultepec\" target=\"_blank\" rel=\"noreferrer noopener\">ulta<\/a><\/p>\n","protected":false},"excerpt":{"rendered":"<p>Al inicio vecinos de la zona creyeron que la aeronave se hab\u00eda desplomado<\/p>\n","protected":false},"author":1,"featured_media":89701,"comment_status":"open","ping_status":"open","sticky":false,"template":"","format":"standard","meta":{"site-sidebar-layout":"default","site-content-layout":"","ast-site-content-layout":"default","site-content-style":"default","site-sidebar-style":"default","ast-global-header-display":"","ast-banner-title-visibility":"","ast-main-header-display":"","ast-hfb-above-header-display":"","ast-hfb-below-header-display":"","ast-hfb-mobile-header-display":"","site-post-title":"","ast-breadcrumbs-content":"","ast-featured-img":"","footer-sml-layout":"","theme-transparent-header-meta":"","adv-header-id-meta":"","stick-header-meta":"","header-above-stick-meta":"","header-main-stick-meta":"","header-below-stick-meta":"","astra-migrate-meta-layouts":"default","ast-page-background-enabled":"default","ast-page-background-meta":{"desktop":{"background-color":"var(--ast-global-color-4)","background-image":"","background-repeat":"repeat","background-position":"center center","background-size":"auto","background-attachment":"scroll","background-type":"","background-media":"","overlay-type":"","overlay-color":"","overlay-opacity":"","overlay-gradient":""},"tablet":{"background-color":"","background-image":"","background-repeat":"repeat","background-position":"center center","background-size":"auto","background-attachment":"scroll","background-type":"","background-media":"","overlay-type":"","overlay-color":"","overlay-opacity":"","overlay-gradient":""},"mobile":{"background-color":"","background-image":"","background-repeat":"repeat","background-position":"center center","background-size":"auto","background-attachment":"scroll","background-type":"","background-media":"","overlay-type":"","overlay-color":"","overlay-opacity":"","overlay-gradient":""}},"ast-content-background-meta":{"desktop":{"background-color":"var(--ast-global-color-5)","background-image":"","background-repeat":"repeat","background-position":"center center","background-size":"auto","background-attachment":"scroll","background-type":"","background-media":"","overlay-type":"","overlay-color":"","overlay-opacity":"","overlay-gradient":""},"tablet":{"background-color":"var(--ast-global-color-5)","background-image":"","background-repeat":"repeat","background-position":"center center","background-size":"auto","background-attachment":"scroll","background-type":"","background-media":"","overlay-type":"","overlay-color":"","overlay-opacity":"","overlay-gradient":""},"mobile":{"background-color":"var(--ast-global-color-5)","background-image":"","background-repeat":"repeat","background-position":"center center","background-size":"auto","background-attachment":"scroll","background-type":"","background-media":"","overlay-type":"","overlay-color":"","overlay-opacity":"","overlay-gradient":""}},"footnotes":""},"categories":[8],"tags":[32503,32504,32505,32506,2127,3265],"class_list":["post-89700","post","type-post","status-publish","format-standard","has-post-thumbnail","hentry","category-noticias","tag-aterrizaje-de-emergencia","tag-avioneta","tag-bosques-de-chapultepec","tag-cessna-208-caravan","tag-guardia-nacional","tag-secretaria-de-marina"],"_links":{"self":[{"href":"https:\/\/losperiodistas.com.mx\/portal\/wp-json\/wp\/v2\/posts\/89700","targetHints":{"allow":["GET"]}}],"collection":[{"href":"https:\/\/losperiodistas.com.mx\/portal\/wp-json\/wp\/v2\/posts"}],"about":[{"href":"https:\/\/losperiodistas.com.mx\/portal\/wp-json\/wp\/v2\/types\/post"}],"author":[{"embeddable":true,"href":"https:\/\/losperiodistas.com.mx\/portal\/wp-json\/wp\/v2\/users\/1"}],"replies":[{"embeddable":true,"href":"https:\/\/losperiodistas.com.mx\/portal\/wp-json\/wp\/v2\/comments?post=89700"}],"version-history":[{"count":1,"href":"https:\/\/losperiodistas.com.mx\/portal\/wp-json\/wp\/v2\/posts\/89700\/revisions"}],"predecessor-version":[{"id":89702,"href":"https:\/\/losperiodistas.com.mx\/portal\/wp-json\/wp\/v2\/posts\/89700\/revisions\/89702"}],"wp:featuredmedia":[{"embeddable":true,"href":"https:\/\/losperiodistas.com.mx\/portal\/wp-json\/wp\/v2\/media\/89701"}],"wp:attachment":[{"href":"https:\/\/losperiodistas.com.mx\/portal\/wp-json\/wp\/v2\/media?parent=89700"}],"wp:term":[{"taxonomy":"category","embeddable":true,"href":"https:\/\/losperiodistas.com.mx\/portal\/wp-json\/wp\/v2\/categories?post=89700"},{"taxonomy":"post_tag","embeddable":true,"href":"https:\/\/losperiodistas.com.mx\/portal\/wp-json\/wp\/v2\/tags?post=89700"}],"curies":[{"name":"wp","href":"https:\/\/api.w.org\/{rel}","templated":true}]}}