{"id":896,"date":"2020-11-05T07:37:00","date_gmt":"2020-11-05T13:37:00","guid":{"rendered":"http:\/\/losperiodistas.com.mx\/portal\/?p=896"},"modified":"2020-11-05T07:37:00","modified_gmt":"2020-11-05T13:37:00","slug":"sandra-barneda-paradojicamente-la-soledad-es-el-mal-del-siglo-xxi","status":"publish","type":"post","link":"https:\/\/losperiodistas.com.mx\/portal\/sandra-barneda-paradojicamente-la-soledad-es-el-mal-del-siglo-xxi\/","title":{"rendered":"Sandra Barneda: \u201cParad\u00f3jicamente, la soledad es el mal del siglo XXI\u201d"},"content":{"rendered":"\n<p style=\"font-size:18px\"><em>La escritora y presentadora publica \u201cUn oc\u00e9ano para llegar a ti\u201d, finalista del Premio Planeta<\/em><\/p>\n\n\n\n<p class=\"has-vivid-cyan-blue-color has-text-color has-medium-font-size\">JAVIER ORS\/ LA RAZ\u00d3N<\/p>\n\n\n\n<p><strong>\u2013La muerte es el detonante.<\/strong><\/p>\n\n\n\n<p>\u2013En nuestras sociedades todav\u00eda existe un tema tab\u00fa, que es el de las p\u00e9rdidas, pero deber\u00edamos tener presente que los muertos nos ense\u00f1an. Pueden ser transformadoras de nuestras vidas, por eso esta narraci\u00f3n es una historia de esperanza. Si no puedes traspasar un dolor y no eres capaz de transformarte, puede que no te renueves.<\/p>\n\n\n\n<p><strong>\u2013En una de las p\u00e1ginas escribe: \u00abEl silencio es el arma m\u00e1s destructiva\u00bb.<\/strong><\/p>\n\n\n\n<p>\u2013Hay que tener cuidado porque las palabra tambi\u00e9n pueden ser dardos envenenados. El silencio puede ser la larva de algo muy autodestructivo y tambi\u00e9n muy lesivo en el seno de una familia. Lo que ocurre es que la protagonista tiene la intenci\u00f3n de callar, pero el amor al final, la vence porque es m\u00e1s importante. En ocasiones tienes que cruzar un oc\u00e9ano, el que menciono en el t\u00edtulo, para comprender las decisiones de familia. Hace mucho da\u00f1o callar, igual que cualquier decisi\u00f3n seria, pero yo no soy persona de silencios, sino hablar.<\/p>\n\n\n\n<p><strong>\u2013Una expresi\u00f3n: \u00abLisiados emocionales\u00bb.<\/strong><\/p>\n\n\n\n<p>\u2013La educaci\u00f3n es importante. Lo es todo. Yo abogo por un sistema educativo distinto, al que me temo que llegamos tarde, que no se base en el conocimiento de la lista de los reyes godos. Hay que enfatizar otras habilidades como es el pensamiento cr\u00edtico, la empat\u00eda, el desarrollo del liderazgo, el aprendizaje de la comunicaci\u00f3n y la oratoria. Es cierto que hay que cuidar las potencias del intelecto, pero tambi\u00e9n desenvolverte con las emociones, porque en Espa\u00f1a, ni en muchos pa\u00edses, no se ense\u00f1a a traducir lo que sentimos. Esto supone una fuente de conflicto y de problemas. Existe falta de comunicaci\u00f3n. Estamos deficitarios en este \u00e1rea.https:\/\/b57975dbebb41ad90b3f81378cbcc44c.safeframe.googlesyndication.com\/safeframe\/1-0-37\/html\/container.html<\/p>\n\n\n\n<p><strong>\u2013Eso es ir\u00f3nico en una sociedad como la actual<\/strong><\/p>\n\n\n\n<p>\u2013Igual que la soledad en un mundo conectado. La soledad es el mal del siglo XXI. Teniendo toda la tecnolog\u00eda a nuestro alcance, resulta casi parad\u00f3jico. Vi una obra de teatro en que se hace una cr\u00edtica social de las conversaciones que tenemos, que repasan de todo menos c\u00f3mo estamos. De hecho, esos personajes no saben responder esa cuesti\u00f3n.<\/p>\n\n\n\n<p><strong>\u2013Otra contradicci\u00f3n: estamos expuestos y guardamos muchos secretos. \u00bfSon tan importantes?<\/strong><\/p>\n\n\n\n<p>\u2013Los secretos son la fuente de la curiosidad y el conocimiento. Hoy nos mostramos en las redes sociales, pero eso es como quedarse en el titular de una noticia. Si quieres saber lo que ha ocurrido, tienes que leerla entera. Con las personas sucede igual. Los secretos esconden una parte de la esencia de lo que somos.<\/p>\n\n\n\n<p>Fuente: https:\/\/www.larazon.es\/cultura\/20201105\/ato3oltt3jca7hh4xsqp6olrbu.html<\/p>\n","protected":false},"excerpt":{"rendered":"<p>La escritora y presentadora publica \u201cUn oc\u00e9ano para llegar a ti\u201d, finalista del Premio Planeta JAVIER ORS\/ LA RAZ\u00d3N \u2013La [&hellip;]<\/p>\n","protected":false},"author":1,"featured_media":897,"comment_status":"open","ping_status":"open","sticky":false,"template":"","format":"standard","meta":{"site-sidebar-layout":"default","site-content-layout":"","ast-site-content-layout":"default","site-content-style":"default","site-sidebar-style":"default","ast-global-header-display":"","ast-banner-title-visibility":"","ast-main-header-display":"","ast-hfb-above-header-display":"","ast-hfb-below-header-display":"","ast-hfb-mobile-header-display":"","site-post-title":"","ast-breadcrumbs-content":"","ast-featured-img":"","footer-sml-layout":"","theme-transparent-header-meta":"","adv-header-id-meta":"","stick-header-meta":"","header-above-stick-meta":"","header-main-stick-meta":"","header-below-stick-meta":"","astra-migrate-meta-layouts":"default","ast-page-background-enabled":"default","ast-page-background-meta":{"desktop":{"background-color":"var(--ast-global-color-4)","background-image":"","background-repeat":"repeat","background-position":"center center","background-size":"auto","background-attachment":"scroll","background-type":"","background-media":"","overlay-type":"","overlay-color":"","overlay-opacity":"","overlay-gradient":""},"tablet":{"background-color":"","background-image":"","background-repeat":"repeat","background-position":"center center","background-size":"auto","background-attachment":"scroll","background-type":"","background-media":"","overlay-type":"","overlay-color":"","overlay-opacity":"","overlay-gradient":""},"mobile":{"background-color":"","background-image":"","background-repeat":"repeat","background-position":"center center","background-size":"auto","background-attachment":"scroll","background-type":"","background-media":"","overlay-type":"","overlay-color":"","overlay-opacity":"","overlay-gradient":""}},"ast-content-background-meta":{"desktop":{"background-color":"var(--ast-global-color-5)","background-image":"","background-repeat":"repeat","background-position":"center center","background-size":"auto","background-attachment":"scroll","background-type":"","background-media":"","overlay-type":"","overlay-color":"","overlay-opacity":"","overlay-gradient":""},"tablet":{"background-color":"var(--ast-global-color-5)","background-image":"","background-repeat":"repeat","background-position":"center center","background-size":"auto","background-attachment":"scroll","background-type":"","background-media":"","overlay-type":"","overlay-color":"","overlay-opacity":"","overlay-gradient":""},"mobile":{"background-color":"var(--ast-global-color-5)","background-image":"","background-repeat":"repeat","background-position":"center center","background-size":"auto","background-attachment":"scroll","background-type":"","background-media":"","overlay-type":"","overlay-color":"","overlay-opacity":"","overlay-gradient":""}},"footnotes":""},"categories":[8],"tags":[],"class_list":["post-896","post","type-post","status-publish","format-standard","has-post-thumbnail","hentry","category-noticias"],"_links":{"self":[{"href":"https:\/\/losperiodistas.com.mx\/portal\/wp-json\/wp\/v2\/posts\/896","targetHints":{"allow":["GET"]}}],"collection":[{"href":"https:\/\/losperiodistas.com.mx\/portal\/wp-json\/wp\/v2\/posts"}],"about":[{"href":"https:\/\/losperiodistas.com.mx\/portal\/wp-json\/wp\/v2\/types\/post"}],"author":[{"embeddable":true,"href":"https:\/\/losperiodistas.com.mx\/portal\/wp-json\/wp\/v2\/users\/1"}],"replies":[{"embeddable":true,"href":"https:\/\/losperiodistas.com.mx\/portal\/wp-json\/wp\/v2\/comments?post=896"}],"version-history":[{"count":1,"href":"https:\/\/losperiodistas.com.mx\/portal\/wp-json\/wp\/v2\/posts\/896\/revisions"}],"predecessor-version":[{"id":898,"href":"https:\/\/losperiodistas.com.mx\/portal\/wp-json\/wp\/v2\/posts\/896\/revisions\/898"}],"wp:featuredmedia":[{"embeddable":true,"href":"https:\/\/losperiodistas.com.mx\/portal\/wp-json\/wp\/v2\/media\/897"}],"wp:attachment":[{"href":"https:\/\/losperiodistas.com.mx\/portal\/wp-json\/wp\/v2\/media?parent=896"}],"wp:term":[{"taxonomy":"category","embeddable":true,"href":"https:\/\/losperiodistas.com.mx\/portal\/wp-json\/wp\/v2\/categories?post=896"},{"taxonomy":"post_tag","embeddable":true,"href":"https:\/\/losperiodistas.com.mx\/portal\/wp-json\/wp\/v2\/tags?post=896"}],"curies":[{"name":"wp","href":"https:\/\/api.w.org\/{rel}","templated":true}]}}