{"id":893,"date":"2020-11-05T07:19:53","date_gmt":"2020-11-05T13:19:53","guid":{"rendered":"http:\/\/losperiodistas.com.mx\/portal\/?p=893"},"modified":"2020-11-05T07:19:53","modified_gmt":"2020-11-05T13:19:53","slug":"zalacain-el-primer-tres-estrellas-michelin-de-espana-cierra-y-solicita-concurso-de-acreedores","status":"publish","type":"post","link":"https:\/\/losperiodistas.com.mx\/portal\/zalacain-el-primer-tres-estrellas-michelin-de-espana-cierra-y-solicita-concurso-de-acreedores\/","title":{"rendered":"Zalaca\u00edn, el primer tres estrellas Michelin de Espa\u00f1a, cierra y solicita concurso de acreedores"},"content":{"rendered":"\n<p style=\"font-size:18px\"><em>El restaurante, referente culinario en Madrid durante d\u00e9cadas, anuncia su cierre definitivo<\/em><\/p>\n\n\n\n<p class=\"has-vivid-cyan-blue-color has-text-color has-medium-font-size\">PILAR SALAS\/ EFE\/ ABC<\/p>\n\n\n\n<p>Zalaca\u00edn (Madrid) fue&nbsp;<strong>el primer restaurante espa\u00f1ol en lograr tres estrellas Michelin<\/strong>, referencia gastron\u00f3mica y templo culinario de los tiempos de la Transici\u00f3n, pero el \u00abtsunami\u00bb econ\u00f3mico derivado de la covid se lo ha llevado por delante tras casi 50 a\u00f1os de historia.<\/p>\n\n\n\n<p>Cerr\u00f3, como el resto de la hosteler\u00eda, durante el estado de alarma; intent\u00f3 sobrevivir con el servicio de comida a domicilio, pero nunca lleg\u00f3 a reabrir y finalmente la propiedad, el grupo empresarial La Finca, ha decidido solicitar&nbsp;<strong>concurso de acreedores e ir directamente a liquidaci\u00f3n<\/strong>, han confirmado este jueves a Efe fuentes de la compa\u00f1\u00eda.<\/p>\n\n\n\n<p>\u00abEs un &#8216;tsunami&#8217; dur\u00edsimo, todav\u00eda no nos lo creemos\u00bb, dice a Efe Carmen Gonz\u00e1lez, quien ha sido su \u00faltima jefa de sala y la primera que ejerci\u00f3 como tal en un restaurante que, asegura, \u00ab<strong>nunca va a caer en el olvido<\/strong>&nbsp;y siempre formar\u00e1 parte de la historia gastron\u00f3mica\u00bb, por lo que se siente \u00abmuy afortunada\u00bb de haber sido part\u00edcipe.<\/p>\n\n\n\n<p>[&nbsp;<a href=\"https:\/\/www.abc.es\/guia-restaurantes\/madrid\/zalacain-2.html\" target=\"_blank\" rel=\"noreferrer noopener\">Zalaca\u00edn<\/a>: la cr\u00edtica de Carlos Maribona en su reapertura en 2017]<\/p>\n\n\n\n<p>El cierre definitivo ha sido&nbsp;<strong>una decisi\u00f3n \u00abmuy pensada<\/strong>&nbsp;por parte de la propiedad, tras contemplar mil escenarios posibles\u00bb. Se descart\u00f3 volver a la actividad en septiembre y se plane\u00f3 abrir en Navidad, pero&nbsp;<strong>\u00abla hosteler\u00eda penaliza por d\u00edas\u00bb<\/strong>&nbsp;y mantenerlo cerrado por tiempo indefinido era \u00abinsostenible econ\u00f3micamente\u00bb.<\/p>\n\n\n\n<p>Como directora de Operaciones del Grupo Zalaca\u00edn, integrado por el restaurante y un espacio de eventos, Carmen Gonz\u00e1lez lamenta la \u00abinjusticia\u00bb de un cierre que \u00abno se debe a una mala gesti\u00f3n\u00bb sino&nbsp;<strong>\u00abpor fuerza mayor\u00bb<\/strong>&nbsp;y teme que \u00abeste t\u00fanel est\u00e9 todav\u00eda m\u00e1s oscuro\u00bb para la hosteler\u00eda.<\/p>\n\n\n\n<p>\u00abPero lo que m\u00e1s me duele es el factor humano; los m\u00e1s de&nbsp;<strong>50 trabajadores del Grupo Zalaca\u00edn<\/strong>&nbsp;han sido sus mejores embajadores, han formado un equipo maravilloso\u00bb, reconoce la valenciana, quien se incorpor\u00f3 en 2017 tras una profunda reforma en el m\u00edtico restaurante.<\/p>\n\n\n\n<p>Por ellos y por la supervivencia del grupo se puso en marcha el&nbsp;<strong>servicio de comida a domicilio<\/strong>, pero reconoce que no funcion\u00f3. \u00abEl sello de identidad de Zalaca\u00edn -uno de los pocos restaurantes donde se segu\u00eda exigiendo chaqueta- era la experiencia que se viv\u00eda en \u00e9l, el cari\u00f1o que el personal daba al comensal y en casa no era lo mismo\u00bb.<\/p>\n\n\n\n<p>\u00abLos clientes quer\u00edan volver, nos lo dec\u00edan, pero el virus no nos ha dejado\u00bb, lamenta.<\/p>\n\n\n\n<h3 class=\"wp-block-heading\">Otros damnificados por la crisis<\/h3>\n\n\n\n<p>No son los \u00fanicos damnificados. En San Sebasti\u00e1n ha echado definitivamente la persiana tras casi 15 a\u00f1os&nbsp;<strong>A Fuego Negro<\/strong>, un revolucionario de la cultura del pintxo; en Barcelona&nbsp;<strong>Sergi de Mei\u00e0 o Monv\u00ednic<\/strong>; en Sevilla el cl\u00e1sico&nbsp;<strong>Restaurante Becerra<\/strong>; en Logro\u00f1o&nbsp;<strong>La cocina de Ram\u00f3n y La Parrilla Riojana<\/strong>, y en Madrid los estrellas&nbsp;<strong>Michelin Punto MX y 99 Sushi Ko<\/strong>, por citar s\u00f3lo algunos ejemplos.<\/p>\n\n\n\n<p>Pero con el caso de Zalaca\u00edn, que debe su nombre a un personaje de P\u00edo Baroja, se va buena parte de nuestra historia. Fundado por&nbsp;<strong>Jes\u00fas Mar\u00eda Oyarbide y Consuelo Apalategui<\/strong>&nbsp;en 1973, acogi\u00f3 desde comidas y reuniones de los primeros Gobiernos de la democracia a fusiones de bancos, adem\u00e1s de tener a reyes, presidentes nacionales e internacionales, premios Nobel, deportistas y artistas como comensales y de ser proveedor de la Casa Real.<\/p>\n\n\n\n<h3 class=\"wp-block-heading\">Tres estrellas en 1987<\/h3>\n\n\n\n<p>Logr\u00f3 la m\u00e1xima distinci\u00f3n de la Gu\u00eda Michelin en 1987, siendo el primer restaurante de Espa\u00f1a en lograrlo, entonces con Benjam\u00edn Urdia\u00edn como jefe de cocina, y platos como la&nbsp;<strong>merluza al vapor de albahaca<\/strong>&nbsp;o el sorbete de higos chumbos, su vajilla de dise\u00f1o exclusivo, la cuberter\u00eda de plata, una impresionante bodega y el trato exquisito como bandera.<\/p>\n\n\n\n<p>Las jubilaciones del tr\u00edo inaugural formado por Urdia\u00edn en la cocina,&nbsp;<strong>Custodio L\u00f3pez Zamarra<\/strong>&nbsp;al frente de la bodega y&nbsp;<strong>Jos\u00e9 Jim\u00e9nez Blas<\/strong>&nbsp;como director del restaurante; la venta por parte de Oyarbide a un buen cliente,&nbsp;<strong>Luis Garc\u00eda Cereceda<\/strong>, tras cuya muerte se hizo cargo el Grupo La Finca, presidido por Susana Garc\u00eda Cerceda, fueron cambiando la trayectoria de esta hist\u00f3rica casa, aunque no su nivel de excelencia.<\/p>\n\n\n\n<p>Cierra Zalaca\u00edn, dejando platos memorables como la lubina a los dos vinos, las manitas de cerdo rellenas, el steak tartare con patatas souffl\u00e9 o el b\u00facaro Don P\u00edo. Lo que no pudieron otras crisis, lo ha conseguido la del coronavirus.<\/p>\n\n\n\n<p>Fuente: https:\/\/www.abc.es\/viajar\/gastronomia\/abci-zalacain-primer-tres-estrellas-michelin-espana-cierra-y-solicita-concurso-acreedores-202011051230_noticia.html<\/p>\n","protected":false},"excerpt":{"rendered":"<p>El restaurante, referente culinario en Madrid durante d\u00e9cadas, anuncia su cierre definitivo PILAR SALAS\/ EFE\/ ABC Zalaca\u00edn (Madrid) fue&nbsp;el primer [&hellip;]<\/p>\n","protected":false},"author":1,"featured_media":894,"comment_status":"open","ping_status":"open","sticky":false,"template":"","format":"standard","meta":{"site-sidebar-layout":"default","site-content-layout":"","ast-site-content-layout":"default","site-content-style":"default","site-sidebar-style":"default","ast-global-header-display":"","ast-banner-title-visibility":"","ast-main-header-display":"","ast-hfb-above-header-display":"","ast-hfb-below-header-display":"","ast-hfb-mobile-header-display":"","site-post-title":"","ast-breadcrumbs-content":"","ast-featured-img":"","footer-sml-layout":"","theme-transparent-header-meta":"","adv-header-id-meta":"","stick-header-meta":"","header-above-stick-meta":"","header-main-stick-meta":"","header-below-stick-meta":"","astra-migrate-meta-layouts":"default","ast-page-background-enabled":"default","ast-page-background-meta":{"desktop":{"background-color":"var(--ast-global-color-4)","background-image":"","background-repeat":"repeat","background-position":"center center","background-size":"auto","background-attachment":"scroll","background-type":"","background-media":"","overlay-type":"","overlay-color":"","overlay-opacity":"","overlay-gradient":""},"tablet":{"background-color":"","background-image":"","background-repeat":"repeat","background-position":"center center","background-size":"auto","background-attachment":"scroll","background-type":"","background-media":"","overlay-type":"","overlay-color":"","overlay-opacity":"","overlay-gradient":""},"mobile":{"background-color":"","background-image":"","background-repeat":"repeat","background-position":"center center","background-size":"auto","background-attachment":"scroll","background-type":"","background-media":"","overlay-type":"","overlay-color":"","overlay-opacity":"","overlay-gradient":""}},"ast-content-background-meta":{"desktop":{"background-color":"var(--ast-global-color-5)","background-image":"","background-repeat":"repeat","background-position":"center center","background-size":"auto","background-attachment":"scroll","background-type":"","background-media":"","overlay-type":"","overlay-color":"","overlay-opacity":"","overlay-gradient":""},"tablet":{"background-color":"var(--ast-global-color-5)","background-image":"","background-repeat":"repeat","background-position":"center center","background-size":"auto","background-attachment":"scroll","background-type":"","background-media":"","overlay-type":"","overlay-color":"","overlay-opacity":"","overlay-gradient":""},"mobile":{"background-color":"var(--ast-global-color-5)","background-image":"","background-repeat":"repeat","background-position":"center center","background-size":"auto","background-attachment":"scroll","background-type":"","background-media":"","overlay-type":"","overlay-color":"","overlay-opacity":"","overlay-gradient":""}},"footnotes":""},"categories":[8],"tags":[],"class_list":["post-893","post","type-post","status-publish","format-standard","has-post-thumbnail","hentry","category-noticias"],"_links":{"self":[{"href":"https:\/\/losperiodistas.com.mx\/portal\/wp-json\/wp\/v2\/posts\/893","targetHints":{"allow":["GET"]}}],"collection":[{"href":"https:\/\/losperiodistas.com.mx\/portal\/wp-json\/wp\/v2\/posts"}],"about":[{"href":"https:\/\/losperiodistas.com.mx\/portal\/wp-json\/wp\/v2\/types\/post"}],"author":[{"embeddable":true,"href":"https:\/\/losperiodistas.com.mx\/portal\/wp-json\/wp\/v2\/users\/1"}],"replies":[{"embeddable":true,"href":"https:\/\/losperiodistas.com.mx\/portal\/wp-json\/wp\/v2\/comments?post=893"}],"version-history":[{"count":1,"href":"https:\/\/losperiodistas.com.mx\/portal\/wp-json\/wp\/v2\/posts\/893\/revisions"}],"predecessor-version":[{"id":895,"href":"https:\/\/losperiodistas.com.mx\/portal\/wp-json\/wp\/v2\/posts\/893\/revisions\/895"}],"wp:featuredmedia":[{"embeddable":true,"href":"https:\/\/losperiodistas.com.mx\/portal\/wp-json\/wp\/v2\/media\/894"}],"wp:attachment":[{"href":"https:\/\/losperiodistas.com.mx\/portal\/wp-json\/wp\/v2\/media?parent=893"}],"wp:term":[{"taxonomy":"category","embeddable":true,"href":"https:\/\/losperiodistas.com.mx\/portal\/wp-json\/wp\/v2\/categories?post=893"},{"taxonomy":"post_tag","embeddable":true,"href":"https:\/\/losperiodistas.com.mx\/portal\/wp-json\/wp\/v2\/tags?post=893"}],"curies":[{"name":"wp","href":"https:\/\/api.w.org\/{rel}","templated":true}]}}