{"id":890,"date":"2020-11-05T07:04:18","date_gmt":"2020-11-05T13:04:18","guid":{"rendered":"http:\/\/losperiodistas.com.mx\/portal\/?p=890"},"modified":"2020-11-05T07:04:18","modified_gmt":"2020-11-05T13:04:18","slug":"el-sindrome-de-abstinencia-del-alcohol-provoco-psicosis-a-van-gogh","status":"publish","type":"post","link":"https:\/\/losperiodistas.com.mx\/portal\/el-sindrome-de-abstinencia-del-alcohol-provoco-psicosis-a-van-gogh\/","title":{"rendered":"El s\u00edndrome de abstinencia del alcohol provoc\u00f3 psicosis a Van Gogh"},"content":{"rendered":"\n<p><em>Un estudio llevado a cabo en los Pa\u00edses Bajos por psiquiatras y neur\u00f3logos se\u00f1ala que la bebida y la malnutrici\u00f3n acentuaron los trastornos mentales del pintor<\/em><\/p>\n\n\n\n<p class=\"has-vivid-cyan-blue-color has-text-color has-medium-font-size\">ISABEL FERRER\/ LA Haya\/ EL PA\u00cdS<\/p>\n\n\n\n<p>Vincent van Gogh pintaba sin parar, com\u00eda tan mal como para estar desnutrido, fumaba mucho y dorm\u00eda poco, y sufri\u00f3 episodios de psicosis derivados del&nbsp;<em>delirium tremens<\/em>, la fase aguda del s\u00edndrome de abstinencia del alcohol. Ocurri\u00f3 despu\u00e9s de cortarse la oreja izquierda y ser ingresado en un sanatorio, donde no pod\u00eda beber. El frenes\u00ed en que estaba inmerso ha dejado un famoso legado art\u00edstico, que le cost\u00f3, literalmente, la vida, en 1890. Una nueva investigaci\u00f3n sobre su estado mental, realizada por un equipo de psiquiatras y neur\u00f3logos de los Pa\u00edses Bajos, se\u00f1ala que adem\u00e1s de&nbsp;<a href=\"https:\/\/elpais.com\/cultura\/2016\/09\/15\/actualidad\/1473953879_484922.html\">los brotes psic\u00f3ticos<\/a>&nbsp;pudo padecer varios des\u00f3rdenes con s\u00edntomas asociados a los trastornos l\u00edmite de la personalidad y bipolar. Todo ello exacerbado por su alcoholismo y su pobre alimentaci\u00f3n. Publicado en el&nbsp;<em>International Journal of Bipolar Disorders,<\/em>&nbsp;el estudio se presenta como el m\u00e1s amplio efectuado hasta la fecha e indica que su estado se agrav\u00f3 con momentos de depresi\u00f3n severa de la que no pudo recuperarse, y explicar\u00eda su suicidio.<\/p>\n\n\n\n<p>Analizada con la perspectiva del tiempo, la muerte de Van Gogh fue lenta y a la vista de todos, y el amarre vital de la pintura no pudo evitarla. Sin embargo, su aparente desequilibrio \u2014que le llev\u00f3 a tener buenos amigos entre sus colegas, al tiempo que romp\u00eda con violencia\u00a0<a href=\"https:\/\/elpais.com\/cultura\/2020-06-17\/van-gogh-y-gaugin-la-carta-que-revela-los-entresijos-de-una-sociedad-artistica-unica.html\">su relaci\u00f3n art\u00edstica con el pintor franc\u00e9s Paul Gauguin<\/a>, en 1888; a pintar sin freno durante d\u00edas sostenido apenas por la bebida y el caf\u00e9; a confiarse con lucidez y cari\u00f1o\u00a0<a href=\"https:\/\/elpais.com\/cultura\/2018\/11\/30\/actualidad\/1543565007_344763.html\">a su hermano, Theo<\/a>, al que escribi\u00f3 centenares de cartas\u2014 escond\u00eda algo m\u00e1s. Desde que se suicid\u00f3 en la localidad francesa de Auvers-sur-Oise, han proliferado las teor\u00edas sobre su estado mental, y los facultativos que le atendieron llegaron a varias conclusiones. Felix Rey, el que tuvo en Arl\u00e9s (Francia) entre 1888 y 1889, diagnostic\u00f3 una \u201cenajenaci\u00f3n transitoria\u201d tras el tajo de su oreja. Jules Urpar, jefe de Rey, a\u00f1adi\u00f3 \u201cun ataque mani\u00e1tico agudo con delirio generalizado\u201d. En Saint-R\u00e9my, donde fue internado en 1889, el doctor Th\u00e9ophile Peyron habl\u00f3 de \u201cataques de epilepsia separados por intervalos largos\u201d.<\/p>\n\n\n\n<p>Para el nuevo an\u00e1lisis, coordinado por el psiquiatra neerland\u00e9s Willem A. Nolen, los investigadores del Hospital Universitario de Groningen, han entrevistado a tres historiadores del arte expertos en su correspondencia y han consultado los informes de los m\u00e9dicos de la \u00e9poca. Han revisado adem\u00e1s las cartas del pintor, y&nbsp;<a href=\"https:\/\/elpais.com\/cultura\/2016\/07\/12\/actualidad\/1468347211_225529.html\">consideran poco probable que Vincent tuviera esquizofrenia.<\/a>&nbsp;Tampoco porfiria, una enfermedad metab\u00f3lica que provoca una disfunci\u00f3n del sistema nervioso. O bien neuros\u00edfilis, una infecci\u00f3n bacteriana de la medula espinal o el cerebro, ocurrida cuando se ha tenido la enfermedad de transmisi\u00f3n sexual sin tratamiento durante a\u00f1os, y que s\u00ed acab\u00f3 con Theo. No les convence que se intoxicara con el mon\u00f3xido de carbono de las l\u00e1mparas de gas, y dudan acerca de una posible epilepsia. \u201cLo m\u00e1s probable es que Van Gogh sufriera de comorbilidad [varios trastornos asociados a uno primario]. Desde su juventud, debi\u00f3 desarrollar rasgos de un desorden subyacente de l\u00edmite de la personalidad, junto con el bipolar. Agudizados por el alcohol [beb\u00eda absenta, que puede tener hasta un 70% de alcohol], la malnutrici\u00f3n y tensiones psicosociales, la crisis resultante deriv\u00f3 en su mutilaci\u00f3n de la oreja. Luego pudo padecer&nbsp;<em>delirium tremen<\/em>s por la abstinencia obligada de la bebida al estar ingresado, y varios episodios depresivos severos con trazos psic\u00f3ticos\u201d, dice al tel\u00e9fono Nolen. El artista se peg\u00f3 un tiro el 29 de julio de 1890 a los 37 a\u00f1os, \u201cy aunque creemos que tuvo problemas psicol\u00f3gicos desde la juventud, la diferencia es que hoy disponemos de tratamientos que le habr\u00edan facilitado la existencia\u201d, sigue. Y luego a\u00f1ade: \u201cSus relaciones con las mujeres fueron complicadas y apenas vendi\u00f3 un cuadro en vida, a pesar de lo mucho que pint\u00f3. Luego el alcoholismo agudiz\u00f3 sus problemas mentales\u201d.<\/p>\n\n\n\n<p>Para los investigadores, Van Gogh mismo no entend\u00eda qu\u00e9 le ocurr\u00eda. Escribi\u00f3 a Theo sobre \u201cuna fiebre nerviosa mental o locura, no s\u00e9 bien c\u00f3mo llamarlo\u201d. Cuando el pintor resid\u00eda en \u00c1msterdam, en 1877, escribi\u00f3: \u201cMi cabeza arde a menudo y estoy confuso y tengo un gran temor\u201d. Tambi\u00e9n se describi\u00f3 como un hombre capaz de cometer locuras y luego arrepentirse, que ten\u00eda \u201clos amores m\u00e1s imposibles\u00bb, de los que sal\u00eda \u00abavergonzado\u201d. Nolen subraya que sus cartas no eran una relaci\u00f3n de s\u00edntomas destinadas al m\u00e9dico, sino a parientes y amigos, \u201cy es posible que le quitara importancia o lo suavizara para no alarmarles\u201d.\u00a0<a href=\"https:\/\/elpais.com\/cultura\/2020\/01\/20\/actualidad\/1579524383_849908.html\">En un autorretrato firmado en 1889,<\/a>\u00a0que pertenece a la colecci\u00f3n del Museo Nacional de Oslo (Noruega), Van Gogh acababa de estar enfermo y se muestra con la cabeza rapada y mira de reojo al espectador. Los historiadores del arte creen que intent\u00f3 reflejar su estado. Los investigadores rese\u00f1an esa versi\u00f3n y despiden su propio estudio con estilo. Dicen as\u00ed: \u201cQueremos subrayar que no solo fue un pintor grande e influyente, sino un hombre inteligente con enormes dosis de fuerza, resistencia y perseverancia.\u00a0<a href=\"https:\/\/elpais.com\/cultura\/2020-07-28\/el-ultimo-paisaje-que-pinto-van-gogh.html\">Que solo dej\u00f3 de crear durante los episodios m\u00e1s severos de psicosis<\/a>\u201d. El desorden, apasionado, de Van Gogh.<\/p>\n\n\n\n<p>Fuente: https:\/\/elpais.com\/cultura\/2020-11-04\/el-sindrome-de-abstinencia-del-alcohol-provoco-psicosis-a-van-gogh.html<\/p>\n","protected":false},"excerpt":{"rendered":"<p>Un estudio llevado a cabo en los Pa\u00edses Bajos por psiquiatras y neur\u00f3logos se\u00f1ala que la bebida y la malnutrici\u00f3n [&hellip;]<\/p>\n","protected":false},"author":1,"featured_media":891,"comment_status":"open","ping_status":"open","sticky":false,"template":"","format":"standard","meta":{"site-sidebar-layout":"default","site-content-layout":"","ast-site-content-layout":"default","site-content-style":"default","site-sidebar-style":"default","ast-global-header-display":"","ast-banner-title-visibility":"","ast-main-header-display":"","ast-hfb-above-header-display":"","ast-hfb-below-header-display":"","ast-hfb-mobile-header-display":"","site-post-title":"","ast-breadcrumbs-content":"","ast-featured-img":"","footer-sml-layout":"","theme-transparent-header-meta":"","adv-header-id-meta":"","stick-header-meta":"","header-above-stick-meta":"","header-main-stick-meta":"","header-below-stick-meta":"","astra-migrate-meta-layouts":"default","ast-page-background-enabled":"default","ast-page-background-meta":{"desktop":{"background-color":"var(--ast-global-color-4)","background-image":"","background-repeat":"repeat","background-position":"center center","background-size":"auto","background-attachment":"scroll","background-type":"","background-media":"","overlay-type":"","overlay-color":"","overlay-opacity":"","overlay-gradient":""},"tablet":{"background-color":"","background-image":"","background-repeat":"repeat","background-position":"center center","background-size":"auto","background-attachment":"scroll","background-type":"","background-media":"","overlay-type":"","overlay-color":"","overlay-opacity":"","overlay-gradient":""},"mobile":{"background-color":"","background-image":"","background-repeat":"repeat","background-position":"center center","background-size":"auto","background-attachment":"scroll","background-type":"","background-media":"","overlay-type":"","overlay-color":"","overlay-opacity":"","overlay-gradient":""}},"ast-content-background-meta":{"desktop":{"background-color":"var(--ast-global-color-5)","background-image":"","background-repeat":"repeat","background-position":"center center","background-size":"auto","background-attachment":"scroll","background-type":"","background-media":"","overlay-type":"","overlay-color":"","overlay-opacity":"","overlay-gradient":""},"tablet":{"background-color":"var(--ast-global-color-5)","background-image":"","background-repeat":"repeat","background-position":"center center","background-size":"auto","background-attachment":"scroll","background-type":"","background-media":"","overlay-type":"","overlay-color":"","overlay-opacity":"","overlay-gradient":""},"mobile":{"background-color":"var(--ast-global-color-5)","background-image":"","background-repeat":"repeat","background-position":"center center","background-size":"auto","background-attachment":"scroll","background-type":"","background-media":"","overlay-type":"","overlay-color":"","overlay-opacity":"","overlay-gradient":""}},"footnotes":""},"categories":[8],"tags":[],"class_list":["post-890","post","type-post","status-publish","format-standard","has-post-thumbnail","hentry","category-noticias"],"_links":{"self":[{"href":"https:\/\/losperiodistas.com.mx\/portal\/wp-json\/wp\/v2\/posts\/890","targetHints":{"allow":["GET"]}}],"collection":[{"href":"https:\/\/losperiodistas.com.mx\/portal\/wp-json\/wp\/v2\/posts"}],"about":[{"href":"https:\/\/losperiodistas.com.mx\/portal\/wp-json\/wp\/v2\/types\/post"}],"author":[{"embeddable":true,"href":"https:\/\/losperiodistas.com.mx\/portal\/wp-json\/wp\/v2\/users\/1"}],"replies":[{"embeddable":true,"href":"https:\/\/losperiodistas.com.mx\/portal\/wp-json\/wp\/v2\/comments?post=890"}],"version-history":[{"count":1,"href":"https:\/\/losperiodistas.com.mx\/portal\/wp-json\/wp\/v2\/posts\/890\/revisions"}],"predecessor-version":[{"id":892,"href":"https:\/\/losperiodistas.com.mx\/portal\/wp-json\/wp\/v2\/posts\/890\/revisions\/892"}],"wp:featuredmedia":[{"embeddable":true,"href":"https:\/\/losperiodistas.com.mx\/portal\/wp-json\/wp\/v2\/media\/891"}],"wp:attachment":[{"href":"https:\/\/losperiodistas.com.mx\/portal\/wp-json\/wp\/v2\/media?parent=890"}],"wp:term":[{"taxonomy":"category","embeddable":true,"href":"https:\/\/losperiodistas.com.mx\/portal\/wp-json\/wp\/v2\/categories?post=890"},{"taxonomy":"post_tag","embeddable":true,"href":"https:\/\/losperiodistas.com.mx\/portal\/wp-json\/wp\/v2\/tags?post=890"}],"curies":[{"name":"wp","href":"https:\/\/api.w.org\/{rel}","templated":true}]}}