{"id":88330,"date":"2024-10-20T03:47:26","date_gmt":"2024-10-20T08:47:26","guid":{"rendered":"https:\/\/losperiodistas.com.mx\/portal\/?p=88330"},"modified":"2024-10-20T03:47:29","modified_gmt":"2024-10-20T08:47:29","slug":"lo-que-la-tombola-se-llevo-plazas-de-magistrados-en-paro-cercanos-a-zaldivar-y-denunciados-por-corrupcion-proceso","status":"publish","type":"post","link":"https:\/\/losperiodistas.com.mx\/portal\/lo-que-la-tombola-se-llevo-plazas-de-magistrados-en-paro-cercanos-a-zaldivar-y-denunciados-por-corrupcion-proceso\/","title":{"rendered":"Lo que la t\u00f3mbola se llev\u00f3: plazas de magistrados en paro, cercanos a Zald\u00edvar y denunciados por corrupci\u00f3n | Proceso"},"content":{"rendered":"\n<p class=\"has-light-green-cyan-background-color has-background has-medium-font-size\"><strong>Proceso constat\u00f3 que por lo menos 50 de los juzgadores sorteados en la t\u00f3mbola realizada en el Senado han estado en el ojo p\u00fablico, ya sea por sus resoluciones, sus declaraciones contra la reforma judicial o por acusaciones de corrupci\u00f3n.<\/strong><a href=\"javascript:void(0)\"><\/a><\/p>\n\n\n\n<p><\/p>\n\n\n\n<figure class=\"wp-block-image\"><a href=\"https:\/\/www.proceso.com.mx\/u\/fotografias\/fotosnoticias\/2024\/10\/18\/209700.jpeg\"><img decoding=\"async\" src=\"https:\/\/www.proceso.com.mx\/u\/fotografias\/m\/2024\/10\/18\/f685x385-209700_247393_5050.jpeg\" alt=\"Lo que la t\u00f3mbola se llev\u00f3: plazas de magistrados en paro, cercanos a Zald\u00edvar y denunciados por corrupci\u00f3n\"\/><\/a><figcaption class=\"wp-element-caption\">Sorteo de despidos en el Senado. Foto: Eduardo Miranda<\/figcaption><\/figure>\n\n\n\n<p class=\"has-vivid-red-color has-text-color has-link-color has-medium-font-size wp-elements-437913204b4ccfe8f836465172fbe0fe\"><strong><a href=\"https:\/\/www.proceso.com.mx\/autor\/diana-lastiri.html\">Por\u00a0Diana Lastiri<\/a> \/ Proceso<\/strong><\/p>\n\n\n\n<p>CIUDAD DE M\u00c9XICO (<strong>Proceso<\/strong>).- Entre los magistrados federales que resultaron sorteados para que sus plazas sean sometidas a elecci\u00f3n popular en 2025 se encuentran varios que han protagonizado las protestas que emprendi\u00f3 el Poder Judicial de la Federaci\u00f3n (PJF) desde agosto \u00faltimo contra la reforma judicial.<\/p>\n\n\n\n<p>Tambi\u00e9n quedaron incluidos magistrados que han sido se\u00f1alados por formar parte de la red de colaboradores de Arturo Zald\u00edvar, exministro presidente, para emitir resoluciones \u201ca modo\u201d.<\/p>\n\n\n\n<p><strong>Noticias Relacionadas<\/strong><\/p>\n\n\n\n<ul class=\"wp-block-list\">\n<li><a href=\"https:\/\/www.proceso.com.mx\/nacional\/2024\/10\/16\/la-tombola-del-senado-barrio-con-54-jueces-incomodos-para-amlo-estos-son-algunos-de-ellos-338602.html\">La t\u00f3mbola del Senado barri\u00f3 con 54 jueces inc\u00f3modos para AMLO; \u00e9stos son algunos de ellos<\/a><\/li>\n\n\n\n<li><a href=\"https:\/\/www.proceso.com.mx\/nacional\/2024\/10\/15\/magistrada-destituida-en-la-tombola-del-senado-peleara-al-estado-por-justa-indemnizacion-338536.html\">Magistrada destituida en la t\u00f3mbola del Senado pelear\u00e1 al Estado por justa indemnizaci\u00f3n<\/a><\/li>\n\n\n\n<li><a href=\"https:\/\/www.proceso.com.mx\/nacional\/politica\/2024\/10\/13\/jueces-magistrados-califican-de-humillante-la-tombola-para-la-eleccion-judicial-338472.html\">Jueces y magistrados califican de \u201chumillante\u201d la t\u00f3mbola para la elecci\u00f3n judicial<\/a><\/li>\n<\/ul>\n\n\n\n<p>De una revisi\u00f3n realizada por&nbsp;<strong>Proceso&nbsp;<\/strong>en la lista de los 464 magistrados que salieron en la t\u00f3mbola con la que el Senado defini\u00f3 qui\u00e9nes entrar\u00e1n en la primera elecci\u00f3n judicial de 2025, se pudo constatar que por lo menos 50 han estado en el ojo p\u00fablico, ya sea por sus resoluciones, sus declaraciones contra la reforma judicial o acusaciones de corrupci\u00f3n.<\/p>\n\n\n\n<p>Destacaron tambi\u00e9n nombres de consejeros de la Judicatura Federal, representantes de la Asociaci\u00f3n Nacional de Magistrados de Circuito y Jueces de Distrito del Poder Judicial de la Federaci\u00f3n (Jufed) y hasta un magistrado de la Sala Superior del Tribunal Electoral del Poder Judicial de la Federaci\u00f3n (TEPJF).<\/p>\n\n\n\n<p>Entre los primeros nombres est\u00e1 el de Jos\u00e9 Alfonso Montalvo Mart\u00ednez, consejero de la Judicatura Federal que se ha mantenido votando a favor de mantener el paro de labores en el PJF junto con la ministra presidenta Norma Pi\u00f1a y la consejera Lilia M\u00f3nica L\u00f3pez Ben\u00edtez y tambi\u00e9n se ha pronunciado p\u00fablicamente contra la reforma judicial.<\/p>\n\n\n\n<figure class=\"wp-block-image\"><img decoding=\"async\" src=\"https:\/\/www.proceso.com.mx\/u\/fotografias\/m\/2024\/10\/18\/f768x1-209701_209828_21.jpeg\" alt=\"\"\/><figcaption class=\"wp-element-caption\">Montalvo Mart\u00ednez. A favor del paro de labores. Foto: cjf.gob.mx.<\/figcaption><\/figure>\n\n\n\n<p>Montalvo Mart\u00ednez fue designado como integrante del Consejo de la Judicatura Federal (CJF) en febrero de este a\u00f1o por la Suprema Corte de Justicia de la Naci\u00f3n (SCJN) y la plaza que ostenta para ser sometida a elecci\u00f3n popular es la que ocupa en el Segundo Tribunal Colegiado en materia Penal en la Ciudad de M\u00e9xico.<\/p>\n\n\n\n<p>Al ser integrante del CJF, su lugar dentro de este \u00f3rgano tambi\u00e9n ser\u00e1 sometido a votaci\u00f3n popular para conformar el nuevo Tribunal de Disciplina Judicial que, junto con el \u00f3rgano de administraci\u00f3n judicial, sustituir\u00e1 al Consejo.<\/p>\n\n\n\n<p>Felipe Alfredo Fuentes Barrera, magistrado de Sala Superior en el TEPJF, perder\u00e1 su plaza como integrante del Tercer Tribunal Colegiado en materia Civil del Estado de M\u00e9xico.<\/p>\n\n\n\n<p>Sin embargo, conforme a la reforma judicial, conservar\u00e1 su lugar dentro de la Sala Superior hasta el a\u00f1o 2027, cuando se renovar\u00e1 dicho \u00f3rgano.<\/p>\n\n\n\n<p>Fuentes Barrera forma parte del bloque mayoritario que ha votado en las impugnaciones sobre los comicios del 2 de junio pasado a favor de la 4T.<\/p>\n\n\n\n<p>Iliana Fabricia Contreras Perales actualmente es directora nacional de organizaci\u00f3n en la Jufed e integrante del comit\u00e9 de di\u00e1logo que se encarga de tomar las decisiones que se han ejecutado desde que inici\u00f3 el paro de labores en agosto pasado y de buscar que los legisladores los escuchen para frenar la reforma judicial o permitirles participar en la creaci\u00f3n de las leyes secundarias.<\/p>\n\n\n\n<p>Ella forma parte del Segundo Tribunal Colegiado en materia Civil en la Ciudad de M\u00e9xico, plaza que ser\u00e1 sometida a votaci\u00f3n.<\/p>\n\n\n\n<p>Otro nombre que destaca por pertenecer a la Jufed es el de Froyl\u00e1n Mu\u00f1oz Alvarado, quien dirigi\u00f3 la Asociaci\u00f3n hasta el a\u00f1o 2023 y en aquel entonces present\u00f3 el amparo, a nombre de dicha organizaci\u00f3n, contra la extinci\u00f3n de los Fideicomisos del PJF impulsada por el entonces presidente de la Rep\u00fablica Andr\u00e9s Manuel L\u00f3pez Obrador.<\/p>\n\n\n\n<figure class=\"wp-block-image\"><img decoding=\"async\" src=\"https:\/\/www.proceso.com.mx\/u\/fotografias\/m\/2024\/10\/18\/f768x1-209702_209829_15.jpeg\" alt=\"\"\/><figcaption class=\"wp-element-caption\">T\u00f3mbola en el Senado. Foto: Eduardo Miranda.<\/figcaption><\/figure>\n\n\n\n<p>La plaza en la que sali\u00f3 sorteado es la que ocupa en el Tribunal Colegiado en materia Penal en Morelia, Michoac\u00e1n.<\/p>\n\n\n\n<p>Otro exdirector de la Jufed que result\u00f3 sorteado fue Daniel S\u00e1nchez Montalvo, quien al t\u00e9rmino de Froyl\u00e1n Mu\u00f1oz asumi\u00f3 la direcci\u00f3n de la Asociaci\u00f3n, pero seis meses despu\u00e9s, en junio de este a\u00f1o, renunci\u00f3 al cargo justo cuando la organizaci\u00f3n deline\u00f3 la estrategia jur\u00eddica y de acci\u00f3n para frenar la reforma judicial; en su lugar se qued\u00f3 la jueza Juana Fuentes, quien ahora encabeza las protestas en las que participan jueces y magistrados federales.<\/p>\n\n\n\n<p>Proceso confirm\u00f3 que la esposa de S\u00e1nchez Montalvo es militante de Morena y ha desempe\u00f1ado cargos al interior del partido, lo que provoc\u00f3 que algunos juzgadores integrantes de la Jufed acusaran un posible conflicto de inter\u00e9s.<\/p>\n\n\n\n<p>Actualmente es magistrado integrante del Segundo Tribunal Colegiado en materia Penal en el estado de Chiapas.<\/p>\n\n\n\n<p>Seraf\u00edn Salazar Jim\u00e9nez, magistrado del Segundo Tribunal Colegiado en materia Administrativa en el estado de Guanajuato, quien tambi\u00e9n es director y coordinador regional de la Jufed en la entidad; V\u00edctor Hugo Alejo Guerrero, representante de la Asociaci\u00f3n en Tamaulipas y particip\u00f3 en el paro de labores, es integrante del Segundo Tribunal Colegiado en materia Penal y del Trabajo en dicho estado.<\/p>\n\n\n\n<h2 class=\"wp-block-heading\">El c\u00edrculo de Zald\u00edvar<\/h2>\n\n\n\n<p>La t\u00f3mbola del Senado tambi\u00e9n afect\u00f3 a magistrados que fueron se\u00f1alados en la denuncia presentada contra el ministro en retiro Arturo Zald\u00edvar y actual coordinador de Pol\u00edtica y Gobierno de la presidenta, Claudia Sheinbaum, por presuntos actos de corrupci\u00f3n en los que diversos juzgadores fueron presionados para emitir resoluciones a favor de la 4T.<\/p>\n\n\n\n<p>Tal es el caso de Constancio Carrasco Daza, quien actualmente ocupa una plaza en el Cuarto Tribunal Colegiado en materia Penal en la Ciudad de M\u00e9xico; Jaime Santana Turral, extitular de la Secretar\u00eda Ejecutiva de Disciplina del CJF durante la \u00e9poca de Zald\u00edvar y actual integrante del Cuarto Tribunal Colegiado en materia Penal en el Estado de M\u00e9xico.<\/p>\n\n\n\n<p>Victorino Hern\u00e1ndez Infante, se\u00f1alado en la denuncia como uno de los juzgadores que se reun\u00eda con Alp\u00edzar para acordar las resoluciones de asuntos de inter\u00e9s para la 4T y allegados al ministro en retiro, Zald\u00edvar, integrante del Primer Tribunal Colegiado en materia Civil en el Estado de M\u00e9xico.<\/p>\n\n\n\n<figure class=\"wp-block-image\"><img decoding=\"async\" src=\"https:\/\/www.proceso.com.mx\/u\/fotografias\/m\/2024\/10\/18\/f768x1-209703_209830_15.jpeg\" alt=\"\"\/><figcaption class=\"wp-element-caption\">Zald\u00edvar. Allegados afectados. Foto: Montserrat L\u00f3pez.<\/figcaption><\/figure>\n\n\n\n<h2 class=\"wp-block-heading\">Otros nombres pol\u00e9micos<\/h2>\n\n\n\n<p>Otros magistrados que han sido destacables por sus criterios inc\u00f3modos para el r\u00e9gimen de Andr\u00e9s Manuel L\u00f3pez Obrador o por conocer casos medi\u00e1ticos y que resultaron sorteados son Miguel \u00c1ngel Med\u00e9cigo Rodr\u00edguez, quien en julio de este a\u00f1o fue el encargado de elaborar el proyecto para dar la raz\u00f3n a Emilio Lozoya en un recurso de queja contra la admisi\u00f3n de un amparo tramitado por Pemex.<\/p>\n\n\n\n<p>Con este amparo, Pemex impugn\u00f3 la decisi\u00f3n de eliminar los estados financieros enviados por Brasil y Suiza como pruebas en contra del exfuncionario en el caso Odebrecht.<\/p>\n\n\n\n<p>Con la decisi\u00f3n propuesta por Mec\u00e9digo en el Tercer Tribunal Colegiado en materia Penal en la Ciudad de M\u00e9xico avalada por unanimidad en la que particip\u00f3 el magistrado Manuel Rom\u00e1n Franco Humberto, que tambi\u00e9n sali\u00f3 sorteado, el juicio contra Lozoya deber\u00e1 realizarse sin esas evidencias clave que la FGR no pudo sostener en las audiencias intermedias.<\/p>\n\n\n\n<p>Horacio Armando Hern\u00e1ndez Orozco y Francisco Javier Sarabia Asencio, quienes participaron en la votaci\u00f3n del recurso con el que modificaron una suspensi\u00f3n definitiva en el amparo tramitado por ocho militares implicados en el caso Ayotzinapa contra la prisi\u00f3n preventiva oficiosa que se les impuso.<\/p>\n\n\n\n<p>Felipe de Jes\u00fas Delgadillo Padierna, sobrino de Dolores Padierna, que como juez de control conoci\u00f3 del caso de Rosario Robles por la Estafa Maestra, la vincul\u00f3 a proceso y le impuso prisi\u00f3n preventiva justificada.<\/p>\n\n\n\n<p>Delgadillo Padierna fue acusado por la exfuncionaria de actuar con parcialidad pues, seg\u00fan ella, el juez consider\u00f3 una licencia de conducir falsa para sujetarla a esta medida, cuando en realidad consider\u00f3 que Robles se contradijo en las audiencias en las que hac\u00eda referencia a sus ingresos afirmando que ten\u00eda s\u00f3lo 26 mil pesos y que hab\u00eda viajado varias veces al extranjero en el \u00faltimo a\u00f1o antes de su detenci\u00f3n porque le gustaba viajar, mientras que sus abogados dijeron que estaba fuera del pa\u00eds para tomar un curso.<\/p>\n\n\n\n<p>Aunque fue designado magistrado desde noviembre del a\u00f1o pasado, apenas hace dos semanas fue designado al Primer Tribunal Colegiado de Apelaci\u00f3n en el Estado de M\u00e9xico.<\/p>\n\n\n\n<p>Otros magistrados cuyas plazas quedaron ya sometidas a concurso para el pr\u00f3ximo a\u00f1o son:<\/p>\n\n\n\n<p>Juan Pedro Contreras Navarro, quien fue acusado por la Fiscal\u00eda General de la Rep\u00fablica (FGR) en febrero de este a\u00f1o de ser uno de los integrantes del Segundo Tribunal Colegiado de Apelaci\u00f3n en materia Penal en la Ciudad de M\u00e9xico que ha emitido resoluciones para favorecer a Emilio Lozoya y de permitirle que contin\u00fae su proceso en libertad porque consider\u00f3 que no existe riesgo de fuga.<\/p>\n\n\n\n<p>Gabriela Guadalupe Rodr\u00edguez Escobar. Form\u00f3 parte de la votaci\u00f3n que en octubre del a\u00f1o pasado desech\u00f3 la petici\u00f3n de orden de aprehensi\u00f3n contra Genaro Garc\u00eda Luna por enriquecimiento il\u00edcito por haber obtenido un ingreso injustificado de m\u00e1s de 43 millones de pesos cuando era secretario de Seguridad P\u00fablica. Es integrante del Primer Tribunal Colegiado de Apelaci\u00f3n en materia Penal en la CDMX.<\/p>\n\n\n\n<p>Jos\u00e9 Patricio Gonz\u00e1lez Loyola. En junio de 2023 fue denunciado junto con sus compa\u00f1eros en el Cuarto Tribunal Colegiado en materia Administrativa en la CDMX, por un grupo de madres y padres de las v\u00edctimas del incendio de la Guarder\u00eda ABC que acudi\u00f3 a la SCJN.<\/p>\n\n\n\n<p>Carlos Ronz\u00f3n Sevilla. Estuvo en la terna en la que la Corte design\u00f3 a Montalvo Mart\u00ednez consejero de la Judicatura y fue integrante de la Comisi\u00f3n Investigadora del incendio de la Guarder\u00eda ABC. Su magistratura pertenece al Sexto Tribunal Colegiado en materia Administrativa en la capital.<\/p>\n\n\n\n<p>Rosa Elena Gonz\u00e1lez Tirado. Exconsejera de la Judicatura Federal durante el periodo del entonces ministro presidente Luis Mar\u00eda Aguilar Morales y hasta el 30 de noviembre de 2019.<\/p>\n\n\n\n<p>De acuerdo con la informaci\u00f3n del Senado, actualmente est\u00e1 de comisi\u00f3n en el Pleno Regional en materias Administrativa y Civil, regi\u00f3n Centro Sur en la CDMX. Es titular de una magistratura en el D\u00e9cimo Cuarto Tribunal Colegiado en materia Administrativa en la capital.<\/p>\n\n\n\n<p>Ma. Gabriel Rol\u00f3n Monta\u00f1o. Secretaria ejecutiva de Disciplina del CJF, designada en febrero de 2023, quien perder\u00e1 su plaza en el Vig\u00e9simo Tribunal Colegiado en materia Administrativa en la Ciudad de M\u00e9xico.<\/p>\n\n\n\n<p>Indalfer Infante Gonz\u00e1les. Exmagistrado de la Sala Superior del TEPJF que dej\u00f3 su cargo en noviembre de 2023, present\u00f3 el proyecto para ayudar a Pedro Haces a mantener el registro de Fuerza Por M\u00e9xico a pesar de que en las elecciones no logr\u00f3 el 3% de la votaci\u00f3n, pues consider\u00f3 que al haberse desarrollado en contexto de pandemia, deb\u00eda hacerse una excepci\u00f3n para flexibilizar lo que marcaba la Constituci\u00f3n.<\/p>\n\n\n\n<figure class=\"wp-block-image\"><img decoding=\"async\" src=\"https:\/\/www.proceso.com.mx\/u\/fotografias\/m\/2024\/10\/18\/f768x1-209704_209831_15.jpeg\" alt=\"\"\/><figcaption class=\"wp-element-caption\">CJF. Despidos. Foto: Facebook.<\/figcaption><\/figure>\n\n\n\n<p>Form\u00f3 parte del bloque que le quit\u00f3 la presidencia del TEPJF a Jos\u00e9 Luis Vargas y fue se\u00f1alado por tener v\u00ednculos con los morenistas Ad\u00e1n Augusto L\u00f3pez y Ricardo Monreal.<\/p>\n\n\n\n<p>Es integrante del D\u00e9cimo Primer Tribunal Colegiado en materia Civil en la CDMX.<\/p>\n\n\n\n<p>Tambi\u00e9n se encuentran Enrique Mart\u00ednez Guzm\u00e1n, del Quinto Tribunal Colegiado en materia Penal en la CDMX; Arturo C\u00e9sar Morales Ram\u00edrez, del D\u00e9cimo Segundo Tribunal Colegiado en materia Administrativa; Jes\u00fas Alfredo Silva Garc\u00eda, del D\u00e9cimo Noveno en materia Administrativa; Rosa Gonz\u00e1lez Vald\u00e9s, del Vig\u00e9simo Segundo en materia Administrativa; Fernando Isaac Ibarra G\u00f3mez, del Octavo Tribunal Colegiado en materia del Trabajo, todos en la capital del pa\u00eds.<\/p>\n\n\n\n<p>Patricio Leopoldo Vargas Alarc\u00f3n, del D\u00e9cimo Tercer Tribunal Colegiado en materia del Trabajo; Juan Manuel Alc\u00e1ntara Moreno, quien forma parte de los juzgadores que p\u00fablicamente han declinado participar en la elecci\u00f3n de 2025, pero se jubilar\u00e1 a partir del 15 de noviembre y se encuentra en el D\u00e9cimo Quinto Tribunal Colegiado en materia del Trabajo; Olga Lidia Trevi\u00f1o Berrones, del Cuarto Tribunal Colegiado del Centro auxiliar de la primera regi\u00f3n, todos ellos tambi\u00e9n en la CDMX, entre otros.<\/p>\n\n\n\n<p>Fuente: <a href=\"https:\/\/www.proceso.com.mx\/nacional\/2024\/10\/19\/lo-que-la-tombola-se-llevo-plazas-de-magistrados-en-paro-cercanos-zaldivar-denunciados-por-corrupcion-338789.html\">https:\/\/www.proceso.com.mx\/nacional\/2024\/10\/19\/lo-que-la-tombola-se-llevo-plazas-de-magistrados-en-paro-cercanos-zaldivar-denunciados-por-corrupcion-338789.html<\/a><\/p>\n","protected":false},"excerpt":{"rendered":"<p>Proceso constat\u00f3 que por lo menos 50 de los juzgadores sorteados en la t\u00f3mbola realizada en el Senado han estado [&hellip;]<\/p>\n","protected":false},"author":1,"featured_media":88331,"comment_status":"open","ping_status":"open","sticky":false,"template":"","format":"standard","meta":{"site-sidebar-layout":"default","site-content-layout":"","ast-site-content-layout":"default","site-content-style":"default","site-sidebar-style":"default","ast-global-header-display":"","ast-banner-title-visibility":"","ast-main-header-display":"","ast-hfb-above-header-display":"","ast-hfb-below-header-display":"","ast-hfb-mobile-header-display":"","site-post-title":"","ast-breadcrumbs-content":"","ast-featured-img":"","footer-sml-layout":"","theme-transparent-header-meta":"","adv-header-id-meta":"","stick-header-meta":"","header-above-stick-meta":"","header-main-stick-meta":"","header-below-stick-meta":"","astra-migrate-meta-layouts":"default","ast-page-background-enabled":"default","ast-page-background-meta":{"desktop":{"background-color":"var(--ast-global-color-4)","background-image":"","background-repeat":"repeat","background-position":"center center","background-size":"auto","background-attachment":"scroll","background-type":"","background-media":"","overlay-type":"","overlay-color":"","overlay-opacity":"","overlay-gradient":""},"tablet":{"background-color":"","background-image":"","background-repeat":"repeat","background-position":"center center","background-size":"auto","background-attachment":"scroll","background-type":"","background-media":"","overlay-type":"","overlay-color":"","overlay-opacity":"","overlay-gradient":""},"mobile":{"background-color":"","background-image":"","background-repeat":"repeat","background-position":"center center","background-size":"auto","background-attachment":"scroll","background-type":"","background-media":"","overlay-type":"","overlay-color":"","overlay-opacity":"","overlay-gradient":""}},"ast-content-background-meta":{"desktop":{"background-color":"var(--ast-global-color-5)","background-image":"","background-repeat":"repeat","background-position":"center center","background-size":"auto","background-attachment":"scroll","background-type":"","background-media":"","overlay-type":"","overlay-color":"","overlay-opacity":"","overlay-gradient":""},"tablet":{"background-color":"var(--ast-global-color-5)","background-image":"","background-repeat":"repeat","background-position":"center center","background-size":"auto","background-attachment":"scroll","background-type":"","background-media":"","overlay-type":"","overlay-color":"","overlay-opacity":"","overlay-gradient":""},"mobile":{"background-color":"var(--ast-global-color-5)","background-image":"","background-repeat":"repeat","background-position":"center center","background-size":"auto","background-attachment":"scroll","background-type":"","background-media":"","overlay-type":"","overlay-color":"","overlay-opacity":"","overlay-gradient":""}},"footnotes":""},"categories":[8],"tags":[1194,29042,31730],"class_list":["post-88330","post","type-post","status-publish","format-standard","has-post-thumbnail","hentry","category-noticias","tag-arturo-zaldivar","tag-poder-judicial-de-la-federacion","tag-tombola-judicial"],"_links":{"self":[{"href":"https:\/\/losperiodistas.com.mx\/portal\/wp-json\/wp\/v2\/posts\/88330","targetHints":{"allow":["GET"]}}],"collection":[{"href":"https:\/\/losperiodistas.com.mx\/portal\/wp-json\/wp\/v2\/posts"}],"about":[{"href":"https:\/\/losperiodistas.com.mx\/portal\/wp-json\/wp\/v2\/types\/post"}],"author":[{"embeddable":true,"href":"https:\/\/losperiodistas.com.mx\/portal\/wp-json\/wp\/v2\/users\/1"}],"replies":[{"embeddable":true,"href":"https:\/\/losperiodistas.com.mx\/portal\/wp-json\/wp\/v2\/comments?post=88330"}],"version-history":[{"count":1,"href":"https:\/\/losperiodistas.com.mx\/portal\/wp-json\/wp\/v2\/posts\/88330\/revisions"}],"predecessor-version":[{"id":88332,"href":"https:\/\/losperiodistas.com.mx\/portal\/wp-json\/wp\/v2\/posts\/88330\/revisions\/88332"}],"wp:featuredmedia":[{"embeddable":true,"href":"https:\/\/losperiodistas.com.mx\/portal\/wp-json\/wp\/v2\/media\/88331"}],"wp:attachment":[{"href":"https:\/\/losperiodistas.com.mx\/portal\/wp-json\/wp\/v2\/media?parent=88330"}],"wp:term":[{"taxonomy":"category","embeddable":true,"href":"https:\/\/losperiodistas.com.mx\/portal\/wp-json\/wp\/v2\/categories?post=88330"},{"taxonomy":"post_tag","embeddable":true,"href":"https:\/\/losperiodistas.com.mx\/portal\/wp-json\/wp\/v2\/tags?post=88330"}],"curies":[{"name":"wp","href":"https:\/\/api.w.org\/{rel}","templated":true}]}}