{"id":88311,"date":"2024-10-19T22:54:31","date_gmt":"2024-10-20T03:54:31","guid":{"rendered":"http:\/\/losperiodistas.com.mx\/portal\/?p=88311"},"modified":"2024-10-19T22:54:33","modified_gmt":"2024-10-20T03:54:33","slug":"checo-perez-saldra-decimo-en-austin","status":"publish","type":"post","link":"https:\/\/losperiodistas.com.mx\/portal\/checo-perez-saldra-decimo-en-austin\/","title":{"rendered":"P\u00e9rez saldr\u00e1 d\u00e9cimo en Austin: \u00abNo tengo la misma mejora que Verstappen\u00bb | SoyMotor"},"content":{"rendered":"\n<p>El mexicano, perjudicado por la bandera roja final, saldr\u00e1 d\u00e9cimo tras no haber marcado un tiempo en Q3<\/p>\n\n\n\n<figure class=\"wp-block-image size-large\"><img fetchpriority=\"high\" decoding=\"async\" width=\"1024\" height=\"588\" src=\"https:\/\/losperiodistas.com.mx\/portal\/wp-content\/uploads\/2024\/10\/Captura-de-pantalla-2024-10-19-214737-1024x588.png\" alt=\"Sergio P\u00e9rez en Austin\" class=\"wp-image-88312\" srcset=\"https:\/\/losperiodistas.com.mx\/portal\/wp-content\/uploads\/2024\/10\/Captura-de-pantalla-2024-10-19-214737-1024x588.png 1024w, https:\/\/losperiodistas.com.mx\/portal\/wp-content\/uploads\/2024\/10\/Captura-de-pantalla-2024-10-19-214737-300x172.png 300w, https:\/\/losperiodistas.com.mx\/portal\/wp-content\/uploads\/2024\/10\/Captura-de-pantalla-2024-10-19-214737-768x441.png 768w, https:\/\/losperiodistas.com.mx\/portal\/wp-content\/uploads\/2024\/10\/Captura-de-pantalla-2024-10-19-214737.png 1172w\" sizes=\"(max-width: 1024px) 100vw, 1024px\" \/><figcaption class=\"wp-element-caption\">Sergio P\u00e9rez en Austin<\/figcaption><\/figure>\n\n\n\n<p class=\"has-vivid-red-color has-text-color has-link-color wp-elements-6b29caeb11ff8a422c92239ba9141fff\">Gorka Saez de Asteasu \/ SoyMotor<\/p>\n\n\n\n<p>Sergio P\u00e9rez saldr\u00e1 d\u00e9cimo ma\u00f1ana en Austin tras haberse visto muy perjudicado por la bandera amarilla final. El mexicano se qued\u00f3 sin tiempo en Q3 tras perder su primera vuelta por l\u00edmites de pista y esto le obliga a remontar. Su RB20 adem\u00e1s, no est\u00e1 tan actualizado como el de Max Verstappen para este fin de semana.<\/p>\n\n\n\n<p>Con el \u2018Top 6\u2019 un poco lejos, <a href=\"https:\/\/soymotor.com\/f1\/pilotos\/sergio-perez\">P\u00e9rez<\/a> lo f\u00eda todo ma\u00f1ana en adelantar a los tres coches m\u00e1s lentos que tiene por delante lo antes posible. Si se los puede quitar de encima r\u00e1pido, cree que tendr\u00e1 opciones de aspirar a un buen resultado final, pero si no lo hace, se quedar\u00e1 en tierra de nadie como en el Sprint. Salir un poco atr\u00e1s, con una parrilla tan apretada, nunca es un buen augurio, pero as\u00ed se ha dado la Q3 para el mexicano, llena de infortunios.<\/p>\n\n\n\n<p>\u00abSer\u00e1 una carrera dif\u00edcil, con todo el tr\u00e1fico por delante, si somos capaces de pasar r\u00e1pido, deber\u00edamos estar en una ventana mejor y luchar contra los de arriba, as\u00ed que esperamos hacerlo ma\u00f1ana. Empezando d\u00e9cimos, visto el rendimiento de los otros coches, creo que el podio es demasiado optimista, pero nunca sabes. <strong>Tenemos una carrera larga por delante y cualquier cosa puede pasar<\/strong>\u00ab, ha comentado P\u00e9rez tras la clasificaci\u00f3n en Austin.<\/p>\n\n\n\n<p>\u00abHicimos muchos cambios que nos van a ayudar para ma\u00f1ana y no, <strong>no tengo la misma mejora que Max<\/strong>, lo vemos bastante en curva r\u00e1pida, que aqu\u00ed hay muchas, pero al final el coche est\u00e1 funcionando bien. Hemos progresado, y con los ajustes que hicimos era m\u00e1s f\u00e1cil de pilotar\u00bb, ha a\u00f1adido.<\/p>\n\n\n\n<p>Si bien la clasificaci\u00f3n de hoy de P\u00e9rez ha sido mucho mejor que la de ayer, en el resultado final, apenas se ha notado. El mexicano ha perdido su primera vuelta de Q3 tras exceder los l\u00edmites de pista y cuando estaba en su segundo intento, ha tenido que abortar por la bandera amarilla provocada por el accidente de George Russell. La suerte no ha estado de su lado y salir tan atr\u00e1s lo deja un poco fuera de la batalla en esa zona alta.<\/p>\n\n\n\n<p>\u00abHa sido una l\u00e1stima. <strong>Todo pintaba bien<\/strong>, est\u00e1bamos en buena vuelta y mejorando, aprendiendo mucho del neum\u00e1tico. Las cosas estaban viniendo hacia nosotros, pero no lo hemos podido demostrar en la Q3. En Q2 he sido quinto, as\u00ed que cuando todo nos ha ido de cara, hemos sido fuertes\u00bb, ha expresado P\u00e9rez para concluir.<\/p>\n\n\n\n<p>Fuente: <a href=\"https:\/\/soymotor.com\/f1\/noticias\/perez-saldra-decimo-en-austin-no-tengo-la-misma-mejora-que-verstappen\">S<\/a><a href=\"https:\/\/soymotor.com\/f1\/noticias\/perez-saldra-decimo-en-austin-no-tengo-la-misma-mejora-que-verstappen\" target=\"_blank\" rel=\"noreferrer noopener\">oy Motor<\/a><\/p>\n","protected":false},"excerpt":{"rendered":"<p>El mexicano, perjudicado por la bandera roja final, saldr\u00e1 d\u00e9cimo tras no haber marcado un tiempo en Q3<\/p>\n","protected":false},"author":1,"featured_media":88312,"comment_status":"open","ping_status":"open","sticky":false,"template":"","format":"standard","meta":{"site-sidebar-layout":"default","site-content-layout":"","ast-site-content-layout":"default","site-content-style":"default","site-sidebar-style":"default","ast-global-header-display":"","ast-banner-title-visibility":"","ast-main-header-display":"","ast-hfb-above-header-display":"","ast-hfb-below-header-display":"","ast-hfb-mobile-header-display":"","site-post-title":"","ast-breadcrumbs-content":"","ast-featured-img":"","footer-sml-layout":"","theme-transparent-header-meta":"","adv-header-id-meta":"","stick-header-meta":"","header-above-stick-meta":"","header-main-stick-meta":"","header-below-stick-meta":"","astra-migrate-meta-layouts":"default","ast-page-background-enabled":"default","ast-page-background-meta":{"desktop":{"background-color":"var(--ast-global-color-4)","background-image":"","background-repeat":"repeat","background-position":"center center","background-size":"auto","background-attachment":"scroll","background-type":"","background-media":"","overlay-type":"","overlay-color":"","overlay-opacity":"","overlay-gradient":""},"tablet":{"background-color":"","background-image":"","background-repeat":"repeat","background-position":"center center","background-size":"auto","background-attachment":"scroll","background-type":"","background-media":"","overlay-type":"","overlay-color":"","overlay-opacity":"","overlay-gradient":""},"mobile":{"background-color":"","background-image":"","background-repeat":"repeat","background-position":"center center","background-size":"auto","background-attachment":"scroll","background-type":"","background-media":"","overlay-type":"","overlay-color":"","overlay-opacity":"","overlay-gradient":""}},"ast-content-background-meta":{"desktop":{"background-color":"var(--ast-global-color-5)","background-image":"","background-repeat":"repeat","background-position":"center center","background-size":"auto","background-attachment":"scroll","background-type":"","background-media":"","overlay-type":"","overlay-color":"","overlay-opacity":"","overlay-gradient":""},"tablet":{"background-color":"var(--ast-global-color-5)","background-image":"","background-repeat":"repeat","background-position":"center center","background-size":"auto","background-attachment":"scroll","background-type":"","background-media":"","overlay-type":"","overlay-color":"","overlay-opacity":"","overlay-gradient":""},"mobile":{"background-color":"var(--ast-global-color-5)","background-image":"","background-repeat":"repeat","background-position":"center center","background-size":"auto","background-attachment":"scroll","background-type":"","background-media":"","overlay-type":"","overlay-color":"","overlay-opacity":"","overlay-gradient":""}},"footnotes":""},"categories":[8],"tags":[276,465,31219,466],"class_list":["post-88311","post","type-post","status-publish","format-standard","has-post-thumbnail","hentry","category-noticias","tag-checo-perez","tag-f1","tag-gp-de-austin","tag-red-bull"],"_links":{"self":[{"href":"https:\/\/losperiodistas.com.mx\/portal\/wp-json\/wp\/v2\/posts\/88311","targetHints":{"allow":["GET"]}}],"collection":[{"href":"https:\/\/losperiodistas.com.mx\/portal\/wp-json\/wp\/v2\/posts"}],"about":[{"href":"https:\/\/losperiodistas.com.mx\/portal\/wp-json\/wp\/v2\/types\/post"}],"author":[{"embeddable":true,"href":"https:\/\/losperiodistas.com.mx\/portal\/wp-json\/wp\/v2\/users\/1"}],"replies":[{"embeddable":true,"href":"https:\/\/losperiodistas.com.mx\/portal\/wp-json\/wp\/v2\/comments?post=88311"}],"version-history":[{"count":1,"href":"https:\/\/losperiodistas.com.mx\/portal\/wp-json\/wp\/v2\/posts\/88311\/revisions"}],"predecessor-version":[{"id":88313,"href":"https:\/\/losperiodistas.com.mx\/portal\/wp-json\/wp\/v2\/posts\/88311\/revisions\/88313"}],"wp:featuredmedia":[{"embeddable":true,"href":"https:\/\/losperiodistas.com.mx\/portal\/wp-json\/wp\/v2\/media\/88312"}],"wp:attachment":[{"href":"https:\/\/losperiodistas.com.mx\/portal\/wp-json\/wp\/v2\/media?parent=88311"}],"wp:term":[{"taxonomy":"category","embeddable":true,"href":"https:\/\/losperiodistas.com.mx\/portal\/wp-json\/wp\/v2\/categories?post=88311"},{"taxonomy":"post_tag","embeddable":true,"href":"https:\/\/losperiodistas.com.mx\/portal\/wp-json\/wp\/v2\/tags?post=88311"}],"curies":[{"name":"wp","href":"https:\/\/api.w.org\/{rel}","templated":true}]}}