{"id":88303,"date":"2024-10-19T21:18:12","date_gmt":"2024-10-20T02:18:12","guid":{"rendered":"http:\/\/losperiodistas.com.mx\/portal\/?p=88303"},"modified":"2024-10-19T21:18:14","modified_gmt":"2024-10-20T02:18:14","slug":"siete-mdp-costo-de-las-fiestas-patrias-este-2024","status":"publish","type":"post","link":"https:\/\/losperiodistas.com.mx\/portal\/siete-mdp-costo-de-las-fiestas-patrias-este-2024\/","title":{"rendered":"Siete millones de pesos; el costo de las Fiestas Patrias este 2024 | El Sol de Puebla"},"content":{"rendered":"\n<p>La anterior administraci\u00f3n municipal destin\u00f3 hasta 7 millones de pesos, seg\u00fan un contrato disponible en la Plataforma Nacional de Transparencia (PNT)<\/p>\n\n\n\n<figure class=\"wp-block-image size-large\"><img fetchpriority=\"high\" decoding=\"async\" width=\"1024\" height=\"630\" src=\"https:\/\/losperiodistas.com.mx\/portal\/wp-content\/uploads\/2024\/10\/Captura-de-pantalla-2024-10-19-201334-1024x630.png\" alt=\"Fiestas Patrias 2024\" class=\"wp-image-88304\" srcset=\"https:\/\/losperiodistas.com.mx\/portal\/wp-content\/uploads\/2024\/10\/Captura-de-pantalla-2024-10-19-201334-1024x630.png 1024w, https:\/\/losperiodistas.com.mx\/portal\/wp-content\/uploads\/2024\/10\/Captura-de-pantalla-2024-10-19-201334-300x185.png 300w, https:\/\/losperiodistas.com.mx\/portal\/wp-content\/uploads\/2024\/10\/Captura-de-pantalla-2024-10-19-201334-768x473.png 768w, https:\/\/losperiodistas.com.mx\/portal\/wp-content\/uploads\/2024\/10\/Captura-de-pantalla-2024-10-19-201334.png 1043w\" sizes=\"(max-width: 1024px) 100vw, 1024px\" \/><figcaption class=\"wp-element-caption\">En lo que respecta al tema financiero, se trat\u00f3 de un contrato abierto con la Secretar\u00eda de Administraci\u00f3n y Tecnolog\u00edas de la Informaci\u00f3n. Foto: Archivo<\/figcaption><\/figure>\n\n\n\n<p class=\"has-vivid-red-color has-text-color has-link-color wp-elements-676e83891c68345a051b10f6447ae9e9\">Jared Carca\u00f1o \/ El Sol de Puebla<\/p>\n\n\n\n<p>Por la presentaci\u00f3n de <strong>la cartelera art\u00edstica de las Fiestas Patrias,<\/strong> donde<strong> Mar\u00eda Jos\u00e9 Aguilar Carrillo, conocida como \u201cMajo Aguilar\u201d, fue la artista que cerr\u00f3 con \u201cbroche de oro\u201d el 15 de Septiembre,<\/strong> la anterior administraci\u00f3n municipal <strong>destin\u00f3 hasta 7 millones de pesos, seg\u00fan un contrato disponible en la Plataforma Nacional de Transparencia (PNT).<\/strong><\/p>\n\n\n\n<p>De acuerdo con las cl\u00e1usulas del documento, el servicio se llev\u00f3 de cabo en el z\u00f3calo capitalino, ubicado en la Avenida Don Juan de Palafox y Mendoza del Centro Hist\u00f3rico. <strong>La otorgaci\u00f3n del servicio se dividi\u00f3 en dos bloques.<\/strong><\/p>\n\n\n\n<p><strong>El primero de ellos tuvo un costo de 2 millones 568 mil pesos e incluy\u00f3 la realizaci\u00f3n de 10 conciertos de mariachis, sones, cumbias, coros musicales o dj\u2019s, rock, baladas<\/strong>, para una audiencia aproximada de seis mil a ocho mil personas, con una duraci\u00f3n entre 40 a 50 minutos, cada concierto.<\/p>\n\n\n\n<p><strong>Cinco funciones de cualquier tipo de danza, que pod\u00eda ser prehisp\u00e1nica, o regional, o folcl\u00f3rica<\/strong>, as\u00ed como la presentaci\u00f3n musical de un artista mexicano de talla nacional o internacional (hombre o mujer), con un concierto de 60 a 90 minutos.<\/p>\n\n\n\n<p>En este rubro cabe mencionar que,<strong> la cantante Majo Aguilar, fue la encargada de deleitar a los poblanos con sus melod\u00edas despu\u00e9s del grito de Independencia <\/strong>que encabez\u00f3 el gobernador Sergio Salom\u00f3n C\u00e9spedes Peregrina desde el z\u00f3calo capitalino.<\/p>\n\n\n\n<p>Cabe mencionar que, <strong>ese fue el primer y \u00faltimo Grito de Independencia de Ad\u00e1n Dom\u00ednguez como alcalde, <\/strong>porque antes el mun\u00edcipe era Eduardo Rivera P\u00e9rez, quien dej\u00f3 el cargo para buscar la gubernatura del estado.<\/p>\n\n\n\n<p><strong>El bloque dos corresponde al servicio de \u201cotros arrendamientos para evento 15 de septiembre e informe de cierre de administraci\u00f3n\u201d,<\/strong> abarcando as\u00ed, ambas actividades. Ese rubro <strong>incluy\u00f3 la renta y montaje de lonas, bocinas, kit de proyecci\u00f3n de pantalla, renta e instalaci\u00f3n de cinta para delimitar y controlar el acceso a zonas de prohibido el paso, as\u00ed como renta de vallas de seguridad.<\/strong><\/p>\n\n\n\n<p>En lo que respecta al tema financiero, se trat\u00f3 de un contrato abierto con la Secretar\u00eda de Administraci\u00f3n y Tecnolog\u00edas de la Informaci\u00f3n<strong> por un monto m\u00e1ximo de 7 millones de pesos y un m\u00ednimo de 2 millones 800 mil.<\/strong><\/p>\n\n\n\n<p>Fuente: <a href=\"https:\/\/www.elsoldepuebla.com.mx\/local\/siete-millones-de-pesos-el-costo-de-las-fiestas-patrias-este-2024-12736195.html\">El So<\/a><a href=\"https:\/\/www.elsoldepuebla.com.mx\/local\/siete-millones-de-pesos-el-costo-de-las-fiestas-patrias-este-2024-12736195.html\" target=\"_blank\" rel=\"noreferrer noopener\">l de Puebla<\/a><\/p>\n","protected":false},"excerpt":{"rendered":"<p>La anterior administraci\u00f3n municipal destin\u00f3 hasta 7 millones de pesos, seg\u00fan un contrato disponible en la Plataforma Nacional de Transparencia [&hellip;]<\/p>\n","protected":false},"author":1,"featured_media":88304,"comment_status":"open","ping_status":"open","sticky":false,"template":"","format":"standard","meta":{"site-sidebar-layout":"default","site-content-layout":"","ast-site-content-layout":"default","site-content-style":"default","site-sidebar-style":"default","ast-global-header-display":"","ast-banner-title-visibility":"","ast-main-header-display":"","ast-hfb-above-header-display":"","ast-hfb-below-header-display":"","ast-hfb-mobile-header-display":"","site-post-title":"","ast-breadcrumbs-content":"","ast-featured-img":"","footer-sml-layout":"","theme-transparent-header-meta":"","adv-header-id-meta":"","stick-header-meta":"","header-above-stick-meta":"","header-main-stick-meta":"","header-below-stick-meta":"","astra-migrate-meta-layouts":"default","ast-page-background-enabled":"default","ast-page-background-meta":{"desktop":{"background-color":"var(--ast-global-color-4)","background-image":"","background-repeat":"repeat","background-position":"center center","background-size":"auto","background-attachment":"scroll","background-type":"","background-media":"","overlay-type":"","overlay-color":"","overlay-opacity":"","overlay-gradient":""},"tablet":{"background-color":"","background-image":"","background-repeat":"repeat","background-position":"center center","background-size":"auto","background-attachment":"scroll","background-type":"","background-media":"","overlay-type":"","overlay-color":"","overlay-opacity":"","overlay-gradient":""},"mobile":{"background-color":"","background-image":"","background-repeat":"repeat","background-position":"center center","background-size":"auto","background-attachment":"scroll","background-type":"","background-media":"","overlay-type":"","overlay-color":"","overlay-opacity":"","overlay-gradient":""}},"ast-content-background-meta":{"desktop":{"background-color":"var(--ast-global-color-5)","background-image":"","background-repeat":"repeat","background-position":"center center","background-size":"auto","background-attachment":"scroll","background-type":"","background-media":"","overlay-type":"","overlay-color":"","overlay-opacity":"","overlay-gradient":""},"tablet":{"background-color":"var(--ast-global-color-5)","background-image":"","background-repeat":"repeat","background-position":"center center","background-size":"auto","background-attachment":"scroll","background-type":"","background-media":"","overlay-type":"","overlay-color":"","overlay-opacity":"","overlay-gradient":""},"mobile":{"background-color":"var(--ast-global-color-5)","background-image":"","background-repeat":"repeat","background-position":"center center","background-size":"auto","background-attachment":"scroll","background-type":"","background-media":"","overlay-type":"","overlay-color":"","overlay-opacity":"","overlay-gradient":""}},"footnotes":""},"categories":[8],"tags":[191,12593,29301,2831],"class_list":["post-88303","post","type-post","status-publish","format-standard","has-post-thumbnail","hentry","category-noticias","tag-ayuntamiento-de-puebla","tag-fiestas-patrias","tag-finanzas","tag-transparencia"],"_links":{"self":[{"href":"https:\/\/losperiodistas.com.mx\/portal\/wp-json\/wp\/v2\/posts\/88303","targetHints":{"allow":["GET"]}}],"collection":[{"href":"https:\/\/losperiodistas.com.mx\/portal\/wp-json\/wp\/v2\/posts"}],"about":[{"href":"https:\/\/losperiodistas.com.mx\/portal\/wp-json\/wp\/v2\/types\/post"}],"author":[{"embeddable":true,"href":"https:\/\/losperiodistas.com.mx\/portal\/wp-json\/wp\/v2\/users\/1"}],"replies":[{"embeddable":true,"href":"https:\/\/losperiodistas.com.mx\/portal\/wp-json\/wp\/v2\/comments?post=88303"}],"version-history":[{"count":1,"href":"https:\/\/losperiodistas.com.mx\/portal\/wp-json\/wp\/v2\/posts\/88303\/revisions"}],"predecessor-version":[{"id":88305,"href":"https:\/\/losperiodistas.com.mx\/portal\/wp-json\/wp\/v2\/posts\/88303\/revisions\/88305"}],"wp:featuredmedia":[{"embeddable":true,"href":"https:\/\/losperiodistas.com.mx\/portal\/wp-json\/wp\/v2\/media\/88304"}],"wp:attachment":[{"href":"https:\/\/losperiodistas.com.mx\/portal\/wp-json\/wp\/v2\/media?parent=88303"}],"wp:term":[{"taxonomy":"category","embeddable":true,"href":"https:\/\/losperiodistas.com.mx\/portal\/wp-json\/wp\/v2\/categories?post=88303"},{"taxonomy":"post_tag","embeddable":true,"href":"https:\/\/losperiodistas.com.mx\/portal\/wp-json\/wp\/v2\/tags?post=88303"}],"curies":[{"name":"wp","href":"https:\/\/api.w.org\/{rel}","templated":true}]}}