{"id":88294,"date":"2024-10-19T19:35:41","date_gmt":"2024-10-20T00:35:41","guid":{"rendered":"http:\/\/losperiodistas.com.mx\/portal\/?p=88294"},"modified":"2024-10-19T19:39:24","modified_gmt":"2024-10-20T00:39:24","slug":"yahya-sinwar-se-refugia-en-tunel-subterraneo-horas-antes-de-la-masacre-del-7-de-octubre","status":"publish","type":"post","link":"https:\/\/losperiodistas.com.mx\/portal\/yahya-sinwar-se-refugia-en-tunel-subterraneo-horas-antes-de-la-masacre-del-7-de-octubre\/","title":{"rendered":"Video muestra a Yahya Sinwar huyendo a un t\u00fanel subterr\u00e1neo en Gaza horas antes de la masacre del 7 de octubre | Infobae"},"content":{"rendered":"\n<p>Las im\u00e1genes fueron compartidas por el Ej\u00e9rcito de Israel d\u00edas despu\u00e9s de la muerte del jefe del grupo terrorista Hamas en el enclave palestino<\/p>\n\n\n\n<figure class=\"wp-block-image size-large\"><img fetchpriority=\"high\" decoding=\"async\" width=\"1024\" height=\"670\" src=\"https:\/\/losperiodistas.com.mx\/portal\/wp-content\/uploads\/2024\/10\/Captura-de-pantalla-2024-10-19-181101-1024x670.png\" alt=\"refugio Sinwar\" class=\"wp-image-88295\" srcset=\"https:\/\/losperiodistas.com.mx\/portal\/wp-content\/uploads\/2024\/10\/Captura-de-pantalla-2024-10-19-181101-1024x670.png 1024w, https:\/\/losperiodistas.com.mx\/portal\/wp-content\/uploads\/2024\/10\/Captura-de-pantalla-2024-10-19-181101-300x196.png 300w, https:\/\/losperiodistas.com.mx\/portal\/wp-content\/uploads\/2024\/10\/Captura-de-pantalla-2024-10-19-181101-768x502.png 768w, https:\/\/losperiodistas.com.mx\/portal\/wp-content\/uploads\/2024\/10\/Captura-de-pantalla-2024-10-19-181101-1536x1005.png 1536w, https:\/\/losperiodistas.com.mx\/portal\/wp-content\/uploads\/2024\/10\/Captura-de-pantalla-2024-10-19-181101.png 1582w\" sizes=\"(max-width: 1024px) 100vw, 1024px\" \/><figcaption class=\"wp-element-caption\">Sinwar se refugi\u00f3 en un t\u00fanel con su familia un d\u00eda antes de la masacre del 7 de octubre<\/figcaption><\/figure>\n\n\n\n<p class=\"has-vivid-red-color has-text-color has-link-color wp-elements-e428c17882dd7c069f2926a801548c65\">Redacci\u00f3n \/ Infobae<\/p>\n\n\n\n<p>Tras la muerte de Yahya Sinwar, el Ej\u00e9rcito de Israel comparti\u00f3 este s\u00e1bado im\u00e1genes in\u00e9ditas del momento en que el jefe del grupo terrorista Hamas <strong>se recluy\u00f3 junto a su familia en uno de los t\u00faneles subterr\u00e1neos <\/strong>construido por la organizaci\u00f3n extremista en la Franja de Gaza, apenas unas horas antes de la masacre perpetrada contra Israel el 7 de octubre de 2023.<\/p>\n\n\n\n<p>Las Fuerzas de Defensa de Israel (FDI) indicaron que las im\u00e1genes fueron encontradas hace unos meses por tropas de las FDI y miembros de la agencia de seguridad.<\/p>\n\n\n\n<p>En las im\u00e1genes se puede observar a Sinwar con tres ni\u00f1os y su mujer. De acuerdo a los datos aportados por la c\u00e1mara instalada en el t\u00fanel subterr\u00e1neo, <strong>la llegada de Sinwar y su familia al t\u00fanel se dio a las 22.45, hora local de Gaza. <\/strong>La \u00faltima imagen se registr\u00f3 a las 1.32 am del 7 de octubre.<\/p>\n\n\n\n<figure class=\"wp-block-gallery has-nested-images columns-default is-cropped wp-block-gallery-1 is-layout-flex wp-block-gallery-is-layout-flex\">\n<figure class=\"wp-block-image size-large\"><img decoding=\"async\" width=\"1024\" height=\"602\" data-id=\"88296\" src=\"https:\/\/losperiodistas.com.mx\/portal\/wp-content\/uploads\/2024\/10\/Captura-de-pantalla-2024-10-19-181902-1024x602.png\" alt=\"\" class=\"wp-image-88296\" srcset=\"https:\/\/losperiodistas.com.mx\/portal\/wp-content\/uploads\/2024\/10\/Captura-de-pantalla-2024-10-19-181902-1024x602.png 1024w, https:\/\/losperiodistas.com.mx\/portal\/wp-content\/uploads\/2024\/10\/Captura-de-pantalla-2024-10-19-181902-300x177.png 300w, https:\/\/losperiodistas.com.mx\/portal\/wp-content\/uploads\/2024\/10\/Captura-de-pantalla-2024-10-19-181902-768x452.png 768w, https:\/\/losperiodistas.com.mx\/portal\/wp-content\/uploads\/2024\/10\/Captura-de-pantalla-2024-10-19-181902.png 1183w\" sizes=\"(max-width: 1024px) 100vw, 1024px\" \/><figcaption class=\"wp-element-caption\">Refugio de Sinwar con su familia<\/figcaption><\/figure>\n\n\n\n<figure class=\"wp-block-image size-large\"><img decoding=\"async\" width=\"1024\" height=\"609\" data-id=\"88297\" src=\"https:\/\/losperiodistas.com.mx\/portal\/wp-content\/uploads\/2024\/10\/Captura-de-pantalla-2024-10-19-181916-1024x609.png\" alt=\"Refugio de Sinwar con su familia\" class=\"wp-image-88297\" srcset=\"https:\/\/losperiodistas.com.mx\/portal\/wp-content\/uploads\/2024\/10\/Captura-de-pantalla-2024-10-19-181916-1024x609.png 1024w, https:\/\/losperiodistas.com.mx\/portal\/wp-content\/uploads\/2024\/10\/Captura-de-pantalla-2024-10-19-181916-300x178.png 300w, https:\/\/losperiodistas.com.mx\/portal\/wp-content\/uploads\/2024\/10\/Captura-de-pantalla-2024-10-19-181916-768x457.png 768w, https:\/\/losperiodistas.com.mx\/portal\/wp-content\/uploads\/2024\/10\/Captura-de-pantalla-2024-10-19-181916.png 1169w\" sizes=\"(max-width: 1024px) 100vw, 1024px\" \/><figcaption class=\"wp-element-caption\">Sinwar se refugi\u00f3 en uno de los t\u00faneles de Hamas en Gaza junto a su familia<\/figcaption><\/figure>\n<\/figure>\n\n\n\n<p>En esas casi tres horas <strong>el jefe terrorista transport\u00f3 bolsas, packs de botellas de agua, almohadas, y otros art\u00edculos.<\/strong><\/p>\n\n\n\n<p>Aqu\u00ed puedes ver el <a href=\"https:\/\/cdn.jwplayer.com\/previews\/GRcj6MYX\" target=\"_blank\" rel=\"noreferrer noopener\">video<\/a><\/p>\n\n\n\n<p>Horas m\u00e1s tarde, terroristas de Hamas llevaron a cabo una brutal masacre contra Israel, <strong>asesinando a 1.200 personas, y secuestrando a m\u00e1s de 200<\/strong>. Sinwar, jefe m\u00e1ximo del grupo extremista en Gaza, fue el principal cerebro detr\u00e1s de ese ataque sin precedentes.<\/p>\n\n\n\n<p>El pasado jueves 17 de octubre, poco m\u00e1s de un a\u00f1o despu\u00e9s de esa masacre, el Ej\u00e9rcito de Israel confirm\u00f3 la muerte del jefe terrorista durante un enfrentamiento armado en Gaza.<\/p>\n\n\n\n<p>Fuentes militares han revelado detalles sobre la operaci\u00f3n que culmin\u00f3 con la muerte de Sinwar.<\/p>\n\n\n\n<figure class=\"wp-block-image size-full\"><img loading=\"lazy\" decoding=\"async\" width=\"990\" height=\"703\" src=\"https:\/\/losperiodistas.com.mx\/portal\/wp-content\/uploads\/2024\/10\/Captura-de-pantalla-2024-10-19-182210.png\" alt=\"im\u00e1genes in\u00e9ditas del refugio de Sinwar\" class=\"wp-image-88298\" srcset=\"https:\/\/losperiodistas.com.mx\/portal\/wp-content\/uploads\/2024\/10\/Captura-de-pantalla-2024-10-19-182210.png 990w, https:\/\/losperiodistas.com.mx\/portal\/wp-content\/uploads\/2024\/10\/Captura-de-pantalla-2024-10-19-182210-300x213.png 300w, https:\/\/losperiodistas.com.mx\/portal\/wp-content\/uploads\/2024\/10\/Captura-de-pantalla-2024-10-19-182210-768x545.png 768w\" sizes=\"(max-width: 990px) 100vw, 990px\" \/><figcaption class=\"wp-element-caption\">El Ej\u00e9rcito israel\u00ed comparti\u00f3 im\u00e1genes in\u00e9ditas del t\u00fanel en el que se refugi\u00f3 Sinwar junto a su familia tras la masacre del 7 de octubre<\/figcaption><\/figure>\n\n\n\n<p>Durante una misi\u00f3n de reconocimiento,<strong> una patrulla de las Fuerzas de Defensa de Israel se encontr\u00f3 con un grupo de individuos armados, lo que desencaden\u00f3 un intenso tiroteo.<\/strong> En respuesta, las FDI desplegaron r\u00e1pidamente un tanque en la zona del enfrentamiento. El tanque lanz\u00f3 un ataque directo contra el edificio donde los combatientes de Hamas se hab\u00edan atrincherado, destruyendo la estructura por completo. Tras el cese del fuego, <strong>las fuerzas israel\u00edes inspeccionaron los escombros y encontraron el cuerpo de Sinwar entre los restos.<\/strong><\/p>\n\n\n\n<p>Yahya Sinwar, nacido en Khan Younis, fue una figura central en la estructura de Hamas. Su v\u00ednculo con la organizaci\u00f3n comenz\u00f3 a temprana edad, cuando en 1982, a los 19 a\u00f1os, fue arrestado por Israel por \u201cactividades isl\u00e1micas\u201d. Durante este tiempo, se gan\u00f3 la confianza del fundador de Hamas, el jeque<strong> Ahmed Yassin<\/strong>. En 1988, un a\u00f1o despu\u00e9s de la creaci\u00f3n de Hamas, Sinwar fund\u00f3 la divisi\u00f3n de seguridad interna del grupo, Al Majd, conocida por perseguir a quienes eran sospechosos de colaborar con Israel y por actuar como guardiana de la \u201cmoralidad isl\u00e1mica\u201d.<\/p>\n\n\n\n<figure class=\"wp-block-image size-large\"><img loading=\"lazy\" decoding=\"async\" width=\"1024\" height=\"576\" src=\"https:\/\/losperiodistas.com.mx\/portal\/wp-content\/uploads\/2024\/10\/Captura-de-pantalla-2024-10-19-182438-1024x576.png\" alt=\"Sinwar fue abatido por el Ej\u00e9rcito israel\u00ed\" class=\"wp-image-88299\" srcset=\"https:\/\/losperiodistas.com.mx\/portal\/wp-content\/uploads\/2024\/10\/Captura-de-pantalla-2024-10-19-182438-1024x576.png 1024w, https:\/\/losperiodistas.com.mx\/portal\/wp-content\/uploads\/2024\/10\/Captura-de-pantalla-2024-10-19-182438-300x169.png 300w, https:\/\/losperiodistas.com.mx\/portal\/wp-content\/uploads\/2024\/10\/Captura-de-pantalla-2024-10-19-182438-768x432.png 768w, https:\/\/losperiodistas.com.mx\/portal\/wp-content\/uploads\/2024\/10\/Captura-de-pantalla-2024-10-19-182438.png 1233w\" sizes=\"(max-width: 1024px) 100vw, 1024px\" \/><figcaption class=\"wp-element-caption\">Sinwar fue abatido por el Ej\u00e9rcito israel\u00ed poco m\u00e1s de un a\u00f1o despu\u00e9s de la masacre del 7 de octubre<\/figcaption><\/figure>\n\n\n\n<p>Sinwar pas\u00f3 22 a\u00f1os en una prisi\u00f3n israel\u00ed hasta su liberaci\u00f3n en 2011 como parte de un intercambio de prisioneros por el soldado israel\u00ed Gilad Shalit. Quienes lo interrogaron lo describ\u00edan como \u201cextremadamente inteligente\u201d.<\/p>\n\n\n\n<p>El 6 de agosto de 2023, Sinwar asumi\u00f3 el liderazgo del bur\u00f3 pol\u00edtico de Hamas, tras la muerte de <strong>Ismail Haniyeh<\/strong> en un ataque atribuido a Israel en Teher\u00e1n.<\/p>\n\n\n\n<p>Se le considera el arquitecto del ataque del 7 de octubre de 2023 contra Israel, que desencaden\u00f3 la guerra en Gaza. Desde el inicio del conflicto, su paradero hab\u00eda sido un misterio, con rumores de que se escond\u00eda en los t\u00faneles de Gaza, posiblemente cerca de algunos de los rehenes israel\u00edes. Su muerte supone un importante logro para las fuerzas israel\u00edes, que lo buscaban intensamente desde el inicio de la guerra.<\/p>\n\n\n\n<p>Fuente: <a href=\"https:\/\/www.infobae.com\/america\/mundo\/2024\/10\/19\/el-video-que-muestra-a-yahya-sinwar-huyendo-a-un-tunel-subterraneo-en-gaza-horas-antes-de-la-masacre-del-7-de-octubre\/\" target=\"_blank\" rel=\"noreferrer noopener\">Infobae<\/a><\/p>\n","protected":false},"excerpt":{"rendered":"<p>Las im\u00e1genes fueron compartidas por el Ej\u00e9rcito de Israel d\u00edas despu\u00e9s de la muerte del jefe del grupo terrorista Hamas en el enclave palestino<\/p>\n","protected":false},"author":1,"featured_media":88295,"comment_status":"open","ping_status":"open","sticky":false,"template":"","format":"standard","meta":{"site-sidebar-layout":"default","site-content-layout":"","ast-site-content-layout":"default","site-content-style":"default","site-sidebar-style":"default","ast-global-header-display":"","ast-banner-title-visibility":"","ast-main-header-display":"","ast-hfb-above-header-display":"","ast-hfb-below-header-display":"","ast-hfb-mobile-header-display":"","site-post-title":"","ast-breadcrumbs-content":"","ast-featured-img":"","footer-sml-layout":"","theme-transparent-header-meta":"","adv-header-id-meta":"","stick-header-meta":"","header-above-stick-meta":"","header-main-stick-meta":"","header-below-stick-meta":"","astra-migrate-meta-layouts":"default","ast-page-background-enabled":"default","ast-page-background-meta":{"desktop":{"background-color":"var(--ast-global-color-4)","background-image":"","background-repeat":"repeat","background-position":"center center","background-size":"auto","background-attachment":"scroll","background-type":"","background-media":"","overlay-type":"","overlay-color":"","overlay-opacity":"","overlay-gradient":""},"tablet":{"background-color":"","background-image":"","background-repeat":"repeat","background-position":"center center","background-size":"auto","background-attachment":"scroll","background-type":"","background-media":"","overlay-type":"","overlay-color":"","overlay-opacity":"","overlay-gradient":""},"mobile":{"background-color":"","background-image":"","background-repeat":"repeat","background-position":"center center","background-size":"auto","background-attachment":"scroll","background-type":"","background-media":"","overlay-type":"","overlay-color":"","overlay-opacity":"","overlay-gradient":""}},"ast-content-background-meta":{"desktop":{"background-color":"var(--ast-global-color-5)","background-image":"","background-repeat":"repeat","background-position":"center center","background-size":"auto","background-attachment":"scroll","background-type":"","background-media":"","overlay-type":"","overlay-color":"","overlay-opacity":"","overlay-gradient":""},"tablet":{"background-color":"var(--ast-global-color-5)","background-image":"","background-repeat":"repeat","background-position":"center center","background-size":"auto","background-attachment":"scroll","background-type":"","background-media":"","overlay-type":"","overlay-color":"","overlay-opacity":"","overlay-gradient":""},"mobile":{"background-color":"var(--ast-global-color-5)","background-image":"","background-repeat":"repeat","background-position":"center center","background-size":"auto","background-attachment":"scroll","background-type":"","background-media":"","overlay-type":"","overlay-color":"","overlay-opacity":"","overlay-gradient":""}},"footnotes":""},"categories":[8],"tags":[19809,25217,21025,31716,28564],"class_list":["post-88294","post","type-post","status-publish","format-standard","has-post-thumbnail","hentry","category-noticias","tag-gaza","tag-hamas-2","tag-masacre","tag-refugio","tag-yahya-sinwar"],"_links":{"self":[{"href":"https:\/\/losperiodistas.com.mx\/portal\/wp-json\/wp\/v2\/posts\/88294","targetHints":{"allow":["GET"]}}],"collection":[{"href":"https:\/\/losperiodistas.com.mx\/portal\/wp-json\/wp\/v2\/posts"}],"about":[{"href":"https:\/\/losperiodistas.com.mx\/portal\/wp-json\/wp\/v2\/types\/post"}],"author":[{"embeddable":true,"href":"https:\/\/losperiodistas.com.mx\/portal\/wp-json\/wp\/v2\/users\/1"}],"replies":[{"embeddable":true,"href":"https:\/\/losperiodistas.com.mx\/portal\/wp-json\/wp\/v2\/comments?post=88294"}],"version-history":[{"count":2,"href":"https:\/\/losperiodistas.com.mx\/portal\/wp-json\/wp\/v2\/posts\/88294\/revisions"}],"predecessor-version":[{"id":88302,"href":"https:\/\/losperiodistas.com.mx\/portal\/wp-json\/wp\/v2\/posts\/88294\/revisions\/88302"}],"wp:featuredmedia":[{"embeddable":true,"href":"https:\/\/losperiodistas.com.mx\/portal\/wp-json\/wp\/v2\/media\/88295"}],"wp:attachment":[{"href":"https:\/\/losperiodistas.com.mx\/portal\/wp-json\/wp\/v2\/media?parent=88294"}],"wp:term":[{"taxonomy":"category","embeddable":true,"href":"https:\/\/losperiodistas.com.mx\/portal\/wp-json\/wp\/v2\/categories?post=88294"},{"taxonomy":"post_tag","embeddable":true,"href":"https:\/\/losperiodistas.com.mx\/portal\/wp-json\/wp\/v2\/tags?post=88294"}],"curies":[{"name":"wp","href":"https:\/\/api.w.org\/{rel}","templated":true}]}}