{"id":88291,"date":"2024-10-19T19:02:47","date_gmt":"2024-10-20T00:02:47","guid":{"rendered":"http:\/\/losperiodistas.com.mx\/portal\/?p=88291"},"modified":"2024-10-19T19:02:49","modified_gmt":"2024-10-20T00:02:49","slug":"asi-celebraran-los-poblanos-la-conservacion-de-los-murcielagos","status":"publish","type":"post","link":"https:\/\/losperiodistas.com.mx\/portal\/asi-celebraran-los-poblanos-la-conservacion-de-los-murcielagos\/","title":{"rendered":"As\u00ed celebrar\u00e1n los poblanos la conservaci\u00f3n de los murci\u00e9lagos | El Universal Puebla"},"content":{"rendered":"\n<p>Ser\u00e1 el pr\u00f3ximo 26 de octubre en el Jard\u00edn Etnobot\u00e1nico Francisco Pel\u00e1ez R.<\/p>\n\n\n\n<figure class=\"wp-block-image size-full\"><img fetchpriority=\"high\" decoding=\"async\" width=\"985\" height=\"636\" src=\"https:\/\/losperiodistas.com.mx\/portal\/wp-content\/uploads\/2024\/10\/Captura-de-pantalla-2024-10-19-174413.png\" alt=\"murci\u00e9lagos\" class=\"wp-image-88292\" srcset=\"https:\/\/losperiodistas.com.mx\/portal\/wp-content\/uploads\/2024\/10\/Captura-de-pantalla-2024-10-19-174413.png 985w, https:\/\/losperiodistas.com.mx\/portal\/wp-content\/uploads\/2024\/10\/Captura-de-pantalla-2024-10-19-174413-300x194.png 300w, https:\/\/losperiodistas.com.mx\/portal\/wp-content\/uploads\/2024\/10\/Captura-de-pantalla-2024-10-19-174413-768x496.png 768w\" sizes=\"(max-width: 985px) 100vw, 985px\" \/><figcaption class=\"wp-element-caption\">Los murci\u00e9lagos son los \u00fanicos mam\u00edferos voladores | Foto: Pinterest<\/figcaption><\/figure>\n\n\n\n<p class=\"has-vivid-red-color has-text-color has-link-color wp-elements-317df27d6604958a1e7c105e202db703\">Angeles Bret\u00f3n \/ El Universal Puebla<\/p>\n\n\n\n<p>El 1 de octubre se celebr\u00f3 el <strong>D\u00eda Latinoamericano y del Caribe de los Murci\u00e9lagos<\/strong> con el prop\u00f3sito de crear conciencia sobre estos organismos a trav\u00e9s de la educaci\u00f3n ambiental. Por ello, a lo largo del mes se han desarrollado diversas actividades, y los poblanos no se quedan atr\u00e1s.<\/p>\n\n\n\n<p>Los <strong>murci\u00e9lagos<\/strong> son los \u00fanicos mam\u00edferos voladores y forman el segundo orden m\u00e1s diverso de mam\u00edferos con m\u00e1s de mil 400 especies. Habitan en diversos tipos de ecosistemas, desde selvas, playas e islas, se distribuyen en todo el mundo hasta el <strong>C\u00edrculo Polar \u00c1rtico<\/strong>, excepto en la<strong> Ant\u00e1rtida<\/strong>.<\/p>\n\n\n\n<p>Para muchas personas estos animalitos no son nada bonitos carism\u00e1ticamente, incluso les han creado mitos y leyendas, pero son m\u00e1s los beneficios que aportan al ecosistema, pero la gente lo desconoce.<\/p>\n\n\n\n<h2 class=\"wp-block-heading\">\u00bfPor qu\u00e9 es bueno cuidar de los murci\u00e9lagos?<\/h2>\n\n\n\n<p>Por ejemplo, una poblaci\u00f3n de estos mam\u00edferos insect\u00edvoros en una noche puede comer cerca de cinco toneladas de insectos.<\/p>\n\n\n\n<p>Se alimentan de frutos como guayaba, pl\u00e1tano, mango, cact\u00e1ceas y maguey tequilero, por lo que tambi\u00e9n son polinizadores de dichas plantas.<\/p>\n\n\n\n<p>Tambi\u00e9n hay especies que son dispersoras de semillas y otros que gustan de comer peque\u00f1os organismos como peces y larvas.<\/p>\n\n\n\n<h3 class=\"wp-block-heading\">Los murci\u00e9lagos son una especie en peligro de extinci\u00f3n<\/h3>\n\n\n\n<p>En M\u00e9xico hay cerca de 140 especies, de las cuales 18 son end\u00e9micas, de igual manera existen 37 especies que se encuentran dentro de la <strong>NOM-059-SEMARNAT-2010<\/strong> con alguna categor\u00eda de riesgo.<\/p>\n\n\n\n<p>En Puebla hay 60 especies de murci\u00e9lagos, de las cuales solo las <strong>especies Desmodus y Diphylla<\/strong> se nutren de sangre. Las especies en peligro de extinci\u00f3n se encuentran dentro de los g\u00e9neros Leptonycteris y Myotis, que son polin\u00edvoros e insect\u00edvoros, respectivamente.<\/p>\n\n\n\n<h2 class=\"wp-block-heading\">\u00bfC\u00f3mo celebrar\u00e1n los poblanos la conservaci\u00f3n de los murci\u00e9lagos?<\/h2>\n\n\n\n<p>Para celebrar a este mam\u00edfero, organizaciones y grupos de ambientalistas convocan a participar en el <em><strong>\u201cmurcievento\u201d<\/strong><\/em> que se llevar\u00e1 a cabo el s\u00e1bado 26 de octubre, de 11:00 a 20:00 horas en el Jard\u00edn Etnobot\u00e1nico Francisco Pel\u00e1ez R., en el <strong>municipio de San Pedro Cholula<\/strong>.<\/p>\n\n\n\n<p>El evento est\u00e1 dirigido a acad\u00e9micos, pero tambi\u00e9n al p\u00fablico en general, quienes podr\u00e1n participar con talleres o actividades de monitoreo referente a murci\u00e9lagos, actividades art\u00edsticas, souvenirs, artesan\u00edas u otros.<\/p>\n\n\n\n<p>El objetivo principal es propiciar actividades relacionadas con la apreciaci\u00f3n, difusi\u00f3n de la cultura cient\u00edfica, conocimientos y protecci\u00f3n de los murci\u00e9lagos.<\/p>\n\n\n\n<p>Los interesados pueden registrarse en el QR que aparece en la organizaci\u00f3n Ravanambiental, en el Jard\u00edn Bot\u00e1nico, Murci\u00e9lagos de Tlaxcala, Ecoydes A.C., KANAN, Red Latinoamericana y del Caribe.<\/p>\n\n\n\n<p>Fuente: <a href=\"https:\/\/www.eluniversalpuebla.com.mx\/que-hacer\/asi-celebraran-los-poblanos-la-conservacion-de-los-murcielagos\/?utm_source=newsshowcase&amp;utm_medium=gnews&amp;utm_campaign=CDAqEAgAKgcICjDtx6QLMLDSvAMw_oijAw&amp;utm_content=rundown\">El Universal Puebl<\/a><a href=\"https:\/\/www.eluniversalpuebla.com.mx\/que-hacer\/asi-celebraran-los-poblanos-la-conservacion-de-los-murcielagos\/\" target=\"_blank\" rel=\"noreferrer noopener\">a<\/a><\/p>\n","protected":false},"excerpt":{"rendered":"<p>Ser\u00e1 el pr\u00f3ximo 26 de octubre en el Jard\u00edn Etnobot\u00e1nico Francisco Pel\u00e1ez R.<\/p>\n","protected":false},"author":1,"featured_media":88292,"comment_status":"open","ping_status":"open","sticky":false,"template":"","format":"standard","meta":{"site-sidebar-layout":"default","site-content-layout":"","ast-site-content-layout":"default","site-content-style":"default","site-sidebar-style":"default","ast-global-header-display":"","ast-banner-title-visibility":"","ast-main-header-display":"","ast-hfb-above-header-display":"","ast-hfb-below-header-display":"","ast-hfb-mobile-header-display":"","site-post-title":"","ast-breadcrumbs-content":"","ast-featured-img":"","footer-sml-layout":"","theme-transparent-header-meta":"","adv-header-id-meta":"","stick-header-meta":"","header-above-stick-meta":"","header-main-stick-meta":"","header-below-stick-meta":"","astra-migrate-meta-layouts":"default","ast-page-background-enabled":"default","ast-page-background-meta":{"desktop":{"background-color":"var(--ast-global-color-4)","background-image":"","background-repeat":"repeat","background-position":"center center","background-size":"auto","background-attachment":"scroll","background-type":"","background-media":"","overlay-type":"","overlay-color":"","overlay-opacity":"","overlay-gradient":""},"tablet":{"background-color":"","background-image":"","background-repeat":"repeat","background-position":"center center","background-size":"auto","background-attachment":"scroll","background-type":"","background-media":"","overlay-type":"","overlay-color":"","overlay-opacity":"","overlay-gradient":""},"mobile":{"background-color":"","background-image":"","background-repeat":"repeat","background-position":"center center","background-size":"auto","background-attachment":"scroll","background-type":"","background-media":"","overlay-type":"","overlay-color":"","overlay-opacity":"","overlay-gradient":""}},"ast-content-background-meta":{"desktop":{"background-color":"var(--ast-global-color-5)","background-image":"","background-repeat":"repeat","background-position":"center center","background-size":"auto","background-attachment":"scroll","background-type":"","background-media":"","overlay-type":"","overlay-color":"","overlay-opacity":"","overlay-gradient":""},"tablet":{"background-color":"var(--ast-global-color-5)","background-image":"","background-repeat":"repeat","background-position":"center center","background-size":"auto","background-attachment":"scroll","background-type":"","background-media":"","overlay-type":"","overlay-color":"","overlay-opacity":"","overlay-gradient":""},"mobile":{"background-color":"var(--ast-global-color-5)","background-image":"","background-repeat":"repeat","background-position":"center center","background-size":"auto","background-attachment":"scroll","background-type":"","background-media":"","overlay-type":"","overlay-color":"","overlay-opacity":"","overlay-gradient":""}},"footnotes":""},"categories":[8],"tags":[31712,31713,31714,31715],"class_list":["post-88291","post","type-post","status-publish","format-standard","has-post-thumbnail","hentry","category-noticias","tag-conservacion-de-murcielagos","tag-jardin-etnobotanico","tag-murcielagos","tag-nom-059-semarnat-2010"],"_links":{"self":[{"href":"https:\/\/losperiodistas.com.mx\/portal\/wp-json\/wp\/v2\/posts\/88291","targetHints":{"allow":["GET"]}}],"collection":[{"href":"https:\/\/losperiodistas.com.mx\/portal\/wp-json\/wp\/v2\/posts"}],"about":[{"href":"https:\/\/losperiodistas.com.mx\/portal\/wp-json\/wp\/v2\/types\/post"}],"author":[{"embeddable":true,"href":"https:\/\/losperiodistas.com.mx\/portal\/wp-json\/wp\/v2\/users\/1"}],"replies":[{"embeddable":true,"href":"https:\/\/losperiodistas.com.mx\/portal\/wp-json\/wp\/v2\/comments?post=88291"}],"version-history":[{"count":1,"href":"https:\/\/losperiodistas.com.mx\/portal\/wp-json\/wp\/v2\/posts\/88291\/revisions"}],"predecessor-version":[{"id":88293,"href":"https:\/\/losperiodistas.com.mx\/portal\/wp-json\/wp\/v2\/posts\/88291\/revisions\/88293"}],"wp:featuredmedia":[{"embeddable":true,"href":"https:\/\/losperiodistas.com.mx\/portal\/wp-json\/wp\/v2\/media\/88292"}],"wp:attachment":[{"href":"https:\/\/losperiodistas.com.mx\/portal\/wp-json\/wp\/v2\/media?parent=88291"}],"wp:term":[{"taxonomy":"category","embeddable":true,"href":"https:\/\/losperiodistas.com.mx\/portal\/wp-json\/wp\/v2\/categories?post=88291"},{"taxonomy":"post_tag","embeddable":true,"href":"https:\/\/losperiodistas.com.mx\/portal\/wp-json\/wp\/v2\/tags?post=88291"}],"curies":[{"name":"wp","href":"https:\/\/api.w.org\/{rel}","templated":true}]}}