{"id":88287,"date":"2024-10-19T18:12:41","date_gmt":"2024-10-19T23:12:41","guid":{"rendered":"http:\/\/losperiodistas.com.mx\/portal\/?p=88287"},"modified":"2024-10-19T18:12:43","modified_gmt":"2024-10-19T23:12:43","slug":"disney-anuncia-malas-noticias-para-suscriptores","status":"publish","type":"post","link":"https:\/\/losperiodistas.com.mx\/portal\/disney-anuncia-malas-noticias-para-suscriptores\/","title":{"rendered":"Disney+ anuncia dos malas noticias para sus suscriptores | Sensacine"},"content":{"rendered":"\n<p>La plataforma, que alberga \u00e9xitos de Marvel, Star Wars y Pixar, ha revelado dos noticias que no ser\u00e1n bien recibidas por sus suscriptores. Estas decisiones forman parte de una estrategia de ajuste en un entorno de creciente competencia en el mercado.<\/p>\n\n\n\n<figure class=\"wp-block-image size-large\"><img fetchpriority=\"high\" decoding=\"async\" width=\"1024\" height=\"579\" src=\"https:\/\/losperiodistas.com.mx\/portal\/wp-content\/uploads\/2024\/10\/Captura-de-pantalla-2024-10-19-165009-1024x579.png\" alt=\"Disney+\" class=\"wp-image-88288\" srcset=\"https:\/\/losperiodistas.com.mx\/portal\/wp-content\/uploads\/2024\/10\/Captura-de-pantalla-2024-10-19-165009-1024x579.png 1024w, https:\/\/losperiodistas.com.mx\/portal\/wp-content\/uploads\/2024\/10\/Captura-de-pantalla-2024-10-19-165009-300x170.png 300w, https:\/\/losperiodistas.com.mx\/portal\/wp-content\/uploads\/2024\/10\/Captura-de-pantalla-2024-10-19-165009-768x434.png 768w, https:\/\/losperiodistas.com.mx\/portal\/wp-content\/uploads\/2024\/10\/Captura-de-pantalla-2024-10-19-165009.png 1261w\" sizes=\"(max-width: 1024px) 100vw, 1024px\" \/><figcaption class=\"wp-element-caption\">Disney+<\/figcaption><\/figure>\n\n\n\n<p class=\"has-vivid-red-color has-text-color has-link-color wp-elements-3a099477b325a6f80332bd25b6e78462\">Luis Fernando Galv\u00e1n \/ Sensacine<\/p>\n\n\n\n<p><strong>Disney+ se ha convertido en una de las plataformas de streaming m\u00e1s poderosas del mercado gracias a su impresionante cat\u00e1logo. <\/strong>Con sus tradicionales filmes (<em>La bella y la bestia<\/em> y <em>La sirenita<\/em>) ha logrado conquistar a millones de suscriptores en todo el mundo.<\/p>\n\n\n\n<p>La plataforma ofrece contenido exclusivo que incluye desde m\u00e1gicas historias animadas de Pixar (<em>Toy Story<\/em> e <em>Intensamente 2<\/em>) hasta las \u00e9picas sagas de superh\u00e9roes de Marvel (<em>Avengers: Endgame<\/em> o la serie <em>X-Men &#8217;97<\/em>) y las legendarias aventuras espaciales de Star Wars (<em>El imperio contraataca<\/em> y <em>El regreso del Jedi<\/em>), consolid\u00e1ndose como un gigante del entretenimiento digital.<\/p>\n\n\n\n<p>A pesar de su \u00e9xito inicial, Disney+ enfrenta desaf\u00edos importantes. Bajo el liderazgo de Bob Iger, quien regres\u00f3 como CEO en 2022, la plataforma ha iniciado un proceso de transformaci\u00f3n. Iger, quien en su momento llev\u00f3 a Disney a nuevas alturas mediante adquisiciones clave como las mencionadas franquicias, ahora busca rescatar a la compa\u00f1\u00eda de una situaci\u00f3n financiera dif\u00edcil. <strong>Disney+ ha acumulado p\u00e9rdidas significativas, lo que ha llevado a la empresa a replantearse su estrategia para competir en un mercado saturado.<\/strong><\/p>\n\n\n\n<h2 class=\"wp-block-heading\">Adi\u00f3s a compartir cuentas: Disney+ endurece sus pol\u00edticas en 2024<\/h2>\n\n\n\n<p>Uno de los cambios m\u00e1s notables es el aumento de precios en sus suscripciones. <strong>Aunque en Latinoam\u00e9rica no se ha confirmado un nuevo aumento, a partir de las pr\u00f3ximas semanas, el costo de la suscripci\u00f3n est\u00e1ndar sin publicidad de Disney+ subir\u00e1 de 8,99 \u20ac a 9,99 \u20ac mensuales en varios pa\u00edses de Europa<\/strong>, incluyendo Francia. Adem\u00e1s, el paquete Premium tambi\u00e9n ver\u00e1 un aumento de 2 \u20ac al mes. Estas modificaciones buscan mejorar la rentabilidad del servicio en un momento en que las p\u00e9rdidas financieras se acumulan y los accionistas exigen resultados m\u00e1s s\u00f3lidos.<\/p>\n\n\n\n<p>Adem\u00e1s, <strong>Disney+ ha comenzado a notificar a sus suscriptores a trav\u00e9s de correos electr\u00f3nicos sobre la implementaci\u00f3n de medidas para evitar que las cuentas sean compartidas entre diferentes hogares.<\/strong> Aunque Iger, ya hab\u00eda anunciado en septiembre que se prohibir\u00eda el uso de una misma cuenta en m\u00faltiples domicilios, el aviso formal lleg\u00f3 recientemente a toda Latinoam\u00e9rica. En el correo, la compa\u00f1\u00eda informa que a partir del 12 de noviembre de 2024 se realizar\u00e1 una revisi\u00f3n activa de las cuentas para prevenir el intercambio de contrase\u00f1as.<\/p>\n\n\n\n<figure class=\"wp-block-image size-large\"><img decoding=\"async\" width=\"1024\" height=\"573\" src=\"https:\/\/losperiodistas.com.mx\/portal\/wp-content\/uploads\/2024\/10\/Captura-de-pantalla-2024-10-19-165641-1024x573.png\" alt=\"\" class=\"wp-image-88289\" srcset=\"https:\/\/losperiodistas.com.mx\/portal\/wp-content\/uploads\/2024\/10\/Captura-de-pantalla-2024-10-19-165641-1024x573.png 1024w, https:\/\/losperiodistas.com.mx\/portal\/wp-content\/uploads\/2024\/10\/Captura-de-pantalla-2024-10-19-165641-300x168.png 300w, https:\/\/losperiodistas.com.mx\/portal\/wp-content\/uploads\/2024\/10\/Captura-de-pantalla-2024-10-19-165641-768x430.png 768w, https:\/\/losperiodistas.com.mx\/portal\/wp-content\/uploads\/2024\/10\/Captura-de-pantalla-2024-10-19-165641.png 1061w\" sizes=\"(max-width: 1024px) 100vw, 1024px\" \/><figcaption class=\"wp-element-caption\">Cat\u00e1logo de Disney+<\/figcaption><\/figure>\n\n\n\n<p><strong>El mercado del streaming se ha vuelto ferozmente competitivo, y Disney+ no es la \u00fanica plataforma que est\u00e1 ajustando sus precios y pol\u00edticas<\/strong>. <a href=\"https:\/\/www.sensacine.com.mx\/streaming\/netflix\/\">Netflix<\/a>, por ejemplo, ha implementado aumentos en sus tarifas en los \u00faltimos a\u00f1os, adem\u00e1s de introducir una opci\u00f3n m\u00e1s econ\u00f3mica con publicidad. Disney+ ha seguido esta misma tendencia, aunque su versi\u00f3n con anuncios sigue siendo limitada en algunos mercados, como Europa, lo que deja espacio para posibles expansiones en el futuro.<\/p>\n\n\n\n<p>En un mercado tan saturado de opciones de entretenimiento digital, los suscriptores se enfrentan a decisiones dif\u00edciles sobre qu\u00e9 plataformas mantener. <strong>Mientras tanto, Disney+ contin\u00faa apostando por fortalecer su cat\u00e1logo con contenido exclusivo y franquicias populares<\/strong>, pero la pregunta que queda es si estos aumentos y cambios afectar\u00e1n negativamente su base de suscriptores a largo plazo.<\/p>\n\n\n\n<p>Fuente: <a href=\"https:\/\/www.sensacine.com.mx\/noticias\/noticia-1000109582\/\" target=\"_blank\" rel=\"noreferrer noopener\">Sensacine<\/a><\/p>\n","protected":false},"excerpt":{"rendered":"<p>La plataforma, que alberga \u00e9xitos de Marvel, Star Wars y Pixar, ha revelado dos noticias que no ser\u00e1n bien recibidas por sus suscriptores. Estas decisiones forman parte de una estrategia de ajuste en un entorno de creciente competencia en el mercado.<\/p>\n","protected":false},"author":1,"featured_media":88288,"comment_status":"open","ping_status":"open","sticky":false,"template":"","format":"standard","meta":{"site-sidebar-layout":"default","site-content-layout":"","ast-site-content-layout":"default","site-content-style":"default","site-sidebar-style":"default","ast-global-header-display":"","ast-banner-title-visibility":"","ast-main-header-display":"","ast-hfb-above-header-display":"","ast-hfb-below-header-display":"","ast-hfb-mobile-header-display":"","site-post-title":"","ast-breadcrumbs-content":"","ast-featured-img":"","footer-sml-layout":"","theme-transparent-header-meta":"","adv-header-id-meta":"","stick-header-meta":"","header-above-stick-meta":"","header-main-stick-meta":"","header-below-stick-meta":"","astra-migrate-meta-layouts":"default","ast-page-background-enabled":"default","ast-page-background-meta":{"desktop":{"background-color":"var(--ast-global-color-4)","background-image":"","background-repeat":"repeat","background-position":"center center","background-size":"auto","background-attachment":"scroll","background-type":"","background-media":"","overlay-type":"","overlay-color":"","overlay-opacity":"","overlay-gradient":""},"tablet":{"background-color":"","background-image":"","background-repeat":"repeat","background-position":"center center","background-size":"auto","background-attachment":"scroll","background-type":"","background-media":"","overlay-type":"","overlay-color":"","overlay-opacity":"","overlay-gradient":""},"mobile":{"background-color":"","background-image":"","background-repeat":"repeat","background-position":"center center","background-size":"auto","background-attachment":"scroll","background-type":"","background-media":"","overlay-type":"","overlay-color":"","overlay-opacity":"","overlay-gradient":""}},"ast-content-background-meta":{"desktop":{"background-color":"var(--ast-global-color-5)","background-image":"","background-repeat":"repeat","background-position":"center center","background-size":"auto","background-attachment":"scroll","background-type":"","background-media":"","overlay-type":"","overlay-color":"","overlay-opacity":"","overlay-gradient":""},"tablet":{"background-color":"var(--ast-global-color-5)","background-image":"","background-repeat":"repeat","background-position":"center center","background-size":"auto","background-attachment":"scroll","background-type":"","background-media":"","overlay-type":"","overlay-color":"","overlay-opacity":"","overlay-gradient":""},"mobile":{"background-color":"var(--ast-global-color-5)","background-image":"","background-repeat":"repeat","background-position":"center center","background-size":"auto","background-attachment":"scroll","background-type":"","background-media":"","overlay-type":"","overlay-color":"","overlay-opacity":"","overlay-gradient":""}},"footnotes":""},"categories":[8],"tags":[31711,5549,31709,31710],"class_list":["post-88287","post","type-post","status-publish","format-standard","has-post-thumbnail","hentry","category-noticias","tag-cuentas-compartidas","tag-disney-2","tag-plataformas-de-streaming","tag-politicas"],"_links":{"self":[{"href":"https:\/\/losperiodistas.com.mx\/portal\/wp-json\/wp\/v2\/posts\/88287","targetHints":{"allow":["GET"]}}],"collection":[{"href":"https:\/\/losperiodistas.com.mx\/portal\/wp-json\/wp\/v2\/posts"}],"about":[{"href":"https:\/\/losperiodistas.com.mx\/portal\/wp-json\/wp\/v2\/types\/post"}],"author":[{"embeddable":true,"href":"https:\/\/losperiodistas.com.mx\/portal\/wp-json\/wp\/v2\/users\/1"}],"replies":[{"embeddable":true,"href":"https:\/\/losperiodistas.com.mx\/portal\/wp-json\/wp\/v2\/comments?post=88287"}],"version-history":[{"count":1,"href":"https:\/\/losperiodistas.com.mx\/portal\/wp-json\/wp\/v2\/posts\/88287\/revisions"}],"predecessor-version":[{"id":88290,"href":"https:\/\/losperiodistas.com.mx\/portal\/wp-json\/wp\/v2\/posts\/88287\/revisions\/88290"}],"wp:featuredmedia":[{"embeddable":true,"href":"https:\/\/losperiodistas.com.mx\/portal\/wp-json\/wp\/v2\/media\/88288"}],"wp:attachment":[{"href":"https:\/\/losperiodistas.com.mx\/portal\/wp-json\/wp\/v2\/media?parent=88287"}],"wp:term":[{"taxonomy":"category","embeddable":true,"href":"https:\/\/losperiodistas.com.mx\/portal\/wp-json\/wp\/v2\/categories?post=88287"},{"taxonomy":"post_tag","embeddable":true,"href":"https:\/\/losperiodistas.com.mx\/portal\/wp-json\/wp\/v2\/tags?post=88287"}],"curies":[{"name":"wp","href":"https:\/\/api.w.org\/{rel}","templated":true}]}}