{"id":88264,"date":"2024-10-20T03:02:29","date_gmt":"2024-10-20T08:02:29","guid":{"rendered":"https:\/\/losperiodistas.com.mx\/portal\/?p=88264"},"modified":"2024-10-20T03:02:31","modified_gmt":"2024-10-20T08:02:31","slug":"enrico-letta-el-nacionalismo-en-europa-hace-feliz-a-wall-street-y-a-china-abc","status":"publish","type":"post","link":"https:\/\/losperiodistas.com.mx\/portal\/enrico-letta-el-nacionalismo-en-europa-hace-feliz-a-wall-street-y-a-china-abc\/","title":{"rendered":"Enrico Letta: \u00abEl nacionalismo en Europa hace feliz a Wall Street y a China\u00bb | ABC"},"content":{"rendered":"\n<h2 class=\"wp-block-heading\">El pol\u00edtico y profesor italiano propone integrar la industria de defensa europea, el mercado energ\u00e9tico, el financiero y el de telecomunicaciones<\/h2>\n\n\n\n<figure class=\"wp-block-image size-large\"><img fetchpriority=\"high\" decoding=\"async\" width=\"1024\" height=\"571\" src=\"https:\/\/losperiodistas.com.mx\/portal\/wp-content\/uploads\/2024\/10\/Captura-de-pantalla-2024-10-20-a-las-1.58.02\u202fa.m-1024x571.png\" alt=\"\" class=\"wp-image-88314\" srcset=\"https:\/\/losperiodistas.com.mx\/portal\/wp-content\/uploads\/2024\/10\/Captura-de-pantalla-2024-10-20-a-las-1.58.02\u202fa.m-1024x571.png 1024w, https:\/\/losperiodistas.com.mx\/portal\/wp-content\/uploads\/2024\/10\/Captura-de-pantalla-2024-10-20-a-las-1.58.02\u202fa.m-300x167.png 300w, https:\/\/losperiodistas.com.mx\/portal\/wp-content\/uploads\/2024\/10\/Captura-de-pantalla-2024-10-20-a-las-1.58.02\u202fa.m-768x429.png 768w, https:\/\/losperiodistas.com.mx\/portal\/wp-content\/uploads\/2024\/10\/Captura-de-pantalla-2024-10-20-a-las-1.58.02\u202fa.m.png 1516w\" sizes=\"(max-width: 1024px) 100vw, 1024px\" \/><figcaption class=\"wp-element-caption\">Letta, en el hotel Mercer Plaza de Sevilla, donde recibi\u00f3 a ABC\u00a0Mar\u00eda Guerra<\/figcaption><\/figure>\n\n\n\n<p><a href=\"https:\/\/players.brightcove.net\/55814260001\/Bki6qnWf_default\/index.html?videoId=6363428986112\">Entrevista Enrico Letta<\/a> en <a href=\"http:\/\/www.abc.es\/\/multimedia\/videos\">Videos<\/a><\/p>\n\n\n\n<p class=\"has-vivid-red-color has-text-color has-link-color has-medium-font-size wp-elements-fa2a7907a4f851805811382e6544534c\"><strong>Yolanda G\u00f3mez Rojo \/ ABC<\/strong><\/p>\n\n\n\n<p>Octubre 20 2024<\/p>\n\n\n\n<p>El ex primer ministro italiano Enrico Letta se traslada a Madrid a finales de noviembre para convertirse en el nuevo decano de la Escuela de Pol\u00edtica, Econom\u00eda y Asuntos Globales del IE. Ha elaborado por encargo de la Comisi\u00f3n Europea un ambicioso informe sobre el futuro del mercado \u00fanico, que presenta ma\u00f1ana a la presidenta de la Comisi\u00f3n, Ursula von der Leyen, en el pleno del Parlamento Europeo en Estrasburgo, como ya hiciera hace&nbsp;<a href=\"https:\/\/www.abc.es\/opinion\/editorial-abc-draghi-informe-debe-asegurar-futuro-ue-20240905203229-nt.html\">unas semanas su compatriota Mario Draghi<\/a>. El pasado mi\u00e9rcoles viaj\u00f3 a Sevilla para participar en el IV Congreso de la Sociedad Civil, donde recibi\u00f3 a ABC y le anticip\u00f3 los mensajes que transmitir\u00e1 a los parlamentarios europeos.<\/p>\n\n\n\n<p><strong>-En su informe advierte del riesgo que corre Europa de quedarse a atr\u00e1s frente a China y EE. UU. \u00bfQu\u00e9 debe hacer la UE para impedirlo?<\/strong><\/p>\n\n\n\n<p>-Estamos en un mundo cada vez m\u00e1s grande y Europa, fragmentada pa\u00eds por pa\u00eds, es demasiado peque\u00f1a. Hay muchos sectores econ\u00f3micos en los que en lugar de un mercado \u00fanico hay 27 mercados y a la hora de competir a nivel mundial, la fragmentaci\u00f3n es un gran regalo para los chinos y para los americanos de Wall Street. Lo que hemos hecho con el euro, debe hacerse ahora con otros sectores.<\/p>\n\n\n\n<p><strong>-\u00bfA qu\u00e9 sectores se refiere?<\/strong><\/p>\n\n\n\n<p>-En mi informe identifiqu\u00e9 tres donde esta fragmentaci\u00f3n supone una enorme debilidad de Europa frente a China y a Estados Unidos: la energ\u00eda, las telecomunicaciones y el mercado financiero. Y este \u00faltimo es el m\u00e1s importante, porque la fragmentaci\u00f3n de los mercados financieros nos convierte en una colonia americana. Todos los pagos electr\u00f3nicos se realizan con plataformas americanas, y con cada pago que hacemos enviamos dinero a EE. UU. Europa no compite con los grandes bancos de inversi\u00f3n norteamericanos.Noticia Relacionada<\/p>\n\n\n\n<figure class=\"wp-block-image alignleft\"><a href=\"https:\/\/www.abc.es\/economia\/banca-reactiva-fusiones-adquisiciones-crear-campeones-europeos-20241001184150-nt.html#vca=modulo-rel-uno&amp;vso=abc&amp;vmc=noticias-rel&amp;vli=economia\"><img decoding=\"async\" src=\"https:\/\/s1.abcstatics.com\/abc\/www\/multimedia\/economia\/2024\/10\/01\/christine-lagarde-bce-U66734611807xZQ-366x256@diario_abc.jpg\" alt=\"La banca reactiva las fusiones y adquisiciones para crear campeones europeos\"\/><\/a><\/figure>\n\n\n\n<h3 class=\"wp-block-heading\"><a href=\"https:\/\/www.abc.es\/economia\/banca-reactiva-fusiones-adquisiciones-crear-campeones-europeos-20241001184150-nt.html#vca=modulo-rel-uno&amp;vso=abc&amp;vmc=noticias-rel&amp;vli=economia\">La banca reactiva las fusiones y adquisiciones para crear campeones europeos<\/a><\/h3>\n\n\n\n<p>Daniel Caballero<\/p>\n\n\n\n<p><\/p>\n\n\n\n<p><\/p>\n\n\n\n<p><\/p>\n\n\n\n<p><strong>-Frente a la integraci\u00f3n que usted propone lo que estamos viendo en muchos pa\u00edses europeos, incluido Espa\u00f1a, es el auge de los nacionalismos.<\/strong><\/p>\n\n\n\n<p>-El nacionalismo hace feliz a Wall Street y a los chinos, y as\u00ed lo voy a defender en la sesi\u00f3n plenaria del nuevo Parlamento Europeo. Sin integraci\u00f3n el declive de Europa est\u00e1 garantizado y el debate ser\u00e1 si nos convertimos en una colonia china o americana.<\/p>\n\n\n\n<p><strong>-Tambi\u00e9n ha advertido sobre la fragmentaci\u00f3n de la industria de defensa en Europa.<\/strong><\/p>\n\n\n\n<p>-S\u00ed. La industria de defensa est\u00e1 totalmente fragmentada, es nacional, y la consecuencia es que el 80% de los 140.000 millones de euros que Europa se ha gastado en comprar material militar para ayudar a Ucrania, ha ido a crear empleos en Wisconsin, Turqu\u00eda o Corea del Sur, porque la fragmentaci\u00f3n impide comprar material militar europeo y mi propuesta es integrar la industria de defensa de todos los pa\u00edses, y utilizar el MEDE (Mecanismo Europeo de Estabilidad) para financiar esta integraci\u00f3n.<\/p>\n\n\n\n<p>Transici\u00f3n energ\u00e9tica<\/p>\n\n\n\n<p>\u00abNo se trata de retrasar su aplicaci\u00f3n, sino de llegar a un acuerdo para financiarla con fondos p\u00fablicos y privados\u00bb<\/p>\n\n\n\n<p><strong>-La Uni\u00f3n Europea ha hecho una apuesta por ser los m\u00e1s r\u00e1pidos en la transici\u00f3n energ\u00e9tica. \u00bfEso nos hace perder competitividad y crecimiento?<\/strong><\/p>\n\n\n\n<p>-Apostar por la transici\u00f3n energ\u00e9tica es una buena elecci\u00f3n, el problema no es el ritmo de aplicaci\u00f3n, sino c\u00f3mo financiarla. S\u00e9 que es un tema en el que hay mucha divisi\u00f3n, pero posponerla no es la soluci\u00f3n, ser\u00eda una respuesta d\u00e9bil y poco ambiciosa. Y en eso voy a centrar mi intervenci\u00f3n en el Parlamento Europeo. Hay divisi\u00f3n entre los pa\u00edses del norte de Europa, que quieren que la transici\u00f3n se financie con fondos privados, y los del sur, que queremos un nuevo Next Generation, financiado con deuda p\u00fablica europea, y mi propuesta es plantear una soluci\u00f3n mixta con financiaci\u00f3n p\u00fablica, pero fundamentalmente privada. Y parte de esta soluci\u00f3n est\u00e1 en la integraci\u00f3n del mercado de capitales europeo. Tenemos que ser capaces de convertir el ahorro privado europeo en inversiones para la transici\u00f3n verde, ese es el desaf\u00edo. Si no usamos nosotros este ahorro, se va a ir al mercado americano, que es m\u00e1s atractivo y din\u00e1mico. Y adem\u00e1s, porque si no somos capaces de atraer esta inversi\u00f3n privada los pa\u00edses del norte no van a aceptar el uso de fondos p\u00fablicos.<\/p>\n\n\n\n<p><strong>-La pandemia primero, la guerra de Ucrania despu\u00e9s, nos ense\u00f1\u00f3 los riesgos de la globalizaci\u00f3n y de tener una excesiva dependencia de pa\u00edses poco fiables. \u00bfHacia d\u00f3nde debe ir Europa?<\/strong><\/p>\n\n\n\n<p>-La lecci\u00f3n que hemos recibido en estos a\u00f1os es que no podemos ser dependientes de la energ\u00eda, de la conectividad, de los mercados financieros del resto del mundo porque si lo hacemos, en un mundo con una geopol\u00edtica tan compleja, vamos a asumir demasiados riesgos. Yo creo que el primer riesgo es tener a Trump como presidente de los Estados Unidos. Tenemos que saber que si Trump es presidente, tenemos que ser amigos de los americanos, pero independientes. Tras la invasi\u00f3n Rusia de Ucrania, Europa ha cortado su dependencia del gas, del petr\u00f3leo ruso\u2026 ha sido dif\u00edcil, pero posible. Y si Trump se convierte en presidente, habr\u00e1 que tomar medidas.<\/p>\n\n\n\n<p><strong>-\u00bfQu\u00e9 supondr\u00eda para Europa que Trump gane las elecciones?<\/strong><\/p>\n\n\n\n<p>-Creo que si Trump vuelve a gobernar, el Trump actual va a ser m\u00e1s peligroso para el comercio mundial y para la cooperaci\u00f3n multilateral que el Trump anterior, porque ya aprendi\u00f3 c\u00f3mo superar las limitaciones que se le plantearon entonces. Y para Europa y para la competitividad de las empresas europeas vivir en un mundo abierto es fundamental.<\/p>\n\n\n\n<p>Industria de defensa<\/p>\n\n\n\n<p>\u00abDe los 140.000 millones que la UE ha gastado en material militar para Ucrania, el 80% ha ido a crear empleos en Wisconsin\u00bb<\/p>\n\n\n\n<p><strong>-La UE acaba de aprobar aranceles a los coches el\u00e9ctricos chinos. \u00bfCree que es una medida adecuada o abre una guerra comercial innecesaria?<\/strong><\/p>\n\n\n\n<p>-Creo que es una buena decisi\u00f3n. En el caso de China era necesario mandar un mensaje claro porque en los \u00faltimos diez a\u00f1os fuimos demasiado ingenuos y ahora estamos pagando la factura.<\/p>\n\n\n\n<p><strong>-Uno de los principales problemas que tiene la UE, y de lo que m\u00e1s se quejan las empresas es la excesiva burocracia. \u00bfQu\u00e9 se puede hacer para reducirla?<\/strong><\/p>\n\n\n\n<p>-En el informe propongo dos cosas: la primera es hacer un Estado 28, virtual para darle un derecho comercial propio que sea v\u00e1lido en toda Europa. No es una idea original m\u00eda. Es una copia del estado de Delaware, en EE. UU., que te proporciona un pasaporte con el que puedes operar en todos los estados americanos. Y adem\u00e1s, ese derecho ser\u00eda compatible con los derechos comerciales nacionales. Y la segunda es acabar con las directivas, que los Estados tienen que transponer y convertir en leyes nacionales, lo que genera una enorme burocracia porque cada pa\u00eds la traspone de una manera. La alternativa ser\u00eda que Bruselas aprobara reglamentos que se aplicaran directamente en todos los pa\u00edses de la UE.<\/p>\n\n\n\n<p><strong>-\u00bfY qu\u00e9 posibilidades ve de que la nueva Comisi\u00f3n Europea aplique estas propuestas?<\/strong><\/p>\n\n\n\n<p>-Yo soy optimista. Ma\u00f1ana presento mi informe en el pleno del Parlamento Europeo, en Estrasburgo, a la presidenta de la Comisi\u00f3n, Ursula von der Leyen, como ya hizo hace unas semanas Mario Draghi, y creo que los 26 comisarios tienen una misi\u00f3n muy clara que coincide con muchos puntos que yo planteo. Adem\u00e1s el informe contiene soluciones muy pragm\u00e1ticas, que se pueden aplicar en los pr\u00f3ximos tres, cuatro o cinco a\u00f1os, sin necesidad de cambiar los tratados.<\/p>\n\n\n\n<p><strong>-Hablemos de Espa\u00f1a. Hay quien dice que la econom\u00eda espa\u00f1ola se est\u00e1 italianizando, y que crece a buen ritmo a pesar de las decisiones del Gobierno. \u00bfComparte ese an\u00e1lisis?<\/strong><\/p>\n\n\n\n<p>-La econom\u00eda espa\u00f1ola tiene un dinamismo muy positivo y una gran actividad en muchos sectores, pese a la polarizaci\u00f3n pol\u00edtica, y a los problemas por la descentralizaci\u00f3n. Y Espa\u00f1a no solo tiene una econom\u00eda din\u00e1mica, la cultura espa\u00f1ola, el turismo\u2026 son muy atractivos.<\/p>\n\n\n\n<p><strong>-Tanto que usted se viene ahora a Espa\u00f1a.<\/strong><\/p>\n\n\n\n<p>-S\u00ed, a finales de noviembre me incorporo al Instituto de Empresa como decano de la Escuela de Pol\u00edtica, Econom\u00eda y Asuntos Globales del IE y estoy muy ilusionado con venir a Espa\u00f1a por much\u00edsimas razones: la econom\u00eda espa\u00f1ola es muy din\u00e1mica y el Instituto de Empresa es una universidad fant\u00e1stica con una gran atractivo global y con estudiantes de todas las esquinas del mundo. Y cuando he anunciado a mis contactos en Estados Unidos, Asia, Europa\u2026 que me traslado a Madrid, todos me han dicho que es una fant\u00e1stica decisi\u00f3n, lo que demuestra que Espa\u00f1a es un gran pa\u00eds. Adem\u00e1s llevo 25 a\u00f1os trabajando para fortalecer el di\u00e1logo entre Espa\u00f1a e Italia y esto es una nueva oportunidad. Ahora el eje franco-alem\u00e1n est\u00e1 muy d\u00e9bil, pasa por muchas dificultades y creo que es una gran oportunidad para que Espa\u00f1a e Italia cojan el relevo en Europa.<\/p>\n\n\n\n<p><strong>-Ha hablado de la polarizaci\u00f3n que existe en Espa\u00f1a, pero no es un fen\u00f3meno solo espa\u00f1ol \u00bfC\u00f3mo afecta al desarrollo econ\u00f3mico?<\/strong><\/p>\n\n\n\n<p>-La polarizaci\u00f3n es un virus de la democracia occidental. Se ha extendido en Estados Unidos, en Francia, en mi pa\u00eds, \u2026 y lleva a los pol\u00edticos, pero tambi\u00e9n a la sociedad, a no reconocer la legitimidad del otro, del que piensa distinto y eso es penoso. Por ejemplo en el parlamento italiano la palabra m\u00e1s repetida en los debates es \u00abverg\u00fcenza\u00bb, no se analizan los contenidos de las propuestas del Gobierno o de la oposici\u00f3n. La polarizaci\u00f3n es muy negativa para todo, para el desarrollo econ\u00f3mico pero tambi\u00e9n para la convivencia social y no s\u00e9 c\u00f3mo podemos superarla. Pero yo no vengo a dar consejos.<\/p>\n\n\n\n<p><strong>-Yo le pedir\u00eda uno para Espa\u00f1a. Crecemos m\u00e1s que los grandes pa\u00edses europeos, pero encabezamos el ranking del paro de la OCDE, y sobre todo juvenil. \u00bfQu\u00e9 podemos hacer para atajar este problema?<\/strong><\/p>\n\n\n\n<p>-Yo creo que estos problemas necesitan una soluci\u00f3n europea, porque no es solo un problema de Espa\u00f1a. En todos los encuentros con los j\u00f3venes que realic\u00e9 en las distintas ciudades de Europa descubr\u00ed que los que tienen ideas y proyectos quieren ir a Estados Unidos para buscar financiaci\u00f3n y ponerlas en marcha. Adem\u00e1s, a diferencia de lo que ocurre en Europa, all\u00ed no pasa nada porque un proyecto fracase, no se estigmatiza a nadie. De hecho, los grandes avances que en hay en Estados Unidos sobre inteligencia artificial son resultado de varios intentos fallidos. Han sido capaces de entender que el riesgo es parte de la vida y que para que haya \u00e9xitos econ\u00f3micos hay que asumir riesgos.<\/p>\n\n\n\n<p><strong>-Otro problema que tenemos compartido con Europa es la inmigraci\u00f3n. Una sociedad cada vez m\u00e1s envejecida como la europea necesita de la mano de obra inmigrante, pero a la vez vemos c\u00f3mo crece el rechazo hacia los inmigrantes.<\/strong><\/p>\n\n\n\n<p>-Los partidos populistas han tomado la inmigraci\u00f3n como bandera y ocurre en Europa, pero tambi\u00e9n en Estados Unidos. Para m\u00ed es interesante lo que ha pasado con el Brexit. El Reino Unido sali\u00f3 de la UE para controlar la inmigraci\u00f3n, y sin embargo ahora tienen m\u00e1s inmigraci\u00f3n ilegal que antes, por lo tanto Bruselas no es el problema. Es un tema complejo que, desde mi punto de vista, no debe tratarse del mismo modo en todos los pa\u00edses de la UE. No se pueden aplicar las mismas medidas en Espa\u00f1a, Francia, Alemania e Italia, que necesitan la inmigraci\u00f3n y est\u00e1n acostumbrados a convivir con ella, que en pa\u00edses como Bulgaria, Polonia o la Rep\u00fablica Checa, donde pr\u00e1cticamente tienen una homogeneidad \u00e9tnica. Creo que deber\u00eda haber una soluci\u00f3n a 27 pero a distintas velocidades. Los grandes pa\u00edses deben tomar medidas sobre el asunto pero sin caer en el populismo, que solo dice lo mal que est\u00e1n las cosas, pero nunca aporta soluciones.<\/p>\n\n\n\n<p><strong>-Ha venido a Sevilla para participar en el IV Congreso Nacional de la Sociedad Civil. \u00bfPuede tener la sociedad civil alg\u00fan papel en la transformaci\u00f3n que propone?<\/strong><\/p>\n\n\n\n<p>-He participado en este congreso porque creo que la sociedad civil debe jugar un papel fundamental en estos momentos y est\u00e1 m\u00e1s integrada de lo que los pol\u00edticos piensan. La sociedad civil debe convencer a sus gobiernos de que la soluci\u00f3n a los problemas nacionales y a los problemas de Europa no est\u00e1 en la fragmentaci\u00f3n, sino en la integraci\u00f3n y en la cooperaci\u00f3n.<\/p>\n\n\n\n<p>Fuente: <a href=\"https:\/\/www.abc.es\/economia\/nacionalismo-europa-feliz-chinos-wall-street-20241020203356-nt.html#\">https:\/\/www.abc.es\/economia\/nacionalismo-europa-feliz-chinos-wall-street-20241020203356-nt.html#<\/a><\/p>\n","protected":false},"excerpt":{"rendered":"<p>El pol\u00edtico y profesor italiano propone integrar la industria de defensa europea, el mercado energ\u00e9tico, el financiero y el de [&hellip;]<\/p>\n","protected":false},"author":1,"featured_media":88314,"comment_status":"open","ping_status":"open","sticky":false,"template":"","format":"standard","meta":{"site-sidebar-layout":"default","site-content-layout":"","ast-site-content-layout":"default","site-content-style":"default","site-sidebar-style":"default","ast-global-header-display":"","ast-banner-title-visibility":"","ast-main-header-display":"","ast-hfb-above-header-display":"","ast-hfb-below-header-display":"","ast-hfb-mobile-header-display":"","site-post-title":"","ast-breadcrumbs-content":"","ast-featured-img":"","footer-sml-layout":"","theme-transparent-header-meta":"","adv-header-id-meta":"","stick-header-meta":"","header-above-stick-meta":"","header-main-stick-meta":"","header-below-stick-meta":"","astra-migrate-meta-layouts":"default","ast-page-background-enabled":"default","ast-page-background-meta":{"desktop":{"background-color":"var(--ast-global-color-4)","background-image":"","background-repeat":"repeat","background-position":"center center","background-size":"auto","background-attachment":"scroll","background-type":"","background-media":"","overlay-type":"","overlay-color":"","overlay-opacity":"","overlay-gradient":""},"tablet":{"background-color":"","background-image":"","background-repeat":"repeat","background-position":"center center","background-size":"auto","background-attachment":"scroll","background-type":"","background-media":"","overlay-type":"","overlay-color":"","overlay-opacity":"","overlay-gradient":""},"mobile":{"background-color":"","background-image":"","background-repeat":"repeat","background-position":"center center","background-size":"auto","background-attachment":"scroll","background-type":"","background-media":"","overlay-type":"","overlay-color":"","overlay-opacity":"","overlay-gradient":""}},"ast-content-background-meta":{"desktop":{"background-color":"var(--ast-global-color-5)","background-image":"","background-repeat":"repeat","background-position":"center center","background-size":"auto","background-attachment":"scroll","background-type":"","background-media":"","overlay-type":"","overlay-color":"","overlay-opacity":"","overlay-gradient":""},"tablet":{"background-color":"var(--ast-global-color-5)","background-image":"","background-repeat":"repeat","background-position":"center center","background-size":"auto","background-attachment":"scroll","background-type":"","background-media":"","overlay-type":"","overlay-color":"","overlay-opacity":"","overlay-gradient":""},"mobile":{"background-color":"var(--ast-global-color-5)","background-image":"","background-repeat":"repeat","background-position":"center center","background-size":"auto","background-attachment":"scroll","background-type":"","background-media":"","overlay-type":"","overlay-color":"","overlay-opacity":"","overlay-gradient":""}},"footnotes":""},"categories":[8],"tags":[31720,31722,2546,31721,31723,31724],"class_list":["post-88264","post","type-post","status-publish","format-standard","has-post-thumbnail","hentry","category-noticias","tag-enrico-letta","tag-idustria-defensa-europea","tag-mercado-energetico","tag-nacionalismo-europeo","tag-sector-financiero-europeo","tag-telecomunicaciones-europeas"],"_links":{"self":[{"href":"https:\/\/losperiodistas.com.mx\/portal\/wp-json\/wp\/v2\/posts\/88264","targetHints":{"allow":["GET"]}}],"collection":[{"href":"https:\/\/losperiodistas.com.mx\/portal\/wp-json\/wp\/v2\/posts"}],"about":[{"href":"https:\/\/losperiodistas.com.mx\/portal\/wp-json\/wp\/v2\/types\/post"}],"author":[{"embeddable":true,"href":"https:\/\/losperiodistas.com.mx\/portal\/wp-json\/wp\/v2\/users\/1"}],"replies":[{"embeddable":true,"href":"https:\/\/losperiodistas.com.mx\/portal\/wp-json\/wp\/v2\/comments?post=88264"}],"version-history":[{"count":1,"href":"https:\/\/losperiodistas.com.mx\/portal\/wp-json\/wp\/v2\/posts\/88264\/revisions"}],"predecessor-version":[{"id":88315,"href":"https:\/\/losperiodistas.com.mx\/portal\/wp-json\/wp\/v2\/posts\/88264\/revisions\/88315"}],"wp:featuredmedia":[{"embeddable":true,"href":"https:\/\/losperiodistas.com.mx\/portal\/wp-json\/wp\/v2\/media\/88314"}],"wp:attachment":[{"href":"https:\/\/losperiodistas.com.mx\/portal\/wp-json\/wp\/v2\/media?parent=88264"}],"wp:term":[{"taxonomy":"category","embeddable":true,"href":"https:\/\/losperiodistas.com.mx\/portal\/wp-json\/wp\/v2\/categories?post=88264"},{"taxonomy":"post_tag","embeddable":true,"href":"https:\/\/losperiodistas.com.mx\/portal\/wp-json\/wp\/v2\/tags?post=88264"}],"curies":[{"name":"wp","href":"https:\/\/api.w.org\/{rel}","templated":true}]}}