{"id":88152,"date":"2024-10-18T02:10:46","date_gmt":"2024-10-18T07:10:46","guid":{"rendered":"http:\/\/losperiodistas.com.mx\/portal\/?p=88152"},"modified":"2024-10-18T02:10:49","modified_gmt":"2024-10-18T07:10:49","slug":"opinion-piden-a-las-autoridades-salvar-la-casona-de-talavera-uriarte","status":"publish","type":"post","link":"https:\/\/losperiodistas.com.mx\/portal\/opinion-piden-a-las-autoridades-salvar-la-casona-de-talavera-uriarte\/","title":{"rendered":"Opini\u00f3n | Piden a las autoridades salvar la casona de talavera Uriarte"},"content":{"rendered":"\n<p><\/p>\n\n\n\n<p class=\"has-medium-font-size\">*Detalles y asistentes a la toma de posesi\u00f3n de Pepe Chedraui como Alcalde<\/p>\n\n\n\n<figure class=\"wp-block-image size-large\"><img fetchpriority=\"high\" decoding=\"async\" width=\"1024\" height=\"683\" src=\"https:\/\/losperiodistas.com.mx\/portal\/wp-content\/uploads\/2024\/10\/LA-CASONA-DE-TALAVERA-URIARTE-1024x683.jpg\" alt=\"\" class=\"wp-image-88153\" srcset=\"https:\/\/losperiodistas.com.mx\/portal\/wp-content\/uploads\/2024\/10\/LA-CASONA-DE-TALAVERA-URIARTE-1024x683.jpg 1024w, https:\/\/losperiodistas.com.mx\/portal\/wp-content\/uploads\/2024\/10\/LA-CASONA-DE-TALAVERA-URIARTE-300x200.jpg 300w, https:\/\/losperiodistas.com.mx\/portal\/wp-content\/uploads\/2024\/10\/LA-CASONA-DE-TALAVERA-URIARTE-768x512.jpg 768w, https:\/\/losperiodistas.com.mx\/portal\/wp-content\/uploads\/2024\/10\/LA-CASONA-DE-TALAVERA-URIARTE-1536x1024.jpg 1536w, https:\/\/losperiodistas.com.mx\/portal\/wp-content\/uploads\/2024\/10\/LA-CASONA-DE-TALAVERA-URIARTE-2048x1366.jpg 2048w\" sizes=\"(max-width: 1024px) 100vw, 1024px\" \/><figcaption class=\"wp-element-caption\">Puebla pue ,17-05-2013\rM\u00e1s de 40 trabajadores de la Empresa Uriarte Talavera  exigen pago del abono anual ,en exposiciones permanentes se encuentran en Museo Jos\u00e9 Luis Bello y Gonz\u00e1lez en Puebla y el Museo Franz Mayer de la ciudad de M\u00e9xico, en 2012, el taller, junto con el Museo Franz Mayer, patrocin\u00f3 una exposici\u00f3n denominada \u0093El cinco de mayo de 1862 &#8211; Uriarte Talavera Contempor\u00e1nea\u0094, entre otras piezas.\rFoto:Tania Olmedo\/Esimagen.com.mx!!<\/figcaption><\/figure>\n\n\n\n<p class=\"has-vivid-red-color has-text-color has-link-color wp-elements-450fe4d6fbd4d763baafc10fbd4a0849\" style=\"font-size:26px\"><strong><em>Por Ra\u00fal Torres Salmer\u00f3n<\/em><\/strong><\/p>\n\n\n\n<p>Desde el pasado 30 de septiembre la organizaci\u00f3n social Opci\u00f3n Ciudadana, pidi\u00f3 por escrito al Gobernador Sergio Salom\u00f3n su intervenci\u00f3n para salvar la Casona F\u00e1brica de Talavera Uriarte, inmueble hist\u00f3rico de gran relevancia para Puebla y M\u00e9xico pues forma parte de inmuebles declarados como Patrimonio de la Humanidad por la UNESCO.<\/p>\n\n\n\n<p>La subasta, fijada para este 17 de octubre, plantea serios riesgos para la conservaci\u00f3n de este bien cultural, cuya construcci\u00f3n data de 1824 y cuya importancia radica en su papel central en la producci\u00f3n de talavera poblana, un arte que ha sido parte esencial de nuestra identidad regional, afirman en el escrito H\u00e9ctor Arturo Manuel Moreno Toscano, Ernesto Garc\u00eda Hern\u00e1ndez, Tel\u00e9sforo Am\u00e9rico Guerrero Gonz\u00e1lez, Carlos Meza Guti\u00e9rrez, Dolya Naval \u00c1vila, Marisa Higuera Cort\u00e9s, Mar\u00eda Leticia Olano S\u00e1nchez, Ra\u00fal Carpinteyro Vera, El\u00edas Z\u00e1rate Dom\u00ednguez, Jos\u00e9 Hugo V\u00e1zquez Azc\u00e1rate, Ricardo Villa Escalera y Jorge Daniel Alc\u00e1ntara Le\u00f3n.<\/p>\n\n\n\n<p>A\u00f1aden que por adeudo mercantil, el edificio antiguo de Uriarte ser\u00e1 rematado y piden la intervenci\u00f3n del Gobierno y tambi\u00e9n enviaron un escrito al nuevo Presidente Municipal de Puebla Pepe Chedraui. El inmueble se encuentra ubicado en la 4 Poniente 911, en el Centro Hist\u00f3rico.<\/p>\n\n\n\n<p>La orden de llevar el edificio a remate fue dada por la Jueza de Primera Instancia Adscrita al Juzgado Primero Especializado en Materia Civil del Distrito Judicial de Puebla y Especializado en Extinci\u00f3n de Dominio.<\/p>\n\n\n\n<p>Hay confianza en que por el paro de los trabajadores en protesta contra la Reforma Judicial que implement\u00f3 el ex Presidente Andr\u00e9s Manuel L\u00f3pez Obrador, se haya detenido por el momento el citado remate.<\/p>\n\n\n\n<p>El aviso fue publicado en el Periodo Oficial del Estado, donde se indica que la postura inicial es de 21 millones 200 mil pesos. Uriarte Talavera es propiedad del Luis \u00c1ngel Casas Arellano.<\/p>\n\n\n\n<p>En los \u00faltimos a\u00f1os ha existido un conflicto con el Sindicato Vicente Lombardo Toledano, adherido a la FROC-Conlabor. El organismo gremial ha denunciado que no se pagan aguinaldos, bonos ca\u00eddos, remuneraciones basadas en un listado de piezas, que hay negativa a reconocer la antig\u00fcedad de los trabajadores y rechazo a darlos de alta en el IMSS con el salario real.<\/p>\n\n\n\n<p>Por ese motivo, el 29 de septiembre de 2022, el sindicato se proclam\u00f3 p\u00fablicamente en huelga y critic\u00f3 a Alejandro Varela L\u00f3pez, juez de lo laboral, por declararla inexistente.<\/p>\n\n\n\n<p>Opci\u00f3n Ciudadana, en su escrito se\u00f1ala las bases jur\u00eddicas por las que el Estado de Puebla puede y debe adquirir la vieja casona, desde la Constituci\u00f3n General de la Rep\u00fablica, pasando por las leyes Sobre Monumentos y Zonas Arqueol\u00f3gicos, Art\u00edsticos e Hist\u00f3ricos y General de Bienes Nacionales hasta los tratados internacionales como la Convenci\u00f3n sobre la Protecci\u00f3n del Patrimonio Mundial, Cultural y Natural de la UNESCO de 1972 y la Carta de Venecia de 1964.<\/p>\n\n\n\n<p>Uriarte Talavera fue fundada en 1824 y es considerado el primer taller productor de talavera certificada conforme a la Norma Oficial Mexicana, que le otorga la denominaci\u00f3n de origen. En esta f\u00e1brica se conserva el proceso de elaboraci\u00f3n de este tipo de loza que fue introducido en el siglo XVI en la Nueva Espa\u00f1a.<\/p>\n\n\n\n<p>Las piezas son elaboradas a mano y con apego a la t\u00e9cnica colonial, que va desde la preparaci\u00f3n de los barros, el modelado, el primer horno, el proceso de esmaltado o vidriado, el estarcido, la pintura y el segundo horno para obtener el producto final.<\/p>\n\n\n\n<p>Las autoridades tienen la palabra, se\u00f1ala Opci\u00f3n Ciudadana.<\/p>\n\n\n\n<p>TOMA DE PROTESTA PEPE CHEDRAUI<\/p>\n\n\n\n<p>En medio de grandes esperanzas, la ciudadan\u00eda y diversos sectores de la sociedad poblana vieron con buenos ojos la llegada el pasado 15 de octubre de Pepe Chedraui como Presidente Municipal de Puebla Capital.<\/p>\n\n\n\n<figure class=\"wp-block-image size-large\"><img decoding=\"async\" width=\"1024\" height=\"683\" src=\"https:\/\/losperiodistas.com.mx\/portal\/wp-content\/uploads\/2024\/10\/TOMA-PROTESTA-EL-ALCALDE-CHEDRAUI-1024x683.jpeg\" alt=\"\" class=\"wp-image-88154\" srcset=\"https:\/\/losperiodistas.com.mx\/portal\/wp-content\/uploads\/2024\/10\/TOMA-PROTESTA-EL-ALCALDE-CHEDRAUI-1024x683.jpeg 1024w, https:\/\/losperiodistas.com.mx\/portal\/wp-content\/uploads\/2024\/10\/TOMA-PROTESTA-EL-ALCALDE-CHEDRAUI-300x200.jpeg 300w, https:\/\/losperiodistas.com.mx\/portal\/wp-content\/uploads\/2024\/10\/TOMA-PROTESTA-EL-ALCALDE-CHEDRAUI-768x512.jpeg 768w, https:\/\/losperiodistas.com.mx\/portal\/wp-content\/uploads\/2024\/10\/TOMA-PROTESTA-EL-ALCALDE-CHEDRAUI-1536x1024.jpeg 1536w, https:\/\/losperiodistas.com.mx\/portal\/wp-content\/uploads\/2024\/10\/TOMA-PROTESTA-EL-ALCALDE-CHEDRAUI-2048x1365.jpeg 2048w\" sizes=\"(max-width: 1024px) 100vw, 1024px\" \/><\/figure>\n\n\n\n<p>Destaca su plan de gobierno de 5 ejes, donde en el eje Seguridad P\u00fablica, comprar\u00e1 209 patrullas, los elementos policiacos contar\u00e1n con c\u00e1maras personales y se conectar\u00e1n 820 c\u00e1maras de vigilancia de las tiendas Oxxo y otras empresas con la Direcci\u00f3n de Emergencias y Respuesta Inmediata (DERI).<\/p>\n\n\n\n<p>En el eje Desarrollo Econ\u00f3mico, habr\u00e1 un fondo para el comercio informal y personas desempleadas qu\u00e9 conforman el 60 por ciento de la poblaci\u00f3n; habr\u00e1 25 congresos y convenciones en lo que resta de este a\u00f1o y 2025, con lo que se atraer\u00e1n 125 mil asistentes, la ocupaci\u00f3n de 35 mil cuartos de botes y una derrama econ\u00f3mica que superar\u00e1 los 200 mil millones de pesos.<\/p>\n\n\n\n<p>El eje Bienestar para Todos, los bachilleratos tendr\u00e1n la modalidad de tecnol\u00f3gicos de la mano de la Benem\u00e9rita Universidad Aut\u00f3noma de Puebla (BUAP). El eje Obras y Servicios, ante la queja constante de los baches Ayuntamiento y Gobierno del Estado seguir\u00e1n del programa de bacheo intensivo.<\/p>\n\n\n\n<p>Finalmente, el eje Gobierno Moderno habr\u00e1 atenci\u00f3n con un m\u00f3dulo las 24 horas los 7 d\u00edas de la semana para realizar pagos, tr\u00e1mites, consultas y quejas; se modernizar\u00e1n los mercados, unidades habitacionales y juntas auxiliares para que sean pintadas y con ello abone a su imagen.<\/p>\n\n\n\n<p>Jos\u00e9 Chedraui Budib, m\u00e1s conocido como Pepe Chedraui, recibi\u00f3 en el primer minuto del 15 de octubre, de manos de Ad\u00e1n Dom\u00ednguez S\u00e1nchez y de Mar\u00eda Consuelo Cruz Galindo, el mando policial, como parte del cambio de gobierno municipal.<\/p>\n\n\n\n<p>El pres\u00eddium del Auditorio de la Reforma, lo conformaron el Gobernador Sergio Salom\u00f3n, las Presidentas del Tribunal Superior de Justicia Belinda Aguilar D\u00edaz y del Congreso local, Laura Artemisa Garc\u00eda Ch\u00e1vez; la S\u00edndico Municipal M\u00f3nica Silva y la doble representaci\u00f3n de Alejandro Armenta con el futuro Secretario de Gobernaci\u00f3n Samuel Aguilar Pala y su hijo Alejandro Armenta Arellano.<\/p>\n\n\n\n<p>Armenta en video dese\u00f3 lo mejor a Chedraui y se excus\u00f3 de asistir por la segunda operaci\u00f3n del tal\u00f3n de Aquiles pues debe guardar 100 por ciento de reposo.<\/p>\n\n\n\n<p>Asistieron los ex alcaldes Luis Paredes, Enrique Doger, Blanca Alcal\u00e1, Luis Banck Serrato, Eduardo Rivera y Ad\u00e1n Dom\u00ednguez S\u00e1nchez; los ex gobernadores Guillermo Pacheco Pulido, Melquiades Morales Flores y Jos\u00e9 Antonio Gali Fayad y el Arzobispo don V\u00edctor S\u00e1nchez Espinosa.<\/p>\n\n\n\n<p>Por ah\u00ed se vio al ex Secretario de Gobernaci\u00f3n federal Miguel \u00c1ngel Osorio Chong, al empresario Ricardo Henaine, al Gobernador de Yucat\u00e1n Joaqu\u00edn D\u00edaz Mena, al dirigente la CTM Leobardo Soto y la dirigente nacional del Partido Verde Karen castrej\u00f3n. Estuvo el Subsecretario de Gobernaci\u00f3n federal C\u00e9sar Y\u00e1\u00f1ez.<\/p>\n\n\n\n<p>Con m\u00e1s pena que gloria estuvieron los Senadores de la Rep\u00fablica Ignacio Mier y Lizeth S\u00e1nchez, \u00e9sta \u00faltima dej\u00f3 colgados los trabajos de la sesi\u00f3n en que se aprobar\u00eda la convocatoria para la elecci\u00f3n de jueces, magistrados y ministros. Su ausencia forz\u00f3 al presidente, Gerardo Fern\u00e1ndez Noro\u00f1a, a decretar un receso por cuatro horas porque le hac\u00eda falta la firma de la petista como integrante de la Mesa Directiva, lo que aprovech\u00f3 la oposici\u00f3n para rehusarse tambi\u00e9n a firmar.<\/p>\n\n\n\n<p>Lizeth S\u00e1nchez atestiguaba en primera fila, en Puebla, la ceremonia de toma de protesta de Jos\u00e9 Chedraui como Alcalde. Fern\u00e1ndez Noro\u00f1a no quiso revelar el nombre de la petista. \u00abYa se me olvid\u00f3\u00bb, dijo. El presidente cit\u00f3 a las 18:00 horas para reanudar la sesi\u00f3n, en espera del regreso de S\u00e1nchez.<\/p>\n\n\n\n<p>Penas aparte, por la ma\u00f1ana del jueves, Chedraui y su familia asistieron a misa en la catedral, concelebrada por el Arzobispo.<\/p>\n\n\n\n<p>El lema que utilizar\u00e1 Chedraui es: Una Ciudad Imparable. El logotipo del Gobierno incluye la Catedral de Puebla, una vasija de talavera, el Palacio Municipal, el Arco de San Antonio y un \u00c1ngel. En diferentes lugares del Auditorio de la Reforma, se colocaron grandes alas de plumas simbolizando Puebla de los \u00c1ngeles.<\/p>\n\n\n\n<figure class=\"wp-block-image size-large\"><img decoding=\"async\" width=\"1024\" height=\"543\" src=\"https:\/\/losperiodistas.com.mx\/portal\/wp-content\/uploads\/2024\/10\/Captura-de-pantalla-2024-10-18-a-las-1.06.53\u202fa.m-1024x543.png\" alt=\"\" class=\"wp-image-88155\" srcset=\"https:\/\/losperiodistas.com.mx\/portal\/wp-content\/uploads\/2024\/10\/Captura-de-pantalla-2024-10-18-a-las-1.06.53\u202fa.m-1024x543.png 1024w, https:\/\/losperiodistas.com.mx\/portal\/wp-content\/uploads\/2024\/10\/Captura-de-pantalla-2024-10-18-a-las-1.06.53\u202fa.m-300x159.png 300w, https:\/\/losperiodistas.com.mx\/portal\/wp-content\/uploads\/2024\/10\/Captura-de-pantalla-2024-10-18-a-las-1.06.53\u202fa.m-768x407.png 768w, https:\/\/losperiodistas.com.mx\/portal\/wp-content\/uploads\/2024\/10\/Captura-de-pantalla-2024-10-18-a-las-1.06.53\u202fa.m.png 1442w\" sizes=\"(max-width: 1024px) 100vw, 1024px\" \/><\/figure>\n\n\n\n<p>En fin, como escribi\u00f3 Luis S\u00e1nchez Pont\u00f3n. (Puebla, 1895-1969), en su poema Azulejos y Campanas:<\/p>\n\n\n\n<p>\u00a1Oh, vetusta ciudad m\u00eda,<\/p>\n\n\n\n<p>deja que abarque en mi abrazo<\/p>\n\n\n\n<p>toda tu melancol\u00eda!<\/p>\n\n\n\n<p>\u00a1Hoy soy un ave de paso<\/p>\n\n\n\n<p>que, desde tierras lejanas,<\/p>\n\n\n\n<p>viene a anidar por un d\u00eda<\/p>\n\n\n\n<p>para escuchar extasiada,<\/p>\n\n\n\n<p>desde las torres poblanas,<\/p>\n\n\n\n<p>tu grandiosa sinfon\u00eda<\/p>\n\n\n\n<p>de azulejos y campanas!<\/p>\n\n\n\n<p>raultorress@hotmail.com<\/p>\n","protected":false},"excerpt":{"rendered":"<p>*Detalles y asistentes a la toma de posesi\u00f3n de Pepe Chedraui como Alcalde Por Ra\u00fal Torres Salmer\u00f3n Desde el pasado [&hellip;]<\/p>\n","protected":false},"author":1,"featured_media":88155,"comment_status":"open","ping_status":"open","sticky":false,"template":"","format":"standard","meta":{"site-sidebar-layout":"default","site-content-layout":"","ast-site-content-layout":"default","site-content-style":"default","site-sidebar-style":"default","ast-global-header-display":"","ast-banner-title-visibility":"","ast-main-header-display":"","ast-hfb-above-header-display":"","ast-hfb-below-header-display":"","ast-hfb-mobile-header-display":"","site-post-title":"","ast-breadcrumbs-content":"","ast-featured-img":"","footer-sml-layout":"","theme-transparent-header-meta":"","adv-header-id-meta":"","stick-header-meta":"","header-above-stick-meta":"","header-main-stick-meta":"","header-below-stick-meta":"","astra-migrate-meta-layouts":"default","ast-page-background-enabled":"default","ast-page-background-meta":{"desktop":{"background-color":"var(--ast-global-color-4)","background-image":"","background-repeat":"repeat","background-position":"center center","background-size":"auto","background-attachment":"scroll","background-type":"","background-media":"","overlay-type":"","overlay-color":"","overlay-opacity":"","overlay-gradient":""},"tablet":{"background-color":"","background-image":"","background-repeat":"repeat","background-position":"center center","background-size":"auto","background-attachment":"scroll","background-type":"","background-media":"","overlay-type":"","overlay-color":"","overlay-opacity":"","overlay-gradient":""},"mobile":{"background-color":"","background-image":"","background-repeat":"repeat","background-position":"center center","background-size":"auto","background-attachment":"scroll","background-type":"","background-media":"","overlay-type":"","overlay-color":"","overlay-opacity":"","overlay-gradient":""}},"ast-content-background-meta":{"desktop":{"background-color":"var(--ast-global-color-5)","background-image":"","background-repeat":"repeat","background-position":"center center","background-size":"auto","background-attachment":"scroll","background-type":"","background-media":"","overlay-type":"","overlay-color":"","overlay-opacity":"","overlay-gradient":""},"tablet":{"background-color":"var(--ast-global-color-5)","background-image":"","background-repeat":"repeat","background-position":"center center","background-size":"auto","background-attachment":"scroll","background-type":"","background-media":"","overlay-type":"","overlay-color":"","overlay-opacity":"","overlay-gradient":""},"mobile":{"background-color":"var(--ast-global-color-5)","background-image":"","background-repeat":"repeat","background-position":"center center","background-size":"auto","background-attachment":"scroll","background-type":"","background-media":"","overlay-type":"","overlay-color":"","overlay-opacity":"","overlay-gradient":""}},"footnotes":""},"categories":[8],"tags":[31657,14193,1928],"class_list":["post-88152","post","type-post","status-publish","format-standard","has-post-thumbnail","hentry","category-noticias","tag-unaciudadimparable","tag-pepe-chedraui","tag-puebla-capital"],"_links":{"self":[{"href":"https:\/\/losperiodistas.com.mx\/portal\/wp-json\/wp\/v2\/posts\/88152","targetHints":{"allow":["GET"]}}],"collection":[{"href":"https:\/\/losperiodistas.com.mx\/portal\/wp-json\/wp\/v2\/posts"}],"about":[{"href":"https:\/\/losperiodistas.com.mx\/portal\/wp-json\/wp\/v2\/types\/post"}],"author":[{"embeddable":true,"href":"https:\/\/losperiodistas.com.mx\/portal\/wp-json\/wp\/v2\/users\/1"}],"replies":[{"embeddable":true,"href":"https:\/\/losperiodistas.com.mx\/portal\/wp-json\/wp\/v2\/comments?post=88152"}],"version-history":[{"count":1,"href":"https:\/\/losperiodistas.com.mx\/portal\/wp-json\/wp\/v2\/posts\/88152\/revisions"}],"predecessor-version":[{"id":88156,"href":"https:\/\/losperiodistas.com.mx\/portal\/wp-json\/wp\/v2\/posts\/88152\/revisions\/88156"}],"wp:featuredmedia":[{"embeddable":true,"href":"https:\/\/losperiodistas.com.mx\/portal\/wp-json\/wp\/v2\/media\/88155"}],"wp:attachment":[{"href":"https:\/\/losperiodistas.com.mx\/portal\/wp-json\/wp\/v2\/media?parent=88152"}],"wp:term":[{"taxonomy":"category","embeddable":true,"href":"https:\/\/losperiodistas.com.mx\/portal\/wp-json\/wp\/v2\/categories?post=88152"},{"taxonomy":"post_tag","embeddable":true,"href":"https:\/\/losperiodistas.com.mx\/portal\/wp-json\/wp\/v2\/tags?post=88152"}],"curies":[{"name":"wp","href":"https:\/\/api.w.org\/{rel}","templated":true}]}}