{"id":88140,"date":"2024-10-17T22:13:40","date_gmt":"2024-10-18T03:13:40","guid":{"rendered":"http:\/\/losperiodistas.com.mx\/portal\/?p=88140"},"modified":"2024-10-17T22:13:42","modified_gmt":"2024-10-18T03:13:42","slug":"nuevo-frente-frio-ingresara-al-pais","status":"publish","type":"post","link":"https:\/\/losperiodistas.com.mx\/portal\/nuevo-frente-frio-ingresara-al-pais\/","title":{"rendered":"Nuevo frente fr\u00edo ingresar\u00e1 al pa\u00eds, as\u00ed afectar\u00e1 a Puebla | El Sol de Puebla"},"content":{"rendered":"\n<p>Las autoridades se\u00f1alaron que es necesario extremar precauciones para evitar inconvenientes<\/p>\n\n\n\n<figure class=\"wp-block-image size-large\"><img fetchpriority=\"high\" decoding=\"async\" width=\"1024\" height=\"635\" src=\"https:\/\/losperiodistas.com.mx\/portal\/wp-content\/uploads\/2024\/10\/Captura-de-pantalla-2024-10-17-210203-1024x635.png\" alt=\"M\u00e1s precipitaciones en Puebla\" class=\"wp-image-88141\" srcset=\"https:\/\/losperiodistas.com.mx\/portal\/wp-content\/uploads\/2024\/10\/Captura-de-pantalla-2024-10-17-210203-1024x635.png 1024w, https:\/\/losperiodistas.com.mx\/portal\/wp-content\/uploads\/2024\/10\/Captura-de-pantalla-2024-10-17-210203-300x186.png 300w, https:\/\/losperiodistas.com.mx\/portal\/wp-content\/uploads\/2024\/10\/Captura-de-pantalla-2024-10-17-210203-768x476.png 768w, https:\/\/losperiodistas.com.mx\/portal\/wp-content\/uploads\/2024\/10\/Captura-de-pantalla-2024-10-17-210203.png 1044w\" sizes=\"(max-width: 1024px) 100vw, 1024px\" \/><figcaption class=\"wp-element-caption\">No se detendr\u00e1n las precipitaciones. Foto: Gabriela P\u00e9rez \/ Cuartoscuro<\/figcaption><\/figure>\n\n\n\n<p class=\"has-vivid-red-color has-text-color has-link-color wp-elements-d841dc6365d516e5cac792d380fe8ba2\">Jes\u00fas No\u00e9 Su\u00e1rez \/ El Sol de Puebla<\/p>\n\n\n\n<p>La llegada del <strong>frente fr\u00edo n\u00famero cuatro<\/strong> ha sido confirmada por la <strong>Comisi\u00f3n Nacional del Agua<\/strong> (Conagua), a trav\u00e9s de un <strong>comunicado<\/strong> difundido este jueves. En el documento se mencion\u00f3 que este <strong>sistema<\/strong> provocar\u00e1 diferentes<strong> efectos en el pa\u00eds,<\/strong> lo que <strong>tambi\u00e9n<\/strong> se podr\u00e1 percibir en <strong>varias regiones del estado de Puebla.<\/strong><\/p>\n\n\n\n<p>Es importante se\u00f1alar que estos <strong>fen\u00f3menos<\/strong> se forman cuando una masa de aire fr\u00edo choca con otra caliente; esta <strong>interacci\u00f3n<\/strong> trae <strong>inestabilidad<\/strong> en la atm\u00f3sfera en la zona, lo que produce <strong>distintas consecuencias, <\/strong>en especial <strong>descensos<\/strong> <strong>en la<\/strong> <strong>temperatura, heladas,<\/strong> vientos fuertes, <strong>nevadas, <\/strong>altos oleajes y abundante nubosidad.<\/p>\n\n\n\n<p>Las autoridades <strong>meteorol\u00f3gicas<\/strong> se\u00f1alaron que su llegada no quiere decir que se <strong>detendr\u00e1n<\/strong> las <strong>precipitaciones,<\/strong> ya que las<strong> lluvias fuertes <\/strong>tambi\u00e9n son una de las principales <strong>caracter\u00edsticas<\/strong> de estos eventos. Ante esta situaci\u00f3n, es necesario <strong>extremar<\/strong> <strong>precauciones<\/strong> y estar al pendiente de las indicaciones de los<strong> expertos.<\/strong><\/p>\n\n\n\n<h2 class=\"wp-block-heading\"><strong>\u00bfC\u00f3mo afectar\u00e1 este sistema a Puebla?<\/strong><\/h2>\n\n\n\n<p>La <strong>Conagua<\/strong> se\u00f1al\u00f3 en su reporte diario que espera que en las siguientes horas el<strong> frente fr\u00edo cuatro<\/strong> cruce el <strong>golfo de California <\/strong>y la <strong>pen\u00ednsula de Yucat\u00e1n,<\/strong> lo que traer\u00e1 lluvias muy fuertes en varios puntos de la <strong>entidad poblana.<\/strong><\/p>\n\n\n\n<p>Al respecto, es probable que hoy las <strong>precipitaciones<\/strong> se presenten con <strong>actividad el\u00e9ctrica,<\/strong> rachas fuertes de<strong> viento y posible ca\u00edda<\/strong> de <strong>granizo<\/strong> en las comunidades ubicadas al interior de las <strong>Sierras Norte, Nororiental<\/strong> y<strong> Negra.<\/strong><\/p>\n\n\n\n<p>La <strong>Coordinaci\u00f3n Estatal de Protecci\u00f3n Civil <\/strong>(PC) mencion\u00f3 que es posible que este d\u00eda haya <strong>lluvias ligeras <\/strong>en el resto del <strong>estado.<\/strong> Igual que se <strong>estima<\/strong> que se registren rachas de viento de hasta <strong>45 kil\u00f3metros por hora<\/strong> (km\/h).<\/p>\n\n\n\n<blockquote class=\"twitter-tweet\"><p lang=\"es\" dir=\"ltr\">&#x1f525; Ambiente c\u00e1lido durante el d\u00eda.<br><br>&#x26c8;&#xfe0f; En el d\u00eda se prev\u00e9n lluvias de moderada intensidad, posible actividad el\u00e9ctrica y rachas fuertes de viento en Sierras Nororiental y Negra. Sin precipitaciones esperadas en el resto del estado. Adem\u00e1s de ligeras en el resto de la entidad.\u2026 <a href=\"https:\/\/t.co\/NBJpaNhJ8b\">pic.twitter.com\/NBJpaNhJ8b<\/a><\/p>&mdash; PC Estatal Puebla (@PC_Estatal) <a href=\"https:\/\/twitter.com\/PC_Estatal\/status\/1846892699200143664?ref_src=twsrc%5Etfw\">October 17, 2024<\/a><\/blockquote> <script async src=\"https:\/\/platform.twitter.com\/widgets.js\" charset=\"utf-8\"><\/script> \n\n\n\n<p><strong>PC puntualiz\u00f3 e<\/strong>n su reporte de este 17 de octubre que todo parece indicar que estas<strong> condiciones clim\u00e1ticas<\/strong> persistir\u00e1n durante los <strong>siguientes dos d\u00edas. <\/strong>Lo que tambi\u00e9n ser\u00e1 resultado de otro <strong>tipo de factores.<\/strong><\/p>\n\n\n\n<h2 class=\"wp-block-heading\"><strong>La temperatura disminuir\u00e1<\/strong><\/h2>\n\n\n\n<p>Este <strong>sistema<\/strong> estar\u00e1 acompa\u00f1ado de una masa de aire fr\u00edo que <strong>podr\u00eda generar<\/strong> un descenso en la temperatura de casi todo el pa\u00eds, lo que tambi\u00e9n se ver\u00e1 reflejado en Puebla, pronostic\u00f3 la <strong>Conagua.<\/strong><\/p>\n\n\n\n<p><strong>De forma espec\u00edfica, <\/strong>se espera que el term\u00f3metro est\u00e9 por debajo de los <strong>5 grados<\/strong> en las<strong> zonas monta\u00f1osas del estado.<\/strong> Tambi\u00e9n se prev\u00e9 un <strong>ambiente fr\u00edo <\/strong>en las localidades que est\u00e1n ubicadas en las<strong> zonas serranas.<\/strong><\/p>\n\n\n\n<p>En la caso de la<strong> capital poblana y puntos aleda\u00f1os,<\/strong> se espera que durante los pr\u00f3ximos d\u00edas las m\u00ednimas est\u00e9n <strong>entre los 10 y los 11 grados,<\/strong> mientras que las m\u00e1ximas podr\u00edan oscilar entre los<strong> 22 y los 24 grados.<\/strong> Adem\u00e1s, la posibilidades de lluvias son bajas.<\/p>\n\n\n\n<p>Por otro lado, las <strong>autoridades<\/strong> <strong>metereol\u00f3gicas<\/strong> tambi\u00e9n han previsto el ingreso del<strong> frente fr\u00edo n\u00famero 5,<\/strong> el cual podr\u00eda llegar desde el <strong>noroeste del territorio nacional, <\/strong>siendo los lugares m\u00e1s afectados por ahora <strong>Sonora, Baja California Norte<\/strong> y<strong> Sur.<\/strong><\/p>\n\n\n\n<p>Fuente: <a href=\"https:\/\/www.elsoldepuebla.com.mx\/local\/nuevo-frente-frio-ingresara-al-pais-asi-afectara-a-puebla-12724472.html\">El Sol de Puebl<\/a><a href=\"https:\/\/www.elsoldepuebla.com.mx\/local\/nuevo-frente-frio-ingresara-al-pais-asi-afectara-a-puebla-12724472.html\" target=\"_blank\" rel=\"noreferrer noopener\">a<\/a><\/p>\n","protected":false},"excerpt":{"rendered":"<p>Las autoridades se\u00f1alaron que es necesario extremar precauciones para evitar inconvenientes <\/p>\n","protected":false},"author":1,"featured_media":88141,"comment_status":"open","ping_status":"open","sticky":false,"template":"","format":"standard","meta":{"site-sidebar-layout":"default","site-content-layout":"","ast-site-content-layout":"default","site-content-style":"default","site-sidebar-style":"default","ast-global-header-display":"","ast-banner-title-visibility":"","ast-main-header-display":"","ast-hfb-above-header-display":"","ast-hfb-below-header-display":"","ast-hfb-mobile-header-display":"","site-post-title":"","ast-breadcrumbs-content":"","ast-featured-img":"","footer-sml-layout":"","theme-transparent-header-meta":"","adv-header-id-meta":"","stick-header-meta":"","header-above-stick-meta":"","header-main-stick-meta":"","header-below-stick-meta":"","astra-migrate-meta-layouts":"default","ast-page-background-enabled":"default","ast-page-background-meta":{"desktop":{"background-color":"var(--ast-global-color-4)","background-image":"","background-repeat":"repeat","background-position":"center center","background-size":"auto","background-attachment":"scroll","background-type":"","background-media":"","overlay-type":"","overlay-color":"","overlay-opacity":"","overlay-gradient":""},"tablet":{"background-color":"","background-image":"","background-repeat":"repeat","background-position":"center center","background-size":"auto","background-attachment":"scroll","background-type":"","background-media":"","overlay-type":"","overlay-color":"","overlay-opacity":"","overlay-gradient":""},"mobile":{"background-color":"","background-image":"","background-repeat":"repeat","background-position":"center center","background-size":"auto","background-attachment":"scroll","background-type":"","background-media":"","overlay-type":"","overlay-color":"","overlay-opacity":"","overlay-gradient":""}},"ast-content-background-meta":{"desktop":{"background-color":"var(--ast-global-color-5)","background-image":"","background-repeat":"repeat","background-position":"center center","background-size":"auto","background-attachment":"scroll","background-type":"","background-media":"","overlay-type":"","overlay-color":"","overlay-opacity":"","overlay-gradient":""},"tablet":{"background-color":"var(--ast-global-color-5)","background-image":"","background-repeat":"repeat","background-position":"center center","background-size":"auto","background-attachment":"scroll","background-type":"","background-media":"","overlay-type":"","overlay-color":"","overlay-opacity":"","overlay-gradient":""},"mobile":{"background-color":"var(--ast-global-color-5)","background-image":"","background-repeat":"repeat","background-position":"center center","background-size":"auto","background-attachment":"scroll","background-type":"","background-media":"","overlay-type":"","overlay-color":"","overlay-opacity":"","overlay-gradient":""}},"footnotes":""},"categories":[8],"tags":[4853,19105,7541,31654,31655],"class_list":["post-88140","post","type-post","status-publish","format-standard","has-post-thumbnail","hentry","category-noticias","tag-conagua","tag-frente-frio-2","tag-heladas","tag-precipitaciones","tag-vientos-fuertes"],"_links":{"self":[{"href":"https:\/\/losperiodistas.com.mx\/portal\/wp-json\/wp\/v2\/posts\/88140","targetHints":{"allow":["GET"]}}],"collection":[{"href":"https:\/\/losperiodistas.com.mx\/portal\/wp-json\/wp\/v2\/posts"}],"about":[{"href":"https:\/\/losperiodistas.com.mx\/portal\/wp-json\/wp\/v2\/types\/post"}],"author":[{"embeddable":true,"href":"https:\/\/losperiodistas.com.mx\/portal\/wp-json\/wp\/v2\/users\/1"}],"replies":[{"embeddable":true,"href":"https:\/\/losperiodistas.com.mx\/portal\/wp-json\/wp\/v2\/comments?post=88140"}],"version-history":[{"count":1,"href":"https:\/\/losperiodistas.com.mx\/portal\/wp-json\/wp\/v2\/posts\/88140\/revisions"}],"predecessor-version":[{"id":88142,"href":"https:\/\/losperiodistas.com.mx\/portal\/wp-json\/wp\/v2\/posts\/88140\/revisions\/88142"}],"wp:featuredmedia":[{"embeddable":true,"href":"https:\/\/losperiodistas.com.mx\/portal\/wp-json\/wp\/v2\/media\/88141"}],"wp:attachment":[{"href":"https:\/\/losperiodistas.com.mx\/portal\/wp-json\/wp\/v2\/media?parent=88140"}],"wp:term":[{"taxonomy":"category","embeddable":true,"href":"https:\/\/losperiodistas.com.mx\/portal\/wp-json\/wp\/v2\/categories?post=88140"},{"taxonomy":"post_tag","embeddable":true,"href":"https:\/\/losperiodistas.com.mx\/portal\/wp-json\/wp\/v2\/tags?post=88140"}],"curies":[{"name":"wp","href":"https:\/\/api.w.org\/{rel}","templated":true}]}}