{"id":88137,"date":"2024-10-17T21:43:02","date_gmt":"2024-10-18T02:43:02","guid":{"rendered":"http:\/\/losperiodistas.com.mx\/portal\/?p=88137"},"modified":"2024-10-17T21:43:04","modified_gmt":"2024-10-18T02:43:04","slug":"buscan-incluir-a-deudores-alimentarios-al-buro-de-credito","status":"publish","type":"post","link":"https:\/\/losperiodistas.com.mx\/portal\/buscan-incluir-a-deudores-alimentarios-al-buro-de-credito\/","title":{"rendered":"Buscan incluir a deudores alimentarios al Bur\u00f3 de Cr\u00e9dito en Puebla | Milenio"},"content":{"rendered":"\n<p>El diputado del PT, Mauricio C\u00e9spedes, present\u00f3 este proyecto de iniciativa, con el que se busca el bienestar de los menores que se ven afectados cuando tienen padres deudores.<\/p>\n\n\n\n<figure class=\"wp-block-image size-large\"><img fetchpriority=\"high\" decoding=\"async\" width=\"1024\" height=\"649\" src=\"https:\/\/losperiodistas.com.mx\/portal\/wp-content\/uploads\/2024\/10\/Captura-de-pantalla-2024-10-17-203706-1024x649.png\" alt=\"Deudores alimentarios\" class=\"wp-image-88138\" srcset=\"https:\/\/losperiodistas.com.mx\/portal\/wp-content\/uploads\/2024\/10\/Captura-de-pantalla-2024-10-17-203706-1024x649.png 1024w, https:\/\/losperiodistas.com.mx\/portal\/wp-content\/uploads\/2024\/10\/Captura-de-pantalla-2024-10-17-203706-300x190.png 300w, https:\/\/losperiodistas.com.mx\/portal\/wp-content\/uploads\/2024\/10\/Captura-de-pantalla-2024-10-17-203706-768x487.png 768w, https:\/\/losperiodistas.com.mx\/portal\/wp-content\/uploads\/2024\/10\/Captura-de-pantalla-2024-10-17-203706.png 1038w\" sizes=\"(max-width: 1024px) 100vw, 1024px\" \/><figcaption class=\"wp-element-caption\">Buscan incluir a deudores alimentarios al Bur\u00f3 de Cr\u00e9dito<\/figcaption><\/figure>\n\n\n\n<p class=\"has-vivid-red-color has-text-color has-link-color wp-elements-54800b00410cd0b8cbf5b282d98e1600\">Jose Alberto P\u00e9rez \/ Milenio<\/p>\n\n\n\n<p>Desde el Congreso Local se buscar\u00e1 que los deudores alimentarios tambi\u00e9n sean ingresados al bur\u00f3 de cr\u00e9dito para que no puedan solicitar un financiamiento sin antes haber cumplido con sus obligaciones.<\/p>\n\n\n\n<p>En la sesi\u00f3n ordinaria de este jueves, el diputado del Partido del Trabajo, Mauricio C\u00e9spedes subi\u00f3 al pleno para presentar este proyecto de iniciativa, con el que se busca el bienestar de los menores que se ven afectados cuando tienen padres deudores.<\/p>\n\n\n\n<p>De acuerdo con el dictamen, los padres que no cumplan con su obligaci\u00f3n de pagar una pensi\u00f3n alimentaria a sus hijos, tampoco tendr\u00edan derecho de recibir un financiamiento y los beneficios que esto podr\u00eda tener en el solicitante.<\/p>\n\n\n\n<p>El tambi\u00e9n presidente de la mesa directiva del Congreso mencion\u00f3 que, en la entidad son m\u00e1s de 800 mil, los padres de familia que no pagan la pensi\u00f3n alimenticia que les corresponde, esta cifra se vuelve escalofriante compar\u00e1ndolo a nivel nacional, ya que Puebla ocupa el segundo lugar nacional.<\/p>\n\n\n\n<p>Esta situaci\u00f3n, es lo que impulsa la iniciativa, pues al haber tantos menores a los que se les afecta la calidad de vida, pues tambi\u00e9n es un desaf\u00edo para el sistema judicial de la entidad.<\/p>\n\n\n\n<p>Con lo anterior, se garantizar\u00eda la protecci\u00f3n a los intereses superiores de los menores de edad, es decir, que no se violenten o se pase por encima de los derechos de los menores, garantizando el bienestar de cada persona.<\/p>\n\n\n\n<p>Este dictamen ahora pasar\u00e1 a la Comisi\u00f3n de Administraci\u00f3n y Procuraci\u00f3n de Justicia, en donde los diputados discutir\u00e1n y analizar\u00e1n el punto de acuerdo para perfeccionarlo, posteriormente regresar\u00e1 al pleno para que todos los legisladores lo discutan y se proceda a la votaci\u00f3n final.<\/p>\n\n\n\n<p>Hay que recordar que actualmente, los padres de familia que no cumplan con la pensi\u00f3n alimenticia de sus hijos ingresan en el Registro Nacional de Deudores Alimentarios lo que los imposibilita de participar por la candidatura de alg\u00fan cargo de elecci\u00f3n popular.<\/p>\n\n\n\n<p>Fuente: <a href=\"https:\/\/www.milenio.com\/politica\/congreso\/buscan-incluir-deudores-alimentarios-buro-credito-puebla\" target=\"_blank\" rel=\"noreferrer noopener\">Milenio<\/a><\/p>\n","protected":false},"excerpt":{"rendered":"<p>El diputado del PT, Mauricio C\u00e9spedes, present\u00f3 este proyecto de iniciativa, con el que se busca el bienestar de los menores que se ven afectados cuando tienen padres deudores.<\/p>\n","protected":false},"author":1,"featured_media":88138,"comment_status":"open","ping_status":"open","sticky":false,"template":"","format":"standard","meta":{"site-sidebar-layout":"default","site-content-layout":"","ast-site-content-layout":"default","site-content-style":"default","site-sidebar-style":"default","ast-global-header-display":"","ast-banner-title-visibility":"","ast-main-header-display":"","ast-hfb-above-header-display":"","ast-hfb-below-header-display":"","ast-hfb-mobile-header-display":"","site-post-title":"","ast-breadcrumbs-content":"","ast-featured-img":"","footer-sml-layout":"","theme-transparent-header-meta":"","adv-header-id-meta":"","stick-header-meta":"","header-above-stick-meta":"","header-main-stick-meta":"","header-below-stick-meta":"","astra-migrate-meta-layouts":"default","ast-page-background-enabled":"default","ast-page-background-meta":{"desktop":{"background-color":"var(--ast-global-color-4)","background-image":"","background-repeat":"repeat","background-position":"center center","background-size":"auto","background-attachment":"scroll","background-type":"","background-media":"","overlay-type":"","overlay-color":"","overlay-opacity":"","overlay-gradient":""},"tablet":{"background-color":"","background-image":"","background-repeat":"repeat","background-position":"center center","background-size":"auto","background-attachment":"scroll","background-type":"","background-media":"","overlay-type":"","overlay-color":"","overlay-opacity":"","overlay-gradient":""},"mobile":{"background-color":"","background-image":"","background-repeat":"repeat","background-position":"center center","background-size":"auto","background-attachment":"scroll","background-type":"","background-media":"","overlay-type":"","overlay-color":"","overlay-opacity":"","overlay-gradient":""}},"ast-content-background-meta":{"desktop":{"background-color":"var(--ast-global-color-5)","background-image":"","background-repeat":"repeat","background-position":"center center","background-size":"auto","background-attachment":"scroll","background-type":"","background-media":"","overlay-type":"","overlay-color":"","overlay-opacity":"","overlay-gradient":""},"tablet":{"background-color":"var(--ast-global-color-5)","background-image":"","background-repeat":"repeat","background-position":"center center","background-size":"auto","background-attachment":"scroll","background-type":"","background-media":"","overlay-type":"","overlay-color":"","overlay-opacity":"","overlay-gradient":""},"mobile":{"background-color":"var(--ast-global-color-5)","background-image":"","background-repeat":"repeat","background-position":"center center","background-size":"auto","background-attachment":"scroll","background-type":"","background-media":"","overlay-type":"","overlay-color":"","overlay-opacity":"","overlay-gradient":""}},"footnotes":""},"categories":[8],"tags":[31651,26270,31652,31653],"class_list":["post-88137","post","type-post","status-publish","format-standard","has-post-thumbnail","hentry","category-noticias","tag-buro-de-credito","tag-deudores-alimentarios","tag-mauricio-cespedes","tag-proteccion-a-menores-de-edad"],"_links":{"self":[{"href":"https:\/\/losperiodistas.com.mx\/portal\/wp-json\/wp\/v2\/posts\/88137","targetHints":{"allow":["GET"]}}],"collection":[{"href":"https:\/\/losperiodistas.com.mx\/portal\/wp-json\/wp\/v2\/posts"}],"about":[{"href":"https:\/\/losperiodistas.com.mx\/portal\/wp-json\/wp\/v2\/types\/post"}],"author":[{"embeddable":true,"href":"https:\/\/losperiodistas.com.mx\/portal\/wp-json\/wp\/v2\/users\/1"}],"replies":[{"embeddable":true,"href":"https:\/\/losperiodistas.com.mx\/portal\/wp-json\/wp\/v2\/comments?post=88137"}],"version-history":[{"count":1,"href":"https:\/\/losperiodistas.com.mx\/portal\/wp-json\/wp\/v2\/posts\/88137\/revisions"}],"predecessor-version":[{"id":88139,"href":"https:\/\/losperiodistas.com.mx\/portal\/wp-json\/wp\/v2\/posts\/88137\/revisions\/88139"}],"wp:featuredmedia":[{"embeddable":true,"href":"https:\/\/losperiodistas.com.mx\/portal\/wp-json\/wp\/v2\/media\/88138"}],"wp:attachment":[{"href":"https:\/\/losperiodistas.com.mx\/portal\/wp-json\/wp\/v2\/media?parent=88137"}],"wp:term":[{"taxonomy":"category","embeddable":true,"href":"https:\/\/losperiodistas.com.mx\/portal\/wp-json\/wp\/v2\/categories?post=88137"},{"taxonomy":"post_tag","embeddable":true,"href":"https:\/\/losperiodistas.com.mx\/portal\/wp-json\/wp\/v2\/tags?post=88137"}],"curies":[{"name":"wp","href":"https:\/\/api.w.org\/{rel}","templated":true}]}}