{"id":88134,"date":"2024-10-17T20:24:53","date_gmt":"2024-10-18T01:24:53","guid":{"rendered":"http:\/\/losperiodistas.com.mx\/portal\/?p=88134"},"modified":"2024-10-18T18:37:16","modified_gmt":"2024-10-18T23:37:16","slug":"jueza-da-24horas-para-eliminar-decreto-de-la-reforma-judicial","status":"publish","type":"post","link":"https:\/\/losperiodistas.com.mx\/portal\/jueza-da-24horas-para-eliminar-decreto-de-la-reforma-judicial\/","title":{"rendered":"Jueza da 24 horas a Sheinbaum para eliminar del DOF, decreto de la Reforma Judicial | Proceso"},"content":{"rendered":"\n<p><strong>La jueza advirti\u00f3 que, en caso de no cumplir con el requerimiento, \u00abse dar\u00e1 vista al ministerio p\u00fablico de la federaci\u00f3n por el delito\u00bb de desacato\u00bb.<\/strong><\/p>\n\n\n\n<figure class=\"wp-block-image size-full\"><img fetchpriority=\"high\" decoding=\"async\" width=\"979\" height=\"573\" src=\"https:\/\/losperiodistas.com.mx\/portal\/wp-content\/uploads\/2024\/10\/Captura-de-pantalla-2024-10-17-192136.png\" alt=\"Claudia Sheinbaum\" class=\"wp-image-88135\" srcset=\"https:\/\/losperiodistas.com.mx\/portal\/wp-content\/uploads\/2024\/10\/Captura-de-pantalla-2024-10-17-192136.png 979w, https:\/\/losperiodistas.com.mx\/portal\/wp-content\/uploads\/2024\/10\/Captura-de-pantalla-2024-10-17-192136-300x176.png 300w, https:\/\/losperiodistas.com.mx\/portal\/wp-content\/uploads\/2024\/10\/Captura-de-pantalla-2024-10-17-192136-768x450.png 768w\" sizes=\"(max-width: 979px) 100vw, 979px\" \/><figcaption class=\"wp-element-caption\">La presidenta Claudia Sheinbaum. Foto: Miguel Dimayuga<\/figcaption><\/figure>\n\n\n\n<p class=\"has-vivid-red-color has-text-color has-link-color wp-elements-fcb4395f652fcca368313464ea413d5c\">Diana Lastiri \/ Proceso<\/p>\n\n\n\n<p>Una jueza federal concedi\u00f3 24 horas a la presidenta, Claudia Sheinbaum, y al Diario Oficial de la Federaci\u00f3n (DOF), para que eliminen la publicaci\u00f3n del decreto de reforma judicial realizado por el expresidente Andr\u00e9s Manuel L\u00f3pez Obrador.<\/p>\n\n\n\n<p>La jueza D\u00e9cimo Noveno de Distrito en el estado de Veracruz, Nancy Ju\u00e1rez Salas, resolvi\u00f3 un incidente por exceso o defecto en el cumplimiento de la suspensi\u00f3n provisional que concedi\u00f3 en un juicio de amparo y advirti\u00f3 que las autoridades responsables podr\u00edan incurrir en desacato a un mandato judicial de continuar con el incumplimiento de la medida.<\/p>\n\n\n\n<p>El incidente fue denunciado por el quejoso, que se\u00f1al\u00f3 en su demanda que el proceso de reforma judicial fue ilegal.<\/p>\n\n\n\n<p>Ante el incumplimiento, la juzgadora precis\u00f3 que las autoridades responsables fueron el titular del Ejecutivo federal y el Diario Oficial de la Federaci\u00f3n (DOF), pues la reforma fue promulgada y publicada el 15 de septiembre pese a que el entonces presidente Andr\u00e9s Manuel L\u00f3pez Obrador hab\u00eda sido notificado de la suspensi\u00f3n el 14 de septiembre.<\/p>\n\n\n\n<p>\u201cAnte la ausencia de causa que justifique dicho actuar omisivo por parte de las responsables, lo procedente es declarar fundado el presente incidente por exceso o defecto en el cumplimiento de la suspensi\u00f3n\u201d, se\u00f1ala el fallo.<\/p>\n\n\n\n<p>Debido a que el 20 de septiembre la jueza concedi\u00f3 la suspensi\u00f3n definitiva para frenar la entrada en vigor de la reforma judicial, se\u00f1al\u00f3 que en el incidente la presidenta Claudia Sheinbaum y el DOF est\u00e1n obligados a eliminar la publicaci\u00f3n de la reforma judicial para cumplir con dicha medida.<\/p>\n\n\n\n<p>\u201cSe apercibe a las autoridades responsables que, de no cumplir con el requerimiento formulado en esta resoluci\u00f3n, se dar\u00e1 vista al ministerio p\u00fablico de la federaci\u00f3n por el delito que establece la fracci\u00f3n III del art\u00edculo 262 de la Ley de Amparo (desacato)\u201d, advirti\u00f3&nbsp;la&nbsp;juez.<\/p>\n\n\n\n<p>Fuente: <a href=\"https:\/\/www.proceso.com.mx\/nacional\/2024\/10\/17\/jueza-da-24-horas-sheinbaum-al-diario-oficial-para-eliminar-el-decreto-de-la-reforma-judicial-338721.html\">Pr<\/a><a href=\"https:\/\/www.proceso.com.mx\/nacional\/2024\/10\/17\/jueza-da-24-horas-sheinbaum-al-diario-oficial-para-eliminar-el-decreto-de-la-reforma-judicial-338721.html\" target=\"_blank\" rel=\"noreferrer noopener\">oceso<\/a><\/p>\n","protected":false},"excerpt":{"rendered":"<p>La jueza advirti\u00f3 que, en caso de no cumplir con el requerimiento, \u00abse dar\u00e1 vista al ministerio p\u00fablico de la federaci\u00f3n por el delito\u00bb de desacato\u00bb.<\/p>\n","protected":false},"author":1,"featured_media":88135,"comment_status":"open","ping_status":"open","sticky":false,"template":"","format":"standard","meta":{"site-sidebar-layout":"default","site-content-layout":"","ast-site-content-layout":"default","site-content-style":"default","site-sidebar-style":"default","ast-global-header-display":"","ast-banner-title-visibility":"","ast-main-header-display":"","ast-hfb-above-header-display":"","ast-hfb-below-header-display":"","ast-hfb-mobile-header-display":"","site-post-title":"","ast-breadcrumbs-content":"","ast-featured-img":"","footer-sml-layout":"","theme-transparent-header-meta":"","adv-header-id-meta":"","stick-header-meta":"","header-above-stick-meta":"","header-main-stick-meta":"","header-below-stick-meta":"","astra-migrate-meta-layouts":"default","ast-page-background-enabled":"default","ast-page-background-meta":{"desktop":{"background-color":"var(--ast-global-color-4)","background-image":"","background-repeat":"repeat","background-position":"center center","background-size":"auto","background-attachment":"scroll","background-type":"","background-media":"","overlay-type":"","overlay-color":"","overlay-opacity":"","overlay-gradient":""},"tablet":{"background-color":"","background-image":"","background-repeat":"repeat","background-position":"center center","background-size":"auto","background-attachment":"scroll","background-type":"","background-media":"","overlay-type":"","overlay-color":"","overlay-opacity":"","overlay-gradient":""},"mobile":{"background-color":"","background-image":"","background-repeat":"repeat","background-position":"center center","background-size":"auto","background-attachment":"scroll","background-type":"","background-media":"","overlay-type":"","overlay-color":"","overlay-opacity":"","overlay-gradient":""}},"ast-content-background-meta":{"desktop":{"background-color":"var(--ast-global-color-5)","background-image":"","background-repeat":"repeat","background-position":"center center","background-size":"auto","background-attachment":"scroll","background-type":"","background-media":"","overlay-type":"","overlay-color":"","overlay-opacity":"","overlay-gradient":""},"tablet":{"background-color":"var(--ast-global-color-5)","background-image":"","background-repeat":"repeat","background-position":"center center","background-size":"auto","background-attachment":"scroll","background-type":"","background-media":"","overlay-type":"","overlay-color":"","overlay-opacity":"","overlay-gradient":""},"mobile":{"background-color":"var(--ast-global-color-5)","background-image":"","background-repeat":"repeat","background-position":"center center","background-size":"auto","background-attachment":"scroll","background-type":"","background-media":"","overlay-type":"","overlay-color":"","overlay-opacity":"","overlay-gradient":""}},"footnotes":""},"categories":[8],"tags":[1505,31676,13399],"class_list":["post-88134","post","type-post","status-publish","format-standard","has-post-thumbnail","hentry","category-noticias","tag-claudia-sheinbaum","tag-decreto-a-reforma-judicial","tag-dof"],"_links":{"self":[{"href":"https:\/\/losperiodistas.com.mx\/portal\/wp-json\/wp\/v2\/posts\/88134","targetHints":{"allow":["GET"]}}],"collection":[{"href":"https:\/\/losperiodistas.com.mx\/portal\/wp-json\/wp\/v2\/posts"}],"about":[{"href":"https:\/\/losperiodistas.com.mx\/portal\/wp-json\/wp\/v2\/types\/post"}],"author":[{"embeddable":true,"href":"https:\/\/losperiodistas.com.mx\/portal\/wp-json\/wp\/v2\/users\/1"}],"replies":[{"embeddable":true,"href":"https:\/\/losperiodistas.com.mx\/portal\/wp-json\/wp\/v2\/comments?post=88134"}],"version-history":[{"count":1,"href":"https:\/\/losperiodistas.com.mx\/portal\/wp-json\/wp\/v2\/posts\/88134\/revisions"}],"predecessor-version":[{"id":88136,"href":"https:\/\/losperiodistas.com.mx\/portal\/wp-json\/wp\/v2\/posts\/88134\/revisions\/88136"}],"wp:featuredmedia":[{"embeddable":true,"href":"https:\/\/losperiodistas.com.mx\/portal\/wp-json\/wp\/v2\/media\/88135"}],"wp:attachment":[{"href":"https:\/\/losperiodistas.com.mx\/portal\/wp-json\/wp\/v2\/media?parent=88134"}],"wp:term":[{"taxonomy":"category","embeddable":true,"href":"https:\/\/losperiodistas.com.mx\/portal\/wp-json\/wp\/v2\/categories?post=88134"},{"taxonomy":"post_tag","embeddable":true,"href":"https:\/\/losperiodistas.com.mx\/portal\/wp-json\/wp\/v2\/tags?post=88134"}],"curies":[{"name":"wp","href":"https:\/\/api.w.org\/{rel}","templated":true}]}}