{"id":88130,"date":"2024-10-17T20:06:36","date_gmt":"2024-10-18T01:06:36","guid":{"rendered":"http:\/\/losperiodistas.com.mx\/portal\/?p=88130"},"modified":"2024-10-17T20:06:38","modified_gmt":"2024-10-18T01:06:38","slug":"checo-perez-pudo-haber-cambiado-de-equipo-y-responde-a-sus-criticos","status":"publish","type":"post","link":"https:\/\/losperiodistas.com.mx\/portal\/checo-perez-pudo-haber-cambiado-de-equipo-y-responde-a-sus-criticos\/","title":{"rendered":"Checo P\u00e9rez pudo haber cambiado de equipo y responde a sus cr\u00edticos | El Universal"},"content":{"rendered":"\n<p>El piloto de Red Bull revel\u00f3 que tuvo ofertas para cambiar de equipo en la F1 a inicios de la actual temporada<\/p>\n\n\n\n<figure class=\"wp-block-image size-large\"><img fetchpriority=\"high\" decoding=\"async\" width=\"1024\" height=\"622\" src=\"https:\/\/losperiodistas.com.mx\/portal\/wp-content\/uploads\/2024\/10\/Captura-de-pantalla-2024-10-17-185834-1024x622.png\" alt=\"Checo P\u00e9rez\" class=\"wp-image-88131\" srcset=\"https:\/\/losperiodistas.com.mx\/portal\/wp-content\/uploads\/2024\/10\/Captura-de-pantalla-2024-10-17-185834-1024x622.png 1024w, https:\/\/losperiodistas.com.mx\/portal\/wp-content\/uploads\/2024\/10\/Captura-de-pantalla-2024-10-17-185834-300x182.png 300w, https:\/\/losperiodistas.com.mx\/portal\/wp-content\/uploads\/2024\/10\/Captura-de-pantalla-2024-10-17-185834-768x467.png 768w, https:\/\/losperiodistas.com.mx\/portal\/wp-content\/uploads\/2024\/10\/Captura-de-pantalla-2024-10-17-185834.png 1241w\" sizes=\"(max-width: 1024px) 100vw, 1024px\" \/><figcaption class=\"wp-element-caption\">Checo P\u00e9rez en conferencia de prensa &#8211; Foto: EFE<\/figcaption><\/figure>\n\n\n\n<p class=\"has-vivid-red-color has-text-color has-link-color wp-elements-4a55f8a368da76e5696441d196570365\">Oscar Torres \/ El Universal<\/p>\n\n\n\n<p>La temporada 2024 ha sido compleja para <strong>Checo P\u00e9rez<\/strong>, que este a\u00f1o no ha podido ganar y que se encuentra muy lejos de la cima de la tabla del campeonato de pilotos.<\/p>\n\n\n\n<p>De cara al regreso de la <strong>F\u00f3rmula 1<\/strong> con la Gira por Am\u00e9rica, el volante de <strong>Red Bull<\/strong> confes\u00f3 en una entrevista que a principios de este a\u00f1o pudo haber cambiado de equipo, pero su decisi\u00f3n era firme por quedarse con los Toros Rojos.<\/p>\n\n\n\n<p><em>\u00abTuve una oportunidad, dos, de cambiar de equipo. Cuando me lo plante\u00e9 decid\u00ed que me encanta el reto que tengo en Red Bull. Es un reto inmenso ser compa\u00f1ero de Max (Verstappen). Es un reto que te prepara para todo. Decid\u00ed que quiero pasar los \u00faltimos a\u00f1os de mi carrera en la cima, en donde la presi\u00f3n es implacable\u00bb<\/em>, expuso en GQ.<\/p>\n\n\n\n<figure class=\"wp-block-image size-full\"><img decoding=\"async\" width=\"1000\" height=\"613\" src=\"https:\/\/losperiodistas.com.mx\/portal\/wp-content\/uploads\/2024\/10\/Captura-de-pantalla-2024-10-17-190256.png\" alt=\"Checo P\u00e9rez \" class=\"wp-image-88132\" srcset=\"https:\/\/losperiodistas.com.mx\/portal\/wp-content\/uploads\/2024\/10\/Captura-de-pantalla-2024-10-17-190256.png 1000w, https:\/\/losperiodistas.com.mx\/portal\/wp-content\/uploads\/2024\/10\/Captura-de-pantalla-2024-10-17-190256-300x184.png 300w, https:\/\/losperiodistas.com.mx\/portal\/wp-content\/uploads\/2024\/10\/Captura-de-pantalla-2024-10-17-190256-768x471.png 768w\" sizes=\"(max-width: 1000px) 100vw, 1000px\" \/><figcaption class=\"wp-element-caption\">Checo P\u00e9rez &#8211; Foto: Instagram @schecoperez<\/figcaption><\/figure>\n\n\n\n<h2 class=\"wp-block-heading\">Checo P\u00e9rez y el mensaje a sus cr\u00edticos<\/h2>\n\n\n\n<p>El piloto tapat\u00edo Checo P\u00e9rez aprovech\u00f3 en esa misma charla para mandarle un mensaje a sus cr\u00edticos, quienes incluso lo han se\u00f1alado en rumores como el de su supuesto retiro.<\/p>\n\n\n\n<p>\u00abA fin de cuentas, cuando pasas por un periodo dif\u00edcil, se habla mucho. Pero en \u00faltima instancia, al 90% en la parrilla le hubiera encantado tener mi carrera. Cuando eres piloto, solo piensas en la pr\u00f3xima carrera, el pr\u00f3ximo reto, la pr\u00f3xima categor\u00eda, el pr\u00f3ximo contrato. El pr\u00f3ximo todo. A veces es bueno hacer una pausa y recordar lo lejos que has llegado. Es un deporte brutal\u00bb, a\u00f1adi\u00f3.<\/p>\n\n\n\n<p>El mexicano busca tener un repunte en la recta final de la campa\u00f1a 2024, con la visita de la m\u00e1xima categor\u00eda al continente americano, comenzando con Austin, luego CDMX, Brasil y Las Vegas.<\/p>\n\n\n\n<p>Fuente: <a href=\"https:\/\/www.eluniversal.com.mx\/deportes\/checo-perez-revela-pudo-haber-cambiado-de-equipo-a-inicios-de-ano-y-manda-mensaje-a-sus-criticos\/\">El <\/a><a href=\"https:\/\/www.eluniversal.com.mx\/deportes\/checo-perez-revela-pudo-haber-cambiado-de-equipo-a-inicios-de-ano-y-manda-mensaje-a-sus-criticos\/\" target=\"_blank\" rel=\"noreferrer noopener\">Universal<\/a><\/p>\n","protected":false},"excerpt":{"rendered":"<p>El piloto de Red Bull revel\u00f3 que tuvo ofertas para cambiar de equipo en la F1 a inicios de la actual temporada <\/p>\n","protected":false},"author":1,"featured_media":88131,"comment_status":"open","ping_status":"open","sticky":false,"template":"","format":"standard","meta":{"site-sidebar-layout":"default","site-content-layout":"","ast-site-content-layout":"default","site-content-style":"default","site-sidebar-style":"default","ast-global-header-display":"","ast-banner-title-visibility":"","ast-main-header-display":"","ast-hfb-above-header-display":"","ast-hfb-below-header-display":"","ast-hfb-mobile-header-display":"","site-post-title":"","ast-breadcrumbs-content":"","ast-featured-img":"","footer-sml-layout":"","theme-transparent-header-meta":"","adv-header-id-meta":"","stick-header-meta":"","header-above-stick-meta":"","header-main-stick-meta":"","header-below-stick-meta":"","astra-migrate-meta-layouts":"default","ast-page-background-enabled":"default","ast-page-background-meta":{"desktop":{"background-color":"var(--ast-global-color-4)","background-image":"","background-repeat":"repeat","background-position":"center center","background-size":"auto","background-attachment":"scroll","background-type":"","background-media":"","overlay-type":"","overlay-color":"","overlay-opacity":"","overlay-gradient":""},"tablet":{"background-color":"","background-image":"","background-repeat":"repeat","background-position":"center center","background-size":"auto","background-attachment":"scroll","background-type":"","background-media":"","overlay-type":"","overlay-color":"","overlay-opacity":"","overlay-gradient":""},"mobile":{"background-color":"","background-image":"","background-repeat":"repeat","background-position":"center center","background-size":"auto","background-attachment":"scroll","background-type":"","background-media":"","overlay-type":"","overlay-color":"","overlay-opacity":"","overlay-gradient":""}},"ast-content-background-meta":{"desktop":{"background-color":"var(--ast-global-color-5)","background-image":"","background-repeat":"repeat","background-position":"center center","background-size":"auto","background-attachment":"scroll","background-type":"","background-media":"","overlay-type":"","overlay-color":"","overlay-opacity":"","overlay-gradient":""},"tablet":{"background-color":"var(--ast-global-color-5)","background-image":"","background-repeat":"repeat","background-position":"center center","background-size":"auto","background-attachment":"scroll","background-type":"","background-media":"","overlay-type":"","overlay-color":"","overlay-opacity":"","overlay-gradient":""},"mobile":{"background-color":"var(--ast-global-color-5)","background-image":"","background-repeat":"repeat","background-position":"center center","background-size":"auto","background-attachment":"scroll","background-type":"","background-media":"","overlay-type":"","overlay-color":"","overlay-opacity":"","overlay-gradient":""}},"footnotes":""},"categories":[8],"tags":[276,465,1634,466,30916],"class_list":["post-88130","post","type-post","status-publish","format-standard","has-post-thumbnail","hentry","category-noticias","tag-checo-perez","tag-f1","tag-max-verstappen","tag-red-bull","tag-retiro-de-la-f1"],"_links":{"self":[{"href":"https:\/\/losperiodistas.com.mx\/portal\/wp-json\/wp\/v2\/posts\/88130","targetHints":{"allow":["GET"]}}],"collection":[{"href":"https:\/\/losperiodistas.com.mx\/portal\/wp-json\/wp\/v2\/posts"}],"about":[{"href":"https:\/\/losperiodistas.com.mx\/portal\/wp-json\/wp\/v2\/types\/post"}],"author":[{"embeddable":true,"href":"https:\/\/losperiodistas.com.mx\/portal\/wp-json\/wp\/v2\/users\/1"}],"replies":[{"embeddable":true,"href":"https:\/\/losperiodistas.com.mx\/portal\/wp-json\/wp\/v2\/comments?post=88130"}],"version-history":[{"count":1,"href":"https:\/\/losperiodistas.com.mx\/portal\/wp-json\/wp\/v2\/posts\/88130\/revisions"}],"predecessor-version":[{"id":88133,"href":"https:\/\/losperiodistas.com.mx\/portal\/wp-json\/wp\/v2\/posts\/88130\/revisions\/88133"}],"wp:featuredmedia":[{"embeddable":true,"href":"https:\/\/losperiodistas.com.mx\/portal\/wp-json\/wp\/v2\/media\/88131"}],"wp:attachment":[{"href":"https:\/\/losperiodistas.com.mx\/portal\/wp-json\/wp\/v2\/media?parent=88130"}],"wp:term":[{"taxonomy":"category","embeddable":true,"href":"https:\/\/losperiodistas.com.mx\/portal\/wp-json\/wp\/v2\/categories?post=88130"},{"taxonomy":"post_tag","embeddable":true,"href":"https:\/\/losperiodistas.com.mx\/portal\/wp-json\/wp\/v2\/tags?post=88130"}],"curies":[{"name":"wp","href":"https:\/\/api.w.org\/{rel}","templated":true}]}}