{"id":88125,"date":"2024-10-17T19:49:52","date_gmt":"2024-10-18T00:49:52","guid":{"rendered":"http:\/\/losperiodistas.com.mx\/portal\/?p=88125"},"modified":"2024-10-17T19:49:54","modified_gmt":"2024-10-18T00:49:54","slug":"joaquin-guzman-sale-de-prision-y-reingresan-a-ovidio-el-raton","status":"publish","type":"post","link":"https:\/\/losperiodistas.com.mx\/portal\/joaquin-guzman-sale-de-prision-y-reingresan-a-ovidio-el-raton\/","title":{"rendered":"\u00bfEU negocia con \u2018Los Chapitos\u2019? Joaqu\u00edn Guzm\u00e1n sale de prisi\u00f3n y reingresan a Ovidio \u2018El Rat\u00f3n\u2019 | EF"},"content":{"rendered":"\n<p>Los hijos de \u2018El Chapo\u2019 Guzm\u00e1n aparecen registrados en la p\u00e1gina de la Agencia Federal de Prisiones, sin embargo, se desconoce el parado de uno de ellos.<\/p>\n\n\n\n<figure class=\"wp-block-image size-large\"><img fetchpriority=\"high\" decoding=\"async\" width=\"1024\" height=\"576\" src=\"https:\/\/losperiodistas.com.mx\/portal\/wp-content\/uploads\/2024\/10\/Chapitos-1024x576.jpg\" alt=\"Los hijos de 'El Chapo' Guzm\u00e1n\" class=\"wp-image-88126\" srcset=\"https:\/\/losperiodistas.com.mx\/portal\/wp-content\/uploads\/2024\/10\/Chapitos-1024x576.jpg 1024w, https:\/\/losperiodistas.com.mx\/portal\/wp-content\/uploads\/2024\/10\/Chapitos-300x169.jpg 300w, https:\/\/losperiodistas.com.mx\/portal\/wp-content\/uploads\/2024\/10\/Chapitos-768x432.jpg 768w, https:\/\/losperiodistas.com.mx\/portal\/wp-content\/uploads\/2024\/10\/Chapitos.jpg 1280w\" sizes=\"(max-width: 1024px) 100vw, 1024px\" \/><figcaption class=\"wp-element-caption\">Los hijos de &#8216;El Chapo&#8217; Guzm\u00e1n est\u00e1n detenidos en Estados Unidos. (Foto: Cuartoscuro) <\/figcaption><\/figure>\n\n\n\n<p class=\"has-vivid-red-color has-text-color has-link-color wp-elements-a68306f67cfbf02182b3a4bfb1a33190\">Redacci\u00f3n \/ El Financiero<\/p>\n\n\n\n<p>Joaqu\u00edn Guzm\u00e1n L\u00f3pez, uno de los<strong> hijos de Joaqu\u00edn \u2018El Chapo\u2019 Guzm\u00e1n,<\/strong> pudo haber salido de prisi\u00f3n de Estados Unidos<strong>, <\/strong>pues no se encuentra registrado en la Agencia Federal de Prisiones (BOP, por sus siglas en ingl\u00e9s).<\/p>\n\n\n\n<p>Adem\u00e1s, su hermano, Ovidio \u2018El Rat\u00f3n\u2019 Guzm\u00e1n L\u00f3pez, fue reingresado al Centro Correccional de Chicago, ubicado en Illinois.<\/p>\n\n\n\n<p>En su registro del BOP no se especifica la fecha en la cual fue trasladado a la c\u00e1rcel de Chicago.<\/p>\n\n\n\n<figure class=\"wp-block-image aligncenter size-large is-resized\"><img decoding=\"async\" width=\"1024\" height=\"458\" src=\"https:\/\/losperiodistas.com.mx\/portal\/wp-content\/uploads\/2024\/10\/Captura-de-pantalla-2024-10-17-183858-1024x458.png\" alt=\"\" class=\"wp-image-88127\" style=\"width:572px;height:auto\" srcset=\"https:\/\/losperiodistas.com.mx\/portal\/wp-content\/uploads\/2024\/10\/Captura-de-pantalla-2024-10-17-183858-1024x458.png 1024w, https:\/\/losperiodistas.com.mx\/portal\/wp-content\/uploads\/2024\/10\/Captura-de-pantalla-2024-10-17-183858-300x134.png 300w, https:\/\/losperiodistas.com.mx\/portal\/wp-content\/uploads\/2024\/10\/Captura-de-pantalla-2024-10-17-183858-768x343.png 768w, https:\/\/losperiodistas.com.mx\/portal\/wp-content\/uploads\/2024\/10\/Captura-de-pantalla-2024-10-17-183858.png 1166w\" sizes=\"(max-width: 1024px) 100vw, 1024px\" \/><\/figure>\n\n\n\n<p>Seg\u00fan el periodista \u00c1ngel Hern\u00e1ndez, el movimiento de los hijos de \u2018El Chapo\u2019 obedece al avance de las negociaciones para un acuerdo de culpabilidad por parte de los hermanos Guzm\u00e1n L\u00f3pez. Esto despu\u00e9s permitir\u00e1 una colaboraci\u00f3n directa con la fiscal\u00eda de Estados Unidos.<\/p>\n\n\n\n<p>Joaqu\u00edn Guzm\u00e1n L\u00f3pez fue detenido en Estados Unidos el 25 de julio, cuando entreg\u00f3 a<strong> Ismael \u2018El Mayo\u2019 Zambada<\/strong> a las autoridades de ese pa\u00eds en un avi\u00f3n en un aeropuerto cerca de la ciudad estadounidense de El Paso, Texas.<\/p>\n\n\n\n<p>Ovidio Guzm\u00e1n ya hab\u00eda sido excarcelado el pasado 23 de julio, dos d\u00edas antes de que su hermano fuera arrestado, por lo que las autoridades de M\u00e9xico exigieron a Estados Unidos informar sobre el paradero de \u2018El Rat\u00f3n\u2019.<\/p>\n\n\n\n<figure class=\"wp-block-image aligncenter size-full is-resized\"><img decoding=\"async\" width=\"893\" height=\"389\" src=\"https:\/\/losperiodistas.com.mx\/portal\/wp-content\/uploads\/2024\/10\/imagen-6.png\" alt=\"\" class=\"wp-image-88128\" style=\"width:606px;height:auto\" srcset=\"https:\/\/losperiodistas.com.mx\/portal\/wp-content\/uploads\/2024\/10\/imagen-6.png 893w, https:\/\/losperiodistas.com.mx\/portal\/wp-content\/uploads\/2024\/10\/imagen-6-300x131.png 300w, https:\/\/losperiodistas.com.mx\/portal\/wp-content\/uploads\/2024\/10\/imagen-6-768x335.png 768w\" sizes=\"(max-width: 893px) 100vw, 893px\" \/><\/figure>\n\n\n\n<p>Analistas como el exagente de la DEA Mike Vigil creen que<strong> Guzm\u00e1n L\u00f3pez entreg\u00f3 a Zambada<\/strong> porque estaba negociando beneficios para \u00e9l y su hermano Ovidio, extraditado en 2023.<\/p>\n\n\n\n<p>Luego de esta versi\u00f3n, las autoridades de Estados Unidos aclararon que Ovidio Guzm\u00e1n segu\u00eda bajo su custodia.<\/p>\n\n\n\n<p>\u201cEl Mayo\u201d, quien por d\u00e9cadas encabez\u00f3 el c\u00e1rtel de Sinaloa y fue estrecho aliado de \u201cEl Chapo\u201d, era el narcotraficante m\u00e1s buscado por Estados Unidos, con una recompensa de 15 millones de d\u00f3lares, hasta su sorpresiva captura en un aeropuerto cercano a El Paso, Texas.<\/p>\n\n\n\n<h2 class=\"wp-block-heading\">Sheinbaum exige a EU informaci\u00f3n sobre \u2018Los Chapitos\u2019 y \u2018El Mayo\u2019<\/h2>\n\n\n\n<p>El mi\u00e9rcoles, la presidenta<strong>, Claudia Sheinbaum, exigi\u00f3 a Estados Unidos<\/strong> que entregue la informaci\u00f3n sobre los arrestos de Ismael \u2018el Mayo\u2019 Zambada y Joaqu\u00edn Guzm\u00e1n L\u00f3pez, l\u00edderes del C\u00e1rtel de Sinaloa, porque su detenci\u00f3n, seg\u00fan ella, \u201cdesat\u00f3 una ola de violencia\u201d en el noroeste del pa\u00eds.<\/p>\n\n\n\n<p>\u201cA partir de ah\u00ed se desata una ola de violencia en Sinaloa. Lo menos que las y los mexicanos debemos exigir es: \u00bfQu\u00e9 pas\u00f3? \u00bfC\u00f3mo se dio esta detenci\u00f3n? \u00bfPor qu\u00e9 salen liberados delincuentes que fueron entregados por extradici\u00f3n de M\u00e9xico? Entonces es, eso sigue, que se d\u00e9 toda la informaci\u00f3n\u201d, expres\u00f3 en su conferencia diaria.<\/p>\n\n\n\n<p>La mandataria, quien asumi\u00f3 el 1 de octubre, respald\u00f3 el argumento del expresidente Andr\u00e9s Manuel L\u00f3pez Obrador (2018-2024), quien el mes pasado acus\u00f3 a Washington de ser \u201ccorresponsable\u201d de la violencia en Sinaloa, estado del noroeste del pa\u00eds que suma m\u00e1s de 200 asesinatos desde el 9 de septiembre, ante la pugna del c\u00e1rtel.<\/p>\n\n\n\n<p>Fuente: <a href=\"https:\/\/www.elfinanciero.com.mx\/nacional\/2024\/10\/17\/eu-negocia-con-los-chapitos-joaquin-guzman-sale-de-prision-y-reingresan-a-ovidio-el-raton\/\" target=\"_blank\" rel=\"noreferrer noopener\">El Financiero<\/a><\/p>\n","protected":false},"excerpt":{"rendered":"<p>Los hijos de \u2018El Chapo\u2019 Guzm\u00e1n aparecen registrados en la p\u00e1gina de la Agencia Federal de Prisiones, sin embargo, se desconoce el parado de uno de ellos. <\/p>\n","protected":false},"author":1,"featured_media":88126,"comment_status":"open","ping_status":"open","sticky":false,"template":"","format":"standard","meta":{"site-sidebar-layout":"default","site-content-layout":"","ast-site-content-layout":"default","site-content-style":"default","site-sidebar-style":"default","ast-global-header-display":"","ast-banner-title-visibility":"","ast-main-header-display":"","ast-hfb-above-header-display":"","ast-hfb-below-header-display":"","ast-hfb-mobile-header-display":"","site-post-title":"","ast-breadcrumbs-content":"","ast-featured-img":"","footer-sml-layout":"","theme-transparent-header-meta":"","adv-header-id-meta":"","stick-header-meta":"","header-above-stick-meta":"","header-main-stick-meta":"","header-below-stick-meta":"","astra-migrate-meta-layouts":"default","ast-page-background-enabled":"default","ast-page-background-meta":{"desktop":{"background-color":"var(--ast-global-color-4)","background-image":"","background-repeat":"repeat","background-position":"center center","background-size":"auto","background-attachment":"scroll","background-type":"","background-media":"","overlay-type":"","overlay-color":"","overlay-opacity":"","overlay-gradient":""},"tablet":{"background-color":"","background-image":"","background-repeat":"repeat","background-position":"center center","background-size":"auto","background-attachment":"scroll","background-type":"","background-media":"","overlay-type":"","overlay-color":"","overlay-opacity":"","overlay-gradient":""},"mobile":{"background-color":"","background-image":"","background-repeat":"repeat","background-position":"center center","background-size":"auto","background-attachment":"scroll","background-type":"","background-media":"","overlay-type":"","overlay-color":"","overlay-opacity":"","overlay-gradient":""}},"ast-content-background-meta":{"desktop":{"background-color":"var(--ast-global-color-5)","background-image":"","background-repeat":"repeat","background-position":"center center","background-size":"auto","background-attachment":"scroll","background-type":"","background-media":"","overlay-type":"","overlay-color":"","overlay-opacity":"","overlay-gradient":""},"tablet":{"background-color":"var(--ast-global-color-5)","background-image":"","background-repeat":"repeat","background-position":"center center","background-size":"auto","background-attachment":"scroll","background-type":"","background-media":"","overlay-type":"","overlay-color":"","overlay-opacity":"","overlay-gradient":""},"mobile":{"background-color":"var(--ast-global-color-5)","background-image":"","background-repeat":"repeat","background-position":"center center","background-size":"auto","background-attachment":"scroll","background-type":"","background-media":"","overlay-type":"","overlay-color":"","overlay-opacity":"","overlay-gradient":""}},"footnotes":""},"categories":[8],"tags":[1505,7016,17624,31650,6222,2917],"class_list":["post-88125","post","type-post","status-publish","format-standard","has-post-thumbnail","hentry","category-noticias","tag-claudia-sheinbaum","tag-el-mayo-zambada","tag-eu","tag-joaquin-guzman","tag-los-chapitos","tag-ovidio-guzman"],"_links":{"self":[{"href":"https:\/\/losperiodistas.com.mx\/portal\/wp-json\/wp\/v2\/posts\/88125","targetHints":{"allow":["GET"]}}],"collection":[{"href":"https:\/\/losperiodistas.com.mx\/portal\/wp-json\/wp\/v2\/posts"}],"about":[{"href":"https:\/\/losperiodistas.com.mx\/portal\/wp-json\/wp\/v2\/types\/post"}],"author":[{"embeddable":true,"href":"https:\/\/losperiodistas.com.mx\/portal\/wp-json\/wp\/v2\/users\/1"}],"replies":[{"embeddable":true,"href":"https:\/\/losperiodistas.com.mx\/portal\/wp-json\/wp\/v2\/comments?post=88125"}],"version-history":[{"count":1,"href":"https:\/\/losperiodistas.com.mx\/portal\/wp-json\/wp\/v2\/posts\/88125\/revisions"}],"predecessor-version":[{"id":88129,"href":"https:\/\/losperiodistas.com.mx\/portal\/wp-json\/wp\/v2\/posts\/88125\/revisions\/88129"}],"wp:featuredmedia":[{"embeddable":true,"href":"https:\/\/losperiodistas.com.mx\/portal\/wp-json\/wp\/v2\/media\/88126"}],"wp:attachment":[{"href":"https:\/\/losperiodistas.com.mx\/portal\/wp-json\/wp\/v2\/media?parent=88125"}],"wp:term":[{"taxonomy":"category","embeddable":true,"href":"https:\/\/losperiodistas.com.mx\/portal\/wp-json\/wp\/v2\/categories?post=88125"},{"taxonomy":"post_tag","embeddable":true,"href":"https:\/\/losperiodistas.com.mx\/portal\/wp-json\/wp\/v2\/tags?post=88125"}],"curies":[{"name":"wp","href":"https:\/\/api.w.org\/{rel}","templated":true}]}}