{"id":88118,"date":"2024-10-17T17:49:00","date_gmt":"2024-10-17T22:49:00","guid":{"rendered":"http:\/\/losperiodistas.com.mx\/portal\/?p=88118"},"modified":"2024-10-17T17:49:02","modified_gmt":"2024-10-17T22:49:02","slug":"red-de-mandos-policiacos-que-protegio-al-cartel-de-sinaloa-bajo-el-cobijo-de-garcia-luna","status":"publish","type":"post","link":"https:\/\/losperiodistas.com.mx\/portal\/red-de-mandos-policiacos-que-protegio-al-cartel-de-sinaloa-bajo-el-cobijo-de-garcia-luna\/","title":{"rendered":"\u00c9sta es la red de mandos policiacos que protegi\u00f3 al C\u00e1rtel de Sinaloa bajo el cobijo de Garc\u00eda Luna | Infobae"},"content":{"rendered":"\n<p>El extitular de la Secretar\u00eda de Seguridad P\u00fablica fue sentenciado a casi cuatro d\u00e9cadas de prisi\u00f3n por sus nexos con el narcotr\u00e1fico<\/p>\n\n\n\n<figure class=\"wp-block-image size-large\"><img fetchpriority=\"high\" decoding=\"async\" width=\"1024\" height=\"678\" src=\"https:\/\/losperiodistas.com.mx\/portal\/wp-content\/uploads\/2024\/10\/Captura-de-pantalla-2024-10-17-162528-1024x678.png\" alt=\"Genaro Garc\u00eda Luna\" class=\"wp-image-88119\" srcset=\"https:\/\/losperiodistas.com.mx\/portal\/wp-content\/uploads\/2024\/10\/Captura-de-pantalla-2024-10-17-162528-1024x678.png 1024w, https:\/\/losperiodistas.com.mx\/portal\/wp-content\/uploads\/2024\/10\/Captura-de-pantalla-2024-10-17-162528-300x199.png 300w, https:\/\/losperiodistas.com.mx\/portal\/wp-content\/uploads\/2024\/10\/Captura-de-pantalla-2024-10-17-162528-768x508.png 768w, https:\/\/losperiodistas.com.mx\/portal\/wp-content\/uploads\/2024\/10\/Captura-de-pantalla-2024-10-17-162528.png 1222w\" sizes=\"(max-width: 1024px) 100vw, 1024px\" \/><figcaption class=\"wp-element-caption\">Fotograf\u00eda de archivo que muestra al extitular de la Secretar\u00eda de Seguridad P\u00fablica (SSP) de M\u00e9xico, Genaro Garc\u00eda Luna, en Ciudad de M\u00e9xico. EFE\/Mario Guzm\u00e1n <\/figcaption><\/figure>\n\n\n\n<p class=\"has-vivid-red-color has-text-color has-link-color wp-elements-14afe87e04b5b94e701d301de39bd5fa\">Baruc Mayen \/ Infobae<\/p>\n\n\n\n<p>El 16 de octubre, <strong>Genaro Garc\u00eda Luna <\/strong>se convirti\u00f3 en el funcionario mexicano de m\u00e1s alto nivel que ha sido procesado, juzgado y <strong>sentenciado <\/strong>en Estados Unidos por delitos vinculados al narcotr\u00e1fico.<\/p>\n\n\n\n<p>Los nexos del exsecretario de Seguridad P\u00fablica \u2014que ten\u00eda bajo su mando a la Polic\u00eda Federal y la Agencia Federal de Investigaci\u00f3n\u2014 con el C\u00e1rtel de Sinaloa lo hicieron acreedor a una <strong>condena de m\u00e1s de 38 a\u00f1os de c\u00e1rcel<\/strong>, derivados de su culpabilidad en cinco cargos criminales: tres por conspiraci\u00f3n para transportar, importar y distribuir coca\u00edna, uno por pertenecer a un grupo delincuencial y otro m\u00e1s por brindar falsas declaraciones.<\/p>\n\n\n\n<p>Desde el primer d\u00eda de su juicio, iniciado en enero de 2023, la Fiscal\u00eda de Estados Unidos expuso los nombres de otros jefes policiacos que, junto con Garc\u00eda Luna, tejieron una red criminal que beneficiaba al grupo fundado por Joaqu\u00edn \u2018<strong>El Chapo<\/strong>\u2019 Guzm\u00e1n e Ismael \u2018<strong>El Mayo<\/strong>\u2019 Zambada.<\/p>\n\n\n\n<h2 class=\"wp-block-heading\">Luis C\u00e1rdenas Palomino<\/h2>\n\n\n\n<p>Entre los personajes de mayor relevancia que han sido objeto de se\u00f1alamientos resalta <strong>Luis C\u00e1rdenas Palomino<\/strong>, mano derecha de Genaro Garc\u00eda Luna al frente de la SSP. En julio de 2020 su nombre apareci\u00f3 en una <a rel=\"noreferrer noopener\" href=\"https:\/\/www.justice.gov\/usao-edny\/pr\/former-mexican-secretary-public-security-genaro-garcia-luna-charged-engaging-continuing\" target=\"_blank\">acusaci\u00f3n <\/a>de la Corte del Distrito Este de Nueva York por presuntamente aceptar<strong> sobornos de millones de d\u00f3lares <\/strong>a cambio de permitir la impune operaci\u00f3n del C\u00e1rtel de Sinaloa en el pa\u00eds.<\/p>\n\n\n\n<figure class=\"wp-block-image size-large\"><img decoding=\"async\" width=\"1024\" height=\"575\" src=\"https:\/\/losperiodistas.com.mx\/portal\/wp-content\/uploads\/2024\/10\/Captura-de-pantalla-2024-10-17-162811-1024x575.png\" alt=\"Luis C\u00e1rdenas Palomino\" class=\"wp-image-88120\" srcset=\"https:\/\/losperiodistas.com.mx\/portal\/wp-content\/uploads\/2024\/10\/Captura-de-pantalla-2024-10-17-162811-1024x575.png 1024w, https:\/\/losperiodistas.com.mx\/portal\/wp-content\/uploads\/2024\/10\/Captura-de-pantalla-2024-10-17-162811-300x168.png 300w, https:\/\/losperiodistas.com.mx\/portal\/wp-content\/uploads\/2024\/10\/Captura-de-pantalla-2024-10-17-162811-768x431.png 768w, https:\/\/losperiodistas.com.mx\/portal\/wp-content\/uploads\/2024\/10\/Captura-de-pantalla-2024-10-17-162811.png 1231w\" sizes=\"(max-width: 1024px) 100vw, 1024px\" \/><figcaption class=\"wp-element-caption\">Luis C\u00e1rdenas Palomino, excolaborador de Garc\u00eda Luna en la SSP.<\/figcaption><\/figure>\n\n\n\n<p>De igual forma, ha sido mencionado en m\u00faltiples declaraciones de Sergio Villarreal Barrag\u00e1n, alias \u2018<strong>El Grande<\/strong>\u2019, y de \u00c9dgar Valdez Villarreal, alias \u2018<strong>La Barbie<\/strong>\u2019, como uno de los participantes en reuniones en las que miembros del C\u00e1rtel de los Beltr\u00e1n Leyva entregaron dinero en efectivo por su protecci\u00f3n.<\/p>\n\n\n\n<p>Actualmente, C\u00e1rdenas Palomino se encuentra <strong>recluido <\/strong>en el Centro Federal de Readaptaci\u00f3n Social (Cefereso) No. 1, mejor conocido como el<strong> Penal del Altiplano<\/strong>, en Almoloya de Ju\u00e1rez, Estado de M\u00e9xico, por el delito de tortura en contra de cuatro presuntos integrantes de la banda de secuestradores identificada como Los Zodiaco.<\/p>\n\n\n\n<h2 class=\"wp-block-heading\">Ram\u00f3n Peque\u00f1o Garc\u00eda<\/h2>\n\n\n\n<p>En esa misma acusaci\u00f3n est\u00e1 se\u00f1alado <strong>Ram\u00f3n Eduardo Peque\u00f1o Garc\u00eda<\/strong>, quien fue el jefe de la Divisi\u00f3n Antidrogas de la Polic\u00eda Federal entre 2009 y 2013, durante los sexenios de Felipe Calder\u00f3n y Enrique Pe\u00f1a Nieto.<\/p>\n\n\n\n<p>Despu\u00e9s de dicha instancia, lleg\u00f3 a la jefatura de la Divisi\u00f3n de Inteligencia, de la cual fue despedido el 15 de julio de 2015 debido a que \u00e9l era <strong>el encargado del monitorear las c\u00e1maras de vigilancia<\/strong> en el Penal del Altiplano justo cuando se fug\u00f3 \u2018<strong>El Chapo<\/strong>\u2019 Guzm\u00e1n.<\/p>\n\n\n\n<figure class=\"wp-block-image size-large\"><img decoding=\"async\" width=\"1024\" height=\"576\" src=\"https:\/\/losperiodistas.com.mx\/portal\/wp-content\/uploads\/2024\/10\/Captura-de-pantalla-2024-10-17-163113-1024x576.png\" alt=\"Peque\u00f1o Garc\u00eda \" class=\"wp-image-88121\" srcset=\"https:\/\/losperiodistas.com.mx\/portal\/wp-content\/uploads\/2024\/10\/Captura-de-pantalla-2024-10-17-163113-1024x576.png 1024w, https:\/\/losperiodistas.com.mx\/portal\/wp-content\/uploads\/2024\/10\/Captura-de-pantalla-2024-10-17-163113-300x169.png 300w, https:\/\/losperiodistas.com.mx\/portal\/wp-content\/uploads\/2024\/10\/Captura-de-pantalla-2024-10-17-163113-768x432.png 768w, https:\/\/losperiodistas.com.mx\/portal\/wp-content\/uploads\/2024\/10\/Captura-de-pantalla-2024-10-17-163113.png 1236w\" sizes=\"(max-width: 1024px) 100vw, 1024px\" \/><figcaption class=\"wp-element-caption\">Peque\u00f1o Garc\u00eda fue identificado como presunto miembro de la red de lavado de dinero coordinada por Genaro Garc\u00eda Luna. (Foto: Cuartoscuro)<\/figcaption><\/figure>\n\n\n\n<p>La Administraci\u00f3n de Control de Drogas de EEUU (DEA) lo identific\u00f3 como uno de los pilares en la red de corrupci\u00f3n y lavado de dinero encabezada por Garc\u00eda Luna y, en 2020, la Unidad de Inteligencia Financiera (<strong>UIF<\/strong>) orden\u00f3 que se bloquearan sus cuentas bancarias. Sin embargo, la instituci\u00f3n mexicana cometi\u00f3 el error de instruir dicha medida <strong>antes de que EEUU pidiera su colaboraci\u00f3n<\/strong>, por lo que el congelamiento de sus activos fue considerado <strong>inconstitucional<\/strong>.<\/p>\n\n\n\n<p>En febrero de 2022 un tribunal federal orden\u00f3 que sus cuentas fueran desbloqueadas y la decisi\u00f3n fue ratificada nueve meses despu\u00e9s. Actualmente, Peque\u00f1o Garc\u00eda <strong>se encuentra pr\u00f3fugo<\/strong>.<\/p>\n\n\n\n<h2 class=\"wp-block-heading\">Iv\u00e1n Reyes Arzate<\/h2>\n\n\n\n<p>Otro jefe policiaco se\u00f1alado por sus nexos con el crimen organizado es <strong>Iv\u00e1n Reyes Arzate, conocido como \u2018La Reina\u2019<\/strong>, quien lleg\u00f3 al puesto de oficial en la Polic\u00eda Federal en 2003 y cinco a\u00f1os despu\u00e9s asumi\u00f3 la titularidad de la <strong>Unidad de Investigaciones Sensibles (UIS)<\/strong>.<\/p>\n\n\n\n<p>Con ese cargo, Reyes Arzate ten\u00eda la encomienda de ser uno de los hombres de mayor confianza para la DEA en suelo mexicano. Sin embargo<strong> aprovech\u00f3 su posici\u00f3n para vender informaci\u00f3n confidencial<\/strong> a grupos criminales como los<strong> Beltr\u00e1n Leyva<\/strong> y el <strong>Seguimiento 39<\/strong>, vinculado con el C\u00e1rtel de Sinaloa.<\/p>\n\n\n\n<figure class=\"wp-block-image size-large\"><img loading=\"lazy\" decoding=\"async\" width=\"1024\" height=\"574\" src=\"https:\/\/losperiodistas.com.mx\/portal\/wp-content\/uploads\/2024\/10\/Captura-de-pantalla-2024-10-17-163455-1024x574.png\" alt=\"Iv\u00e1n Reyes Arzate\" class=\"wp-image-88122\" srcset=\"https:\/\/losperiodistas.com.mx\/portal\/wp-content\/uploads\/2024\/10\/Captura-de-pantalla-2024-10-17-163455-1024x574.png 1024w, https:\/\/losperiodistas.com.mx\/portal\/wp-content\/uploads\/2024\/10\/Captura-de-pantalla-2024-10-17-163455-300x168.png 300w, https:\/\/losperiodistas.com.mx\/portal\/wp-content\/uploads\/2024\/10\/Captura-de-pantalla-2024-10-17-163455-768x430.png 768w, https:\/\/losperiodistas.com.mx\/portal\/wp-content\/uploads\/2024\/10\/Captura-de-pantalla-2024-10-17-163455.png 1235w\" sizes=\"(max-width: 1024px) 100vw, 1024px\" \/><figcaption class=\"wp-element-caption\">\u00abLa Reina\u00bb reconoci\u00f3 que acept\u00f3 sobornos millonarios a cambio de informaci\u00f3n sensible. (Especial\/Twitter)<\/figcaption><\/figure>\n\n\n\n<p>Seg\u00fan investigaciones del Gobierno de EEUU, informaci\u00f3n revelada por \u2018La Reina\u2019 a los Beltr\u00e1n Leyva a cambio de miles de d\u00f3lares permiti\u00f3 en 2016 que el c\u00e1rtel<strong> identificara, torturara y asesinara a una fuente confidencial de la DEA en Miami<\/strong>.<\/p>\n\n\n\n<p>\u2018La Reina\u2019 se entreg\u00f3 a las autoridades de Chicago en marzo de 2017. En 2018 fue sentenciado en esa ciudad a tres a\u00f1os de prisi\u00f3n por obstrucci\u00f3n a la justicia y en enero de 2021, cuando estaba por cumplir su pena, recibi\u00f3 nuevas acusaciones por narcotr\u00e1fico en Nueva York.<\/p>\n\n\n\n<p>En febrero de 2022, el juez Brian Cogan \u2014<em>encargado de las sentencias contra \u2018El Chapo\u2019 y Garc\u00eda Luna<\/em>\u2014 lo<strong> conden\u00f3 a diez a\u00f1os de prisi\u00f3n<\/strong>, luego de que Reyes Arte se declarara culpable.<\/p>\n\n\n\n<h2 class=\"wp-block-heading\">Enrique Bayardo del Villar<\/h2>\n\n\n\n<p>Un personaje que \u2018jugaba\u2019 para tres equipos al mismo tiempo era<strong> \u00c9dgar Enrique Bayardo del Villar<\/strong>, conocido como \u2018<strong>El Tigre<\/strong>\u2019. En 2008 era simult\u00e1neamente comandante de la Polic\u00eda Federal, informante de la DEA y confidente del C\u00e1rtel de Sinaloa.<\/p>\n\n\n\n<figure class=\"wp-block-image size-large\"><img loading=\"lazy\" decoding=\"async\" width=\"1024\" height=\"681\" src=\"https:\/\/losperiodistas.com.mx\/portal\/wp-content\/uploads\/2024\/10\/Captura-de-pantalla-2024-10-17-163750-1024x681.png\" alt=\"Bayardo del Villar\" class=\"wp-image-88123\" srcset=\"https:\/\/losperiodistas.com.mx\/portal\/wp-content\/uploads\/2024\/10\/Captura-de-pantalla-2024-10-17-163750-1024x681.png 1024w, https:\/\/losperiodistas.com.mx\/portal\/wp-content\/uploads\/2024\/10\/Captura-de-pantalla-2024-10-17-163750-300x200.png 300w, https:\/\/losperiodistas.com.mx\/portal\/wp-content\/uploads\/2024\/10\/Captura-de-pantalla-2024-10-17-163750-768x511.png 768w, https:\/\/losperiodistas.com.mx\/portal\/wp-content\/uploads\/2024\/10\/Captura-de-pantalla-2024-10-17-163750.png 1115w\" sizes=\"(max-width: 1024px) 100vw, 1024px\" \/><figcaption class=\"wp-element-caption\">Bayardo del Villar fue ejecutado en una cafeter\u00eda Starbucks de la Benito Ju\u00e1rez. (SA\u00daL L\u00d3PEZ\/CUARTOSCURO)<\/figcaption><\/figure>\n\n\n\n<p>El 20 de octubre de ese a\u00f1o, las fuerzas federales y la Polic\u00eda Metropolitana detuvieron en la colonia Lindavista, de la Ciudad de M\u00e9xico, a <strong>Reynaldo \u2018El Rey\u2019 Zambada Garc\u00eda<\/strong> y <strong>Jes\u00fas Zambada Reyes<\/strong>, hermano y sobrino del \u2018Mayo\u2019, respectivamente. Mientras sicarios y agentes se enfrentaban a tiros, \u2018El Rey\u2019 llam\u00f3 por tel\u00e9fono a Bayardo para pedirle ayuda. Era su infiltrado en la PF.<\/p>\n\n\n\n<p>Cuando agentes de la polic\u00eda capitalina llegaron al lugar, \u2018El Rey\u2019 se pens\u00f3 a salvo, pues ten\u00eda sospechas de que el operativo de la Agencia Federal de Investigaciones (AFI) habr\u00eda sido ordenado por los Beltr\u00e1n Leyva. Sin embargo, alguien lo fotografi\u00f3 \u2014ya detenido\u2014 y le envi\u00f3 la imagen a Arturo Beltr\u00e1n Leyva, quien se encarg\u00f3 de difundirla. Con esto, las autoridades no pudieron hacer nada para liberar a Zambada.<\/p>\n\n\n\n<p>Bayardo del Villar fue detenido d\u00edas despu\u00e9s por su cercan\u00eda con la familia del \u2018Mayo\u2019. Seg\u00fan la informaci\u00f3n disponible, el c\u00e1rtel le pagaba <strong>25 mil d\u00f3lares mensuales<\/strong> a cambio de informaci\u00f3n y protecci\u00f3n. En diciembre de 2008 se convirti\u00f3 en testigo protegido de la entonces Procuradur\u00eda General de la Rep\u00fablica (<strong>PGR<\/strong>), pero un a\u00f1o despu\u00e9s, en diciembre de 2009,<strong> fue ejecutado mientras desayunaba<\/strong> en una cafeter\u00eda de la alcald\u00eda Benito Ju\u00e1rez.<\/p>\n\n\n\n<p>Fuente: <a href=\"https:\/\/www.infobae.com\/mexico\/2024\/10\/17\/esta-es-la-red-de-mandos-policiacos-que-protegieron-al-cartel-de-sinaloa-bajo-el-mando-de-genaro-garcia-luna\/\" target=\"_blank\" rel=\"noreferrer noopener\">Infobae<\/a><\/p>\n","protected":false},"excerpt":{"rendered":"<p>El extitular de la Secretar\u00eda de Seguridad P\u00fablica fue sentenciado a casi cuatro d\u00e9cadas de prisi\u00f3n por sus nexos con el narcotr\u00e1fico<\/p>\n","protected":false},"author":1,"featured_media":88119,"comment_status":"open","ping_status":"open","sticky":false,"template":"","format":"standard","meta":{"site-sidebar-layout":"default","site-content-layout":"","ast-site-content-layout":"default","site-content-style":"default","site-sidebar-style":"default","ast-global-header-display":"","ast-banner-title-visibility":"","ast-main-header-display":"","ast-hfb-above-header-display":"","ast-hfb-below-header-display":"","ast-hfb-mobile-header-display":"","site-post-title":"","ast-breadcrumbs-content":"","ast-featured-img":"","footer-sml-layout":"","theme-transparent-header-meta":"","adv-header-id-meta":"","stick-header-meta":"","header-above-stick-meta":"","header-main-stick-meta":"","header-below-stick-meta":"","astra-migrate-meta-layouts":"default","ast-page-background-enabled":"default","ast-page-background-meta":{"desktop":{"background-color":"var(--ast-global-color-4)","background-image":"","background-repeat":"repeat","background-position":"center center","background-size":"auto","background-attachment":"scroll","background-type":"","background-media":"","overlay-type":"","overlay-color":"","overlay-opacity":"","overlay-gradient":""},"tablet":{"background-color":"","background-image":"","background-repeat":"repeat","background-position":"center center","background-size":"auto","background-attachment":"scroll","background-type":"","background-media":"","overlay-type":"","overlay-color":"","overlay-opacity":"","overlay-gradient":""},"mobile":{"background-color":"","background-image":"","background-repeat":"repeat","background-position":"center center","background-size":"auto","background-attachment":"scroll","background-type":"","background-media":"","overlay-type":"","overlay-color":"","overlay-opacity":"","overlay-gradient":""}},"ast-content-background-meta":{"desktop":{"background-color":"var(--ast-global-color-5)","background-image":"","background-repeat":"repeat","background-position":"center center","background-size":"auto","background-attachment":"scroll","background-type":"","background-media":"","overlay-type":"","overlay-color":"","overlay-opacity":"","overlay-gradient":""},"tablet":{"background-color":"var(--ast-global-color-5)","background-image":"","background-repeat":"repeat","background-position":"center center","background-size":"auto","background-attachment":"scroll","background-type":"","background-media":"","overlay-type":"","overlay-color":"","overlay-opacity":"","overlay-gradient":""},"mobile":{"background-color":"var(--ast-global-color-5)","background-image":"","background-repeat":"repeat","background-position":"center center","background-size":"auto","background-attachment":"scroll","background-type":"","background-media":"","overlay-type":"","overlay-color":"","overlay-opacity":"","overlay-gradient":""}},"footnotes":""},"categories":[8],"tags":[1392,105,7016,14912,2428,18141],"class_list":["post-88118","post","type-post","status-publish","format-standard","has-post-thumbnail","hentry","category-noticias","tag-cartel-de-sinaloa-2","tag-el-chapo-guzman","tag-el-mayo-zambada","tag-garcia-luna","tag-narcotrafico","tag-ssp"],"_links":{"self":[{"href":"https:\/\/losperiodistas.com.mx\/portal\/wp-json\/wp\/v2\/posts\/88118","targetHints":{"allow":["GET"]}}],"collection":[{"href":"https:\/\/losperiodistas.com.mx\/portal\/wp-json\/wp\/v2\/posts"}],"about":[{"href":"https:\/\/losperiodistas.com.mx\/portal\/wp-json\/wp\/v2\/types\/post"}],"author":[{"embeddable":true,"href":"https:\/\/losperiodistas.com.mx\/portal\/wp-json\/wp\/v2\/users\/1"}],"replies":[{"embeddable":true,"href":"https:\/\/losperiodistas.com.mx\/portal\/wp-json\/wp\/v2\/comments?post=88118"}],"version-history":[{"count":1,"href":"https:\/\/losperiodistas.com.mx\/portal\/wp-json\/wp\/v2\/posts\/88118\/revisions"}],"predecessor-version":[{"id":88124,"href":"https:\/\/losperiodistas.com.mx\/portal\/wp-json\/wp\/v2\/posts\/88118\/revisions\/88124"}],"wp:featuredmedia":[{"embeddable":true,"href":"https:\/\/losperiodistas.com.mx\/portal\/wp-json\/wp\/v2\/media\/88119"}],"wp:attachment":[{"href":"https:\/\/losperiodistas.com.mx\/portal\/wp-json\/wp\/v2\/media?parent=88118"}],"wp:term":[{"taxonomy":"category","embeddable":true,"href":"https:\/\/losperiodistas.com.mx\/portal\/wp-json\/wp\/v2\/categories?post=88118"},{"taxonomy":"post_tag","embeddable":true,"href":"https:\/\/losperiodistas.com.mx\/portal\/wp-json\/wp\/v2\/tags?post=88118"}],"curies":[{"name":"wp","href":"https:\/\/api.w.org\/{rel}","templated":true}]}}