{"id":88115,"date":"2024-10-17T16:26:34","date_gmt":"2024-10-17T21:26:34","guid":{"rendered":"http:\/\/losperiodistas.com.mx\/portal\/?p=88115"},"modified":"2024-10-17T16:26:36","modified_gmt":"2024-10-17T21:26:36","slug":"si-hay-hoyo-financiero-en-la-ciudad-de-puebla","status":"publish","type":"post","link":"https:\/\/losperiodistas.com.mx\/portal\/si-hay-hoyo-financiero-en-la-ciudad-de-puebla\/","title":{"rendered":"S\u00ed hay un hoyo financiero en la ciudad de Puebla y ronda entre los 450 y 600 mdp: Chedraui | LJO"},"content":{"rendered":"\n<p>Entre 450 y 680 millones de pesos es a la suma que podr\u00eda ascender el hoyo financiero que recibi\u00f3 la administraci\u00f3n municipal entrante seg\u00fan la propia informaci\u00f3n que dej\u00f3 el gobierno, estim\u00f3 Jos\u00e9 Chedraui Budib, alcalde de la ciudad de Puebla.<\/p>\n\n\n\n<figure class=\"wp-block-image size-large\"><img fetchpriority=\"high\" decoding=\"async\" width=\"1024\" height=\"676\" src=\"https:\/\/losperiodistas.com.mx\/portal\/wp-content\/uploads\/2024\/10\/Captura-de-pantalla-2024-10-17-152152-1024x676.png\" alt=\"Pepe Chedraui\" class=\"wp-image-88116\" srcset=\"https:\/\/losperiodistas.com.mx\/portal\/wp-content\/uploads\/2024\/10\/Captura-de-pantalla-2024-10-17-152152-1024x676.png 1024w, https:\/\/losperiodistas.com.mx\/portal\/wp-content\/uploads\/2024\/10\/Captura-de-pantalla-2024-10-17-152152-300x198.png 300w, https:\/\/losperiodistas.com.mx\/portal\/wp-content\/uploads\/2024\/10\/Captura-de-pantalla-2024-10-17-152152-768x507.png 768w, https:\/\/losperiodistas.com.mx\/portal\/wp-content\/uploads\/2024\/10\/Captura-de-pantalla-2024-10-17-152152.png 1290w\" sizes=\"(max-width: 1024px) 100vw, 1024px\" \/><figcaption class=\"wp-element-caption\">Pepe Chedraui<\/figcaption><\/figure>\n\n\n\n<p class=\"has-vivid-red-color has-text-color has-link-color wp-elements-0bccdbb976e85d12d1b96360b22dbe99\">Efra\u00edn N\u00fa\u00f1ez \/ La Jornada de Oriente<\/p>\n\n\n\n<p>En entrevista el presidente municipal afirm\u00f3 que en las pr\u00f3ximas horas se reunir\u00e1 con su gabinete para tener una claridad sobre la situaci\u00f3n financiera del municipio y posteriormente se har\u00e1 p\u00fablico.<\/p>\n\n\n\n<blockquote class=\"wp-block-quote is-layout-flow wp-block-quote-is-layout-flow\">\n<p>\u201cAyer firmamos el proceso entrega-recepci\u00f3n. En la tarde tengo reuni\u00f3n con mi equipo para tener un poco m\u00e1s de certeza para saber c\u00f3mo estamos, con qu\u00e9 podemos contar. S\u00ed existe un hoyo financiero, lo dijeron ellos, desgraciadamente lo dijeron tarde\u201d, EXPUSO.<\/p>\n<\/blockquote>\n\n\n\n<p>Reiter\u00f3 que su gobierno no solapar\u00e1 estas anomal\u00edas financieras, por lo que habr\u00e1 \u201cmano firme\u201d aunque no persecuci\u00f3n.<\/p>\n\n\n\n<p>Destac\u00f3 que no quiere adelantarse hasta tener la informaci\u00f3n concreta, la cual estar\u00e1 lista en los pr\u00f3ximos d\u00edas despu\u00e9s de que se haga el an\u00e1lisis correspondiente.<\/p>\n\n\n\n<blockquote class=\"wp-block-quote is-layout-flow wp-block-quote-is-layout-flow\">\n<p>\u201cNecesitamos unos d\u00edas para poder tener certeza y por supuesto que lo voy a comunicar sin duda\u201d, subray\u00f3 el alcalde.\u00a0<\/p>\n\n\n\n<p>Fuente: <a href=\"https:\/\/www.lajornadadeoriente.com.mx\/puebla\/si-hay-un-hoyo-financiero-en-la-ciudad-de-puebla-y-ronda-entre-los-450-y-600-mdp-chedraui\/\">La J<\/a><a href=\"https:\/\/www.lajornadadeoriente.com.mx\/puebla\/si-hay-un-hoyo-financiero-en-la-ciudad-de-puebla-y-ronda-entre-los-450-y-600-mdp-chedraui\/\" target=\"_blank\" rel=\"noreferrer noopener\">ornada de Oriente<\/a><\/p>\n<\/blockquote>\n","protected":false},"excerpt":{"rendered":"<p>Entre 450 y 680 millones de pesos es a la suma que podr\u00eda ascender el hoyo financiero que recibi\u00f3 la administraci\u00f3n municipal entrante seg\u00fan la propia informaci\u00f3n que dej\u00f3 el gobierno, estim\u00f3 Jos\u00e9 Chedraui Budib, alcalde de la ciudad de Puebla.<\/p>\n","protected":false},"author":1,"featured_media":88116,"comment_status":"open","ping_status":"open","sticky":false,"template":"","format":"standard","meta":{"site-sidebar-layout":"default","site-content-layout":"","ast-site-content-layout":"default","site-content-style":"default","site-sidebar-style":"default","ast-global-header-display":"","ast-banner-title-visibility":"","ast-main-header-display":"","ast-hfb-above-header-display":"","ast-hfb-below-header-display":"","ast-hfb-mobile-header-display":"","site-post-title":"","ast-breadcrumbs-content":"","ast-featured-img":"","footer-sml-layout":"","theme-transparent-header-meta":"","adv-header-id-meta":"","stick-header-meta":"","header-above-stick-meta":"","header-main-stick-meta":"","header-below-stick-meta":"","astra-migrate-meta-layouts":"default","ast-page-background-enabled":"default","ast-page-background-meta":{"desktop":{"background-color":"var(--ast-global-color-4)","background-image":"","background-repeat":"repeat","background-position":"center center","background-size":"auto","background-attachment":"scroll","background-type":"","background-media":"","overlay-type":"","overlay-color":"","overlay-opacity":"","overlay-gradient":""},"tablet":{"background-color":"","background-image":"","background-repeat":"repeat","background-position":"center center","background-size":"auto","background-attachment":"scroll","background-type":"","background-media":"","overlay-type":"","overlay-color":"","overlay-opacity":"","overlay-gradient":""},"mobile":{"background-color":"","background-image":"","background-repeat":"repeat","background-position":"center center","background-size":"auto","background-attachment":"scroll","background-type":"","background-media":"","overlay-type":"","overlay-color":"","overlay-opacity":"","overlay-gradient":""}},"ast-content-background-meta":{"desktop":{"background-color":"var(--ast-global-color-5)","background-image":"","background-repeat":"repeat","background-position":"center center","background-size":"auto","background-attachment":"scroll","background-type":"","background-media":"","overlay-type":"","overlay-color":"","overlay-opacity":"","overlay-gradient":""},"tablet":{"background-color":"var(--ast-global-color-5)","background-image":"","background-repeat":"repeat","background-position":"center center","background-size":"auto","background-attachment":"scroll","background-type":"","background-media":"","overlay-type":"","overlay-color":"","overlay-opacity":"","overlay-gradient":""},"mobile":{"background-color":"var(--ast-global-color-5)","background-image":"","background-repeat":"repeat","background-position":"center center","background-size":"auto","background-attachment":"scroll","background-type":"","background-media":"","overlay-type":"","overlay-color":"","overlay-opacity":"","overlay-gradient":""}},"footnotes":""},"categories":[8],"tags":[191,15969,14193],"class_list":["post-88115","post","type-post","status-publish","format-standard","has-post-thumbnail","hentry","category-noticias","tag-ayuntamiento-de-puebla","tag-hoyo-financiero","tag-pepe-chedraui"],"_links":{"self":[{"href":"https:\/\/losperiodistas.com.mx\/portal\/wp-json\/wp\/v2\/posts\/88115","targetHints":{"allow":["GET"]}}],"collection":[{"href":"https:\/\/losperiodistas.com.mx\/portal\/wp-json\/wp\/v2\/posts"}],"about":[{"href":"https:\/\/losperiodistas.com.mx\/portal\/wp-json\/wp\/v2\/types\/post"}],"author":[{"embeddable":true,"href":"https:\/\/losperiodistas.com.mx\/portal\/wp-json\/wp\/v2\/users\/1"}],"replies":[{"embeddable":true,"href":"https:\/\/losperiodistas.com.mx\/portal\/wp-json\/wp\/v2\/comments?post=88115"}],"version-history":[{"count":1,"href":"https:\/\/losperiodistas.com.mx\/portal\/wp-json\/wp\/v2\/posts\/88115\/revisions"}],"predecessor-version":[{"id":88117,"href":"https:\/\/losperiodistas.com.mx\/portal\/wp-json\/wp\/v2\/posts\/88115\/revisions\/88117"}],"wp:featuredmedia":[{"embeddable":true,"href":"https:\/\/losperiodistas.com.mx\/portal\/wp-json\/wp\/v2\/media\/88116"}],"wp:attachment":[{"href":"https:\/\/losperiodistas.com.mx\/portal\/wp-json\/wp\/v2\/media?parent=88115"}],"wp:term":[{"taxonomy":"category","embeddable":true,"href":"https:\/\/losperiodistas.com.mx\/portal\/wp-json\/wp\/v2\/categories?post=88115"},{"taxonomy":"post_tag","embeddable":true,"href":"https:\/\/losperiodistas.com.mx\/portal\/wp-json\/wp\/v2\/tags?post=88115"}],"curies":[{"name":"wp","href":"https:\/\/api.w.org\/{rel}","templated":true}]}}