{"id":88108,"date":"2024-10-17T14:38:52","date_gmt":"2024-10-17T19:38:52","guid":{"rendered":"http:\/\/losperiodistas.com.mx\/portal\/?p=88108"},"modified":"2024-10-17T14:38:54","modified_gmt":"2024-10-17T19:38:54","slug":"en-cada-gobierno-aumentan-delitos-pero-bajan-investigaciones","status":"publish","type":"post","link":"https:\/\/losperiodistas.com.mx\/portal\/en-cada-gobierno-aumentan-delitos-pero-bajan-investigaciones\/","title":{"rendered":"En cada gobierno aumentan delitos, pero bajan las investigaciones: Jos\u00e9 Oth\u00f3n Bailleres | E-Consulta"},"content":{"rendered":"\n<p>Oth\u00f3n Bailleres, excoordinador de agentes del MP, elabor\u00f3 una estad\u00edstica para demostrar el n\u00famero de carpetas concluidas<\/p>\n\n\n\n<figure class=\"wp-block-image size-large\"><img fetchpriority=\"high\" decoding=\"async\" width=\"1024\" height=\"679\" src=\"https:\/\/losperiodistas.com.mx\/portal\/wp-content\/uploads\/2024\/10\/Captura-de-pantalla-2024-10-17-132606-1024x679.png\" alt=\"Jos\u00e9 Oth\u00f3n Bailleres\" class=\"wp-image-88109\" srcset=\"https:\/\/losperiodistas.com.mx\/portal\/wp-content\/uploads\/2024\/10\/Captura-de-pantalla-2024-10-17-132606-1024x679.png 1024w, https:\/\/losperiodistas.com.mx\/portal\/wp-content\/uploads\/2024\/10\/Captura-de-pantalla-2024-10-17-132606-300x199.png 300w, https:\/\/losperiodistas.com.mx\/portal\/wp-content\/uploads\/2024\/10\/Captura-de-pantalla-2024-10-17-132606-768x509.png 768w, https:\/\/losperiodistas.com.mx\/portal\/wp-content\/uploads\/2024\/10\/Captura-de-pantalla-2024-10-17-132606.png 1062w\" sizes=\"(max-width: 1024px) 100vw, 1024px\" \/><figcaption class=\"wp-element-caption\">Foto: e-consulta<\/figcaption><\/figure>\n\n\n\n<p class=\"has-vivid-red-color has-text-color has-link-color wp-elements-19007db53ad25e0558c0421ee8babf02\">Carlos Moreno \/ E-Consulta<\/p>\n\n\n\n<p>Siete de cada 10 personas, v\u00edctimas de un delito en Puebla, <strong>no denuncian<\/strong> ante el <strong>Ministerio P\u00fablico<\/strong> ya que el tr\u00e1mite es laborioso y <strong>tarda hasta ocho horas<\/strong>, asever\u00f3 <strong>Jos\u00e9 Oth\u00f3n Bailleres Carriles<\/strong>, excoordinador de agentes de Ministerios P\u00fablicos del Distrito Judicial de Tehuac\u00e1n y exsubprocurador regional de Justicia Zona Sur, de la entonces <strong>Procuradur\u00eda General de Justicia<\/strong>.<\/p>\n\n\n\n<p>En entrevista en el programa <a href=\"https:\/\/youtube.com\/playlist?list=PLWZoQeiAdq5QsKOBL44Lb9u4HLTHIWXCS&amp;si=fS0d2VGFBMDnAsE0\" target=\"_blank\" rel=\"noreferrer noopener\">Cuchara Cuchillo Tenedor<\/a>, <strong>Jos\u00e9 Oth\u00f3n Bailleres<\/strong>, quien tambi\u00e9n fue diputado local, present\u00f3 un an\u00e1lisis en el que se pudo concluir que la <strong>efectividad de la FGE<\/strong> para terminar una carpeta de investigaci\u00f3n ha disminuido en cada administraci\u00f3n estatal.<\/p>\n\n\n\n<p>En dicho estudio que <strong>\u00e9l mismo realiz\u00f3<\/strong>, indica que en los gobiernos del PRI con <strong>Manuel Bartlett D\u00edaz<\/strong>, <strong>Melquiades Morales Flores<\/strong> y <strong>Mario Mar\u00edn Torres<\/strong>, la efectividad de la fiscal\u00eda para concluir una carpeta de investigaci\u00f3n era, en promedio, del <strong>20 por ciento<\/strong>.<\/p>\n\n\n\n<figure class=\"wp-block-embed is-type-video is-provider-youtube wp-block-embed-youtube wp-embed-aspect-16-9 wp-has-aspect-ratio\"><div class=\"wp-block-embed__wrapper\">\n<iframe title=\"Cuando te tengas que decantar por la justicia o la legalidad, opta por la legalidad: Jos\u00e9 Oth\u00f3n B\u2026\" width=\"500\" height=\"281\" src=\"https:\/\/www.youtube.com\/embed\/n0wH6OZNN5Q?feature=oembed\" frameborder=\"0\" allow=\"accelerometer; autoplay; clipboard-write; encrypted-media; gyroscope; picture-in-picture; web-share\" referrerpolicy=\"strict-origin-when-cross-origin\" allowfullscreen><\/iframe>\n<\/div><\/figure>\n\n\n\n<p>Una vez que el PAN lleg\u00f3 al poder, con <strong>Rafael Moreno Valle Rosas<\/strong>, el porcentaje de carpetas de investigaci\u00f3n <strong>comenz\u00f3 a disminuir<\/strong>: en el periodo de 2011 a 2016, solo el <strong>14 por ciento<\/strong> de los <strong>74 mil 660 delitos<\/strong> anuales que en promedio se denunciaron fueron consignados.<\/p>\n\n\n\n<p>En la segunda gesti\u00f3n panista, en que gobern\u00f3 <strong>Antonio Gali Fayad<\/strong>, de 2017 a 2018, solo el <strong>8 por ciento<\/strong> de las <strong>57 mil 500 denuncias<\/strong> anuales fueron consignadas.<\/p>\n\n\n\n<figure class=\"wp-block-image aligncenter size-full\"><img decoding=\"async\" width=\"729\" height=\"910\" src=\"https:\/\/losperiodistas.com.mx\/portal\/wp-content\/uploads\/2024\/10\/Captura-de-pantalla-2024-10-17-133147.png\" alt=\"\" class=\"wp-image-88110\" srcset=\"https:\/\/losperiodistas.com.mx\/portal\/wp-content\/uploads\/2024\/10\/Captura-de-pantalla-2024-10-17-133147.png 729w, https:\/\/losperiodistas.com.mx\/portal\/wp-content\/uploads\/2024\/10\/Captura-de-pantalla-2024-10-17-133147-240x300.png 240w\" sizes=\"(max-width: 729px) 100vw, 729px\" \/><\/figure>\n\n\n\n<p>Para el gobierno interino de <strong>Guillermo Pacheco Pulido<\/strong> la cifra de carpetas de investigaci\u00f3n que atendieron fue del <strong>9 por ciento<\/strong> de las 76 mil 556 presentadas en 2019.<\/p>\n\n\n\n<p>La cifra volvi\u00f3 a bajar durante la primera administraci\u00f3n morenista, la de <strong>Miguel Barbosa Huerta<\/strong>, ya que la <strong>Fiscal\u00eda General del Estado<\/strong> contabiliz\u00f3 \u2014entre 2020 y 2022\u2014 <strong>5 mil 770 denuncias<\/strong> en promedio anual, de las que solo el <strong>8 por ciento<\/strong> terminaron en carpetas de investigaci\u00f3n.<\/p>\n\n\n\n<figure class=\"wp-block-image aligncenter size-full\"><img decoding=\"async\" width=\"719\" height=\"654\" src=\"https:\/\/losperiodistas.com.mx\/portal\/wp-content\/uploads\/2024\/10\/imagen-5.png\" alt=\"\" class=\"wp-image-88112\" srcset=\"https:\/\/losperiodistas.com.mx\/portal\/wp-content\/uploads\/2024\/10\/imagen-5.png 719w, https:\/\/losperiodistas.com.mx\/portal\/wp-content\/uploads\/2024\/10\/imagen-5-300x273.png 300w, https:\/\/losperiodistas.com.mx\/portal\/wp-content\/uploads\/2024\/10\/imagen-5-396x360.png 396w\" sizes=\"(max-width: 719px) 100vw, 719px\" \/><\/figure>\n\n\n\n<p>En la actual gesti\u00f3n del tambi\u00e9n morenista, <strong>Sergio Salom\u00f3n C\u00e9spedes Peregrina, <\/strong>el n\u00famero de denuncias atendidas se mantiene en el mismo porcentaje que hubo en el mandato de <strong>Miguel Barbosa<\/strong>.<\/p>\n\n\n\n<p>De las 78 mil 407 denuncias iniciadas, solo <strong>el 8 por ciento han sido concluidas<\/strong>, de acuerdo con el acumulado de datos que present\u00f3 el exsubprocurador regional de Justicia Zona Sur, de la entonces <strong>Procuradur\u00eda General de Justicia<\/strong>.<\/p>\n\n\n\n<p><strong>Bailleres Carriles <\/strong>detall\u00f3 en la entrevista que las <a href=\"https:\/\/www.e-consulta.com\/nota\/2024-03-08\/seguridad\/dos-meses-de-2024-y-aumentan-denuncias-de-abuso-feminicidio-y-violencia\" target=\"_blank\" rel=\"noreferrer noopener\">cifras<\/a> correspondientes de <strong>1993 a 2014 <\/strong>se obtuvieron a trav\u00e9s de archivos de la <strong>FGE<\/strong>, ya que \u00fanicamente se encuentran disponibles de manera p\u00fablica los datos de 2015 hasta el d\u00eda de hoy. (CR)<\/p>\n\n\n\n<p>Fuente: <a href=\"https:\/\/www.e-consulta.com\/nota\/2024-10-16\/politica\/en-cada-gobierno-aumentan-delitos-pero-bajan-las-investigaciones\" target=\"_blank\" rel=\"noreferrer noopener\">E-Consulta<\/a><\/p>\n","protected":false},"excerpt":{"rendered":"<p>Oth\u00f3n Bailleres, excoordinador de agentes del MP, elabor\u00f3 una estad\u00edstica para demostrar el n\u00famero de carpetas concluidas<\/p>\n","protected":false},"author":1,"featured_media":88109,"comment_status":"open","ping_status":"open","sticky":false,"template":"","format":"standard","meta":{"site-sidebar-layout":"default","site-content-layout":"","ast-site-content-layout":"default","site-content-style":"default","site-sidebar-style":"default","ast-global-header-display":"","ast-banner-title-visibility":"","ast-main-header-display":"","ast-hfb-above-header-display":"","ast-hfb-below-header-display":"","ast-hfb-mobile-header-display":"","site-post-title":"","ast-breadcrumbs-content":"","ast-featured-img":"","footer-sml-layout":"","theme-transparent-header-meta":"","adv-header-id-meta":"","stick-header-meta":"","header-above-stick-meta":"","header-main-stick-meta":"","header-below-stick-meta":"","astra-migrate-meta-layouts":"default","ast-page-background-enabled":"default","ast-page-background-meta":{"desktop":{"background-color":"var(--ast-global-color-4)","background-image":"","background-repeat":"repeat","background-position":"center center","background-size":"auto","background-attachment":"scroll","background-type":"","background-media":"","overlay-type":"","overlay-color":"","overlay-opacity":"","overlay-gradient":""},"tablet":{"background-color":"","background-image":"","background-repeat":"repeat","background-position":"center center","background-size":"auto","background-attachment":"scroll","background-type":"","background-media":"","overlay-type":"","overlay-color":"","overlay-opacity":"","overlay-gradient":""},"mobile":{"background-color":"","background-image":"","background-repeat":"repeat","background-position":"center center","background-size":"auto","background-attachment":"scroll","background-type":"","background-media":"","overlay-type":"","overlay-color":"","overlay-opacity":"","overlay-gradient":""}},"ast-content-background-meta":{"desktop":{"background-color":"var(--ast-global-color-5)","background-image":"","background-repeat":"repeat","background-position":"center center","background-size":"auto","background-attachment":"scroll","background-type":"","background-media":"","overlay-type":"","overlay-color":"","overlay-opacity":"","overlay-gradient":""},"tablet":{"background-color":"var(--ast-global-color-5)","background-image":"","background-repeat":"repeat","background-position":"center center","background-size":"auto","background-attachment":"scroll","background-type":"","background-media":"","overlay-type":"","overlay-color":"","overlay-opacity":"","overlay-gradient":""},"mobile":{"background-color":"var(--ast-global-color-5)","background-image":"","background-repeat":"repeat","background-position":"center center","background-size":"auto","background-attachment":"scroll","background-type":"","background-media":"","overlay-type":"","overlay-color":"","overlay-opacity":"","overlay-gradient":""}},"footnotes":""},"categories":[8],"tags":[31647,17751,7731,7627,31646,31648,31649],"class_list":["post-88108","post","type-post","status-publish","format-standard","has-post-thumbnail","hentry","category-noticias","tag-carpetas-de-investigacion","tag-cuchara-cuchillo-tenedor","tag-fge","tag-incidencia-delictiva","tag-jose-othon-bailleres","tag-ministerios-publicos","tag-pgj"],"_links":{"self":[{"href":"https:\/\/losperiodistas.com.mx\/portal\/wp-json\/wp\/v2\/posts\/88108","targetHints":{"allow":["GET"]}}],"collection":[{"href":"https:\/\/losperiodistas.com.mx\/portal\/wp-json\/wp\/v2\/posts"}],"about":[{"href":"https:\/\/losperiodistas.com.mx\/portal\/wp-json\/wp\/v2\/types\/post"}],"author":[{"embeddable":true,"href":"https:\/\/losperiodistas.com.mx\/portal\/wp-json\/wp\/v2\/users\/1"}],"replies":[{"embeddable":true,"href":"https:\/\/losperiodistas.com.mx\/portal\/wp-json\/wp\/v2\/comments?post=88108"}],"version-history":[{"count":1,"href":"https:\/\/losperiodistas.com.mx\/portal\/wp-json\/wp\/v2\/posts\/88108\/revisions"}],"predecessor-version":[{"id":88113,"href":"https:\/\/losperiodistas.com.mx\/portal\/wp-json\/wp\/v2\/posts\/88108\/revisions\/88113"}],"wp:featuredmedia":[{"embeddable":true,"href":"https:\/\/losperiodistas.com.mx\/portal\/wp-json\/wp\/v2\/media\/88109"}],"wp:attachment":[{"href":"https:\/\/losperiodistas.com.mx\/portal\/wp-json\/wp\/v2\/media?parent=88108"}],"wp:term":[{"taxonomy":"category","embeddable":true,"href":"https:\/\/losperiodistas.com.mx\/portal\/wp-json\/wp\/v2\/categories?post=88108"},{"taxonomy":"post_tag","embeddable":true,"href":"https:\/\/losperiodistas.com.mx\/portal\/wp-json\/wp\/v2\/tags?post=88108"}],"curies":[{"name":"wp","href":"https:\/\/api.w.org\/{rel}","templated":true}]}}