{"id":88105,"date":"2024-10-17T13:59:21","date_gmt":"2024-10-17T18:59:21","guid":{"rendered":"http:\/\/losperiodistas.com.mx\/portal\/?p=88105"},"modified":"2024-10-17T13:59:23","modified_gmt":"2024-10-17T18:59:23","slug":"calderon-responde-a-marko-cortes-y-lo-apoda-el-3m","status":"publish","type":"post","link":"https:\/\/losperiodistas.com.mx\/portal\/calderon-responde-a-marko-cortes-y-lo-apoda-el-3m\/","title":{"rendered":"Felipe Calder\u00f3n responde a Marko Cort\u00e9s y lo apoda \u2018El 3M\u2019: \u2018Por Marko, mediocre y miserable\u2019 | EF"},"content":{"rendered":"\n<p>A pesar de que es se\u00f1alado por su guerra contra el narco y el caso Garc\u00eda Luna, Felipe Calder\u00f3n asegur\u00f3 que su Gobierno decidi\u00f3 combatir a los criminales \u2018y no me arrepiento\u2019.<\/p>\n\n\n\n<figure class=\"wp-block-image size-large\"><img fetchpriority=\"high\" decoding=\"async\" width=\"1024\" height=\"575\" src=\"https:\/\/losperiodistas.com.mx\/portal\/wp-content\/uploads\/2024\/10\/Captura-de-pantalla-2024-10-17-125103-1024x575.png\" alt=\"Felipe Calder\u00f3n y Marko Cort\u00e9s\" class=\"wp-image-88106\" srcset=\"https:\/\/losperiodistas.com.mx\/portal\/wp-content\/uploads\/2024\/10\/Captura-de-pantalla-2024-10-17-125103-1024x575.png 1024w, https:\/\/losperiodistas.com.mx\/portal\/wp-content\/uploads\/2024\/10\/Captura-de-pantalla-2024-10-17-125103-300x168.png 300w, https:\/\/losperiodistas.com.mx\/portal\/wp-content\/uploads\/2024\/10\/Captura-de-pantalla-2024-10-17-125103-768x431.png 768w, https:\/\/losperiodistas.com.mx\/portal\/wp-content\/uploads\/2024\/10\/Captura-de-pantalla-2024-10-17-125103.png 1325w\" sizes=\"(max-width: 1024px) 100vw, 1024px\" \/><figcaption class=\"wp-element-caption\">Felipe Calder\u00f3n critic\u00f3 la falta de liderazgo del dirigente del PAN, Marko Cort\u00e9s. Foto: Facebook y cuartoscuro <\/figcaption><\/figure>\n\n\n\n<p class=\"has-vivid-red-color has-text-color has-link-color wp-elements-a68306f67cfbf02182b3a4bfb1a33190\">Redacci\u00f3n \/ El Financiero<\/p>\n\n\n\n<p>El expresidente de M\u00e9xico, Felipe Calder\u00f3n, se lanz\u00f3 este jueves 17 de octubre contra el dirigente del PAN, Marko Cortes, qien le exigi\u00f3 una explicaci\u00f3n sobre si estaba enterado de las actividades delictivas de su exsecretario de Seguridad P\u00fablica,<strong> Genaro Garc\u00eda Luna.<\/strong><\/p>\n\n\n\n<p><em>\u201c\u00bfQu\u00e9 hace el PAN? Deslindarse de sus gobiernos, lo cual es un error estrat\u00e9gico incre\u00edble. Eso habla de un liderazgo que ha arruinado al PAN completamente (&#8230;) De Marko, pues bueno, por eso le dicen el 3M \u00bfno? <strong>Por Marko, mediocre y miserable<\/strong>\u201d<\/em>, dijo Felipe Calder\u00f3n en entrevista para <em>Grupo F\u00f3rmula<\/em>.<\/p>\n\n\n\n<p>Calder\u00f3n admiti\u00f3 que su Gobierno tuvo defectos, manchas y se\u00f1alamientos, como es el caso de Garc\u00eda Luna; sin embargo, asegur\u00f3 que en su administraci\u00f3n <strong>combati\u00f3 al crimen organizado y defendi\u00f3 a los mexicanos<\/strong>.<\/p>\n\n\n\n<p>\u201cTenemos un mont\u00f3n de cartas credenciales que nos acreditan como buenos gobiernos, tambi\u00e9n con defectos, manchas y se\u00f1alamientos, como es el propio de Genaro (Garc\u00eda Luna), pero a\u00fan en tema de Seguridad nosotros si combat\u00edamos a la delincuencia,<strong> nos enfrent\u00e1bamos a los criminales, arriesg\u00e1bamos nuestras vidas y defend\u00edamos a la gente<\/strong>\u201d, asever\u00f3.<\/p>\n\n\n\n<p>Este mi\u00e9rcoles 16 de octubre, Genaro Garc\u00eda Luna fue condenado en un tribunal de Nueva York a m\u00e1s de 38 a\u00f1os de c\u00e1rcel, adem\u00e1s deber\u00e1 de pagar dos millones de d\u00f3lares de multa por <strong>delitos de narcotr\u00e1fico<\/strong>, colaboraci\u00f3n con el crimen organizado (el Cartel de Sinaloa) y por falso testimonio ante las autoridades estadounidenses.<\/p>\n\n\n\n<h2 class=\"wp-block-heading\">\u2018Se ha agravado la seguridad del pa\u00eds\u2019: Felipe Calder\u00f3n<\/h2>\n\n\n\n<p>Aunque Calder\u00f3n reconoci\u00f3 los trabajos que realiz\u00f3 durante su administraci\u00f3n, lament\u00f3 que los gobiernos que lo sucedieron <strong>hayan abandonado su responsabilidad de combatir al crimen organizado<\/strong>.<\/p>\n\n\n\n<p>\u201cEl tema medular de M\u00e9xico es la seguridad y que a mi juicio se ha agravado (&#8230;) y m\u00e1s all\u00e1 de matices, palabras, sigue un dilema fundamental para cualquier gobernante de cualquier nivel. Solo hay dos opciones: O lo enfrentas o abdicas a los criminales, yo decid\u00ed enfrentarlos con aciertos y con errores, pero era lo correcto\u201d, sostuvo.<\/p>\n\n\n\n<p>Agreg\u00f3 que, \u201cdesde hace 12 a\u00f1os se dijo que la estrategia era mala y desde hace 12 a\u00f1os se dijo que iban a cambiar de estrategia y efectivamente cambiaron porque abandonaron muchas cosas de las que hicimos de informaci\u00f3n, inteligencia, se desapareci\u00f3 la Secretaria de Seguridad P\u00fablica, se quitaron muchos centros de investigaci\u00f3n. El problema sigue m\u00e1s grande\u201d, lament\u00f3.<\/p>\n\n\n\n<p>Asimismo, pidi\u00f3 a la presidenta Claudia Sheinbaum crear una <strong>pol\u00edtica de Estado para combatir al crimen organizado<\/strong>.<\/p>\n\n\n\n<p>\u201cLe deseo lo mejor (a Claudia Sheinbaum), el mayor de los \u00e9xitos, va empezando (\u2026) ojal\u00e1 pueda hacer una pol\u00edtica de Estado verdaderamente, que convoque a todos a la unidad para poder pelear contra el verdadero enemigo de M\u00e9xico que es el crimen organizado\u201d, concluy\u00f3.<\/p>\n\n\n\n<p>Fuente: <a href=\"https:\/\/www.elfinanciero.com.mx\/nacional\/2024\/10\/17\/felipe-calderon-responde-marko-cortes-y-lo-apoda-el-3m-por-marko-mediocre-y-miserable\/\">El Financiero<\/a><\/p>\n","protected":false},"excerpt":{"rendered":"<p>A pesar de que es se\u00f1alado por su guerra contra el narco y el caso Garc\u00eda Luna, Felipe Calder\u00f3n asegur\u00f3 que su Gobierno decidi\u00f3 combatir a los criminales \u2018y no me arrepiento\u2019. <\/p>\n","protected":false},"author":1,"featured_media":88106,"comment_status":"open","ping_status":"open","sticky":false,"template":"","format":"standard","meta":{"site-sidebar-layout":"default","site-content-layout":"","ast-site-content-layout":"default","site-content-style":"default","site-sidebar-style":"default","ast-global-header-display":"","ast-banner-title-visibility":"","ast-main-header-display":"","ast-hfb-above-header-display":"","ast-hfb-below-header-display":"","ast-hfb-mobile-header-display":"","site-post-title":"","ast-breadcrumbs-content":"","ast-featured-img":"","footer-sml-layout":"","theme-transparent-header-meta":"","adv-header-id-meta":"","stick-header-meta":"","header-above-stick-meta":"","header-main-stick-meta":"","header-below-stick-meta":"","astra-migrate-meta-layouts":"default","ast-page-background-enabled":"default","ast-page-background-meta":{"desktop":{"background-color":"var(--ast-global-color-4)","background-image":"","background-repeat":"repeat","background-position":"center center","background-size":"auto","background-attachment":"scroll","background-type":"","background-media":"","overlay-type":"","overlay-color":"","overlay-opacity":"","overlay-gradient":""},"tablet":{"background-color":"","background-image":"","background-repeat":"repeat","background-position":"center center","background-size":"auto","background-attachment":"scroll","background-type":"","background-media":"","overlay-type":"","overlay-color":"","overlay-opacity":"","overlay-gradient":""},"mobile":{"background-color":"","background-image":"","background-repeat":"repeat","background-position":"center center","background-size":"auto","background-attachment":"scroll","background-type":"","background-media":"","overlay-type":"","overlay-color":"","overlay-opacity":"","overlay-gradient":""}},"ast-content-background-meta":{"desktop":{"background-color":"var(--ast-global-color-5)","background-image":"","background-repeat":"repeat","background-position":"center center","background-size":"auto","background-attachment":"scroll","background-type":"","background-media":"","overlay-type":"","overlay-color":"","overlay-opacity":"","overlay-gradient":""},"tablet":{"background-color":"var(--ast-global-color-5)","background-image":"","background-repeat":"repeat","background-position":"center center","background-size":"auto","background-attachment":"scroll","background-type":"","background-media":"","overlay-type":"","overlay-color":"","overlay-opacity":"","overlay-gradient":""},"mobile":{"background-color":"var(--ast-global-color-5)","background-image":"","background-repeat":"repeat","background-position":"center center","background-size":"auto","background-attachment":"scroll","background-type":"","background-media":"","overlay-type":"","overlay-color":"","overlay-opacity":"","overlay-gradient":""}},"footnotes":""},"categories":[8],"tags":[1505,1735,107,2089],"class_list":["post-88105","post","type-post","status-publish","format-standard","has-post-thumbnail","hentry","category-noticias","tag-claudia-sheinbaum","tag-felipe-calderon","tag-genaro-garcia-luna","tag-marko-cortes"],"_links":{"self":[{"href":"https:\/\/losperiodistas.com.mx\/portal\/wp-json\/wp\/v2\/posts\/88105","targetHints":{"allow":["GET"]}}],"collection":[{"href":"https:\/\/losperiodistas.com.mx\/portal\/wp-json\/wp\/v2\/posts"}],"about":[{"href":"https:\/\/losperiodistas.com.mx\/portal\/wp-json\/wp\/v2\/types\/post"}],"author":[{"embeddable":true,"href":"https:\/\/losperiodistas.com.mx\/portal\/wp-json\/wp\/v2\/users\/1"}],"replies":[{"embeddable":true,"href":"https:\/\/losperiodistas.com.mx\/portal\/wp-json\/wp\/v2\/comments?post=88105"}],"version-history":[{"count":1,"href":"https:\/\/losperiodistas.com.mx\/portal\/wp-json\/wp\/v2\/posts\/88105\/revisions"}],"predecessor-version":[{"id":88107,"href":"https:\/\/losperiodistas.com.mx\/portal\/wp-json\/wp\/v2\/posts\/88105\/revisions\/88107"}],"wp:featuredmedia":[{"embeddable":true,"href":"https:\/\/losperiodistas.com.mx\/portal\/wp-json\/wp\/v2\/media\/88106"}],"wp:attachment":[{"href":"https:\/\/losperiodistas.com.mx\/portal\/wp-json\/wp\/v2\/media?parent=88105"}],"wp:term":[{"taxonomy":"category","embeddable":true,"href":"https:\/\/losperiodistas.com.mx\/portal\/wp-json\/wp\/v2\/categories?post=88105"},{"taxonomy":"post_tag","embeddable":true,"href":"https:\/\/losperiodistas.com.mx\/portal\/wp-json\/wp\/v2\/tags?post=88105"}],"curies":[{"name":"wp","href":"https:\/\/api.w.org\/{rel}","templated":true}]}}