{"id":88100,"date":"2024-10-17T12:14:30","date_gmt":"2024-10-17T17:14:30","guid":{"rendered":"http:\/\/losperiodistas.com.mx\/portal\/?p=88100"},"modified":"2024-10-17T12:14:32","modified_gmt":"2024-10-17T17:14:32","slug":"que-implicaria-para-sheinbaum-el-regreso-de-trump-a-la-casa-blanca-ef","status":"publish","type":"post","link":"https:\/\/losperiodistas.com.mx\/portal\/que-implicaria-para-sheinbaum-el-regreso-de-trump-a-la-casa-blanca-ef\/","title":{"rendered":"\u00bfQu\u00e9 implicar\u00eda para Sheinbaum el regreso de Trump a la Casa Blanca? | EF"},"content":{"rendered":"\n<p>Una nueva administraci\u00f3n republicana por Donald Trump pondr\u00eda el foco en frenar la creciente inversi\u00f3n china en algunos sectores de M\u00e9xico.<\/p>\n\n\n\n<figure class=\"wp-block-image size-large\"><img fetchpriority=\"high\" decoding=\"async\" width=\"1024\" height=\"576\" src=\"https:\/\/losperiodistas.com.mx\/portal\/wp-content\/uploads\/2024\/10\/Captura-de-pantalla-2024-10-17-110425-1024x576.png\" alt=\"Sheinbaum y Trump\" class=\"wp-image-88101\" srcset=\"https:\/\/losperiodistas.com.mx\/portal\/wp-content\/uploads\/2024\/10\/Captura-de-pantalla-2024-10-17-110425-1024x576.png 1024w, https:\/\/losperiodistas.com.mx\/portal\/wp-content\/uploads\/2024\/10\/Captura-de-pantalla-2024-10-17-110425-300x169.png 300w, https:\/\/losperiodistas.com.mx\/portal\/wp-content\/uploads\/2024\/10\/Captura-de-pantalla-2024-10-17-110425-768x432.png 768w, https:\/\/losperiodistas.com.mx\/portal\/wp-content\/uploads\/2024\/10\/Captura-de-pantalla-2024-10-17-110425.png 1327w\" sizes=\"(max-width: 1024px) 100vw, 1024px\" \/><figcaption class=\"wp-element-caption\">Los estadounidenses elegir\u00e1n el 5 de noviembre entre Kamala Harris y el retorno pol\u00edtico de Trump. Foto: Cuartoscuro y bloomberg <\/figcaption><\/figure>\n\n\n\n<p class=\"has-vivid-red-color has-text-color has-link-color wp-elements-9787935c67c2d0f26aea12545d3ccfa2\">Por EFE<\/p>\n\n\n\n<p>El regreso a la Casa Blanca del expresidente de Estados Unidos <strong>Donald Trump <\/strong>es una posibilidad realista e inquietante para el nuevo Gobierno mexicano de Claudia Sheinbaum, especialmente despu\u00e9s de que el republicano haya sugerido renegociar el acuerdo de libre comercio T-MEC.<\/p>\n\n\n\n<p>Los estadounidenses elegir\u00e1n el 5 de noviembre entre una administraci\u00f3n continuista liderada por la vicepresidenta dem\u00f3crata, Kamala Harris, y el retorno pol\u00edtico de Trump, quien ha acu\u00f1ado una fuerte ret\u00f3rica proteccionista y <strong>antiinmigrante<\/strong>.<\/p>\n\n\n\n<h2 class=\"wp-block-heading\">\u00bfTrump abrir\u00e1 otra vez el acuerdo del T-MEC?<\/h2>\n\n\n\n<p>En su primer mandato, el magnate neoyorquino forz\u00f3 la sustituci\u00f3n del<strong> Tratado de Libre Comercio de Am\u00e9rica del Norte (TLCAN)<\/strong> por el actual Tratado entre M\u00e9xico, Estados Unidos y Canad\u00e1 (T-MEC) y la semana pasada revel\u00f3 su intenci\u00f3n de activar la revisi\u00f3n del acuerdo en 2026.<\/p>\n\n\n\n<p>Sheinbaum, que sucedi\u00f3 como presidenta el 1 de octubre a su mentor, el izquierdista Andr\u00e9s Manuel L\u00f3pez Obrador, atribuy\u00f3 ese comentario a \u201cestridencias\u201d propias de una campa\u00f1a electoral y se mostr\u00f3 convencida de poder<strong> llegar a acuerdos ya sea con Trump o con Harris<\/strong>.<\/p>\n\n\n\n<p>Pero para Martha B\u00e1rcena, exembajadora del Gobierno de L\u00f3pez Obrador durante el mandato de Trump (2018-2021), la reelecci\u00f3n del republicano \u201cpresentar\u00eda mayores retos para M\u00e9xico porque sus<strong> posiciones son m\u00e1s extremas<\/strong>\u201d y su estilo de negociaci\u00f3n suele buscar que haya \u201cun claro ganador y un claro perdedor\u201d.<\/p>\n\n\n\n<p>M\u00e9xico se convirti\u00f3 en 2023 en el mayor socio comercial de Estados Unidos, superando a China, lo que explica la importancia del T-MEC para ambos pa\u00edses.<\/p>\n\n\n\n<p>La revisi\u00f3n del tratado, o incluso una renegociaci\u00f3n m\u00e1s profunda, ser\u00eda un test crucial sobre la relaci\u00f3n entre Washington y Ciudad de M\u00e9xico, que atraviesa nuevas turbulencias por la reforma judicial, que estipula la elecci\u00f3n popular de los jueces y que ha inquietado a empresarios estadounidenses.<\/p>\n\n\n\n<p>Una nueva Administraci\u00f3n republicana pondr\u00eda el foco en frenar la creciente inversi\u00f3n china en algunos sectores de M\u00e9xico, como el automotor, predice <strong>Christopher Landau<\/strong>, exembajador del Gobierno de Trump en M\u00e9xico (2019-2021).<\/p>\n\n\n\n<p>Estados Unidos \u201cno puede permitir que China se aproveche del<strong> libre mercado en Norteam\u00e9rica<\/strong>\u201d, se\u00f1ala el diplom\u00e1tico a EFE.<\/p>\n\n\n\n<h2 class=\"wp-block-heading\">La frontera, en el centro de la tensi\u00f3n entre M\u00e9xico y EU<\/h2>\n\n\n\n<p>M\u00e1s all\u00e1 del T-MEC, Trump ha centrado sobre todo su campa\u00f1a en un duro discurso contra la migraci\u00f3n.<\/p>\n\n\n\n<p>El republicano, que en 2019 amenaz\u00f3 a M\u00e9xico con aranceles si no frenaba los flujos migratorios, promete retomar la construcci\u00f3n del muro fronterizo, llevar a cabo redadas y deportaciones masivas y reinstaurar el programa \u2018Remain in M\u00e9xico\u2019 para que los solicitantes de asilo esperen desde el lado mexicano de la frontera.<\/p>\n\n\n\n<p>Landau coincide en que es urgente cambiar la<strong> pol\u00edtica fronteriza<\/strong> y cree que ser\u00eda el tema prioritario de un segundo mandato de Trump por encima de cualquier otro: \u201cNo podemos hablar de redecorar el sal\u00f3n cuando tenemos un incendio en la cocina\u201d, ejemplifica.<\/p>\n\n\n\n<p>Durante la Administraci\u00f3n de Joe Biden han aumentado los cruces fronterizos, que alcanzaron su m\u00e1ximo con m\u00e1s de dos millones en 2023, aunque en los \u00faltimos meses se ha reducido la llegada de migrantes por las nuevas restricciones a las solicitudes de asilo.<\/p>\n\n\n\n<p>Para B\u00e1rcena, los republicanos \u201cno entienden la necesidad que tiene la<strong> econom\u00eda estadounidense de migrantes<\/strong>\u201d y, aunque cree que Trump no podr\u00eda aplicar muchas de sus propuestas, causar\u00eda una \u201csensaci\u00f3n de incertidumbre\u201d en la comunidad extranjera.<\/p>\n\n\n\n<p>La proliferaci\u00f3n de<strong>l tr\u00e1fico de fentanilo <\/strong>ha provocado adem\u00e1s un endurecimiento en el discurso de los republicanos en materia de seguridad, con algunos llamados para que Estados Unidos bombardee a los c\u00e1rteles en territorio mexicano, una l\u00ednea roja infranqueable para el pa\u00eds latinoamericano.<\/p>\n\n\n\n<p>M\u00e9xico insiste en que Estados Unidos debe atender el problema interno de consumo de drogas y tambi\u00e9n frenar el <strong>tr\u00e1fico de armas <\/strong>estadounidenses que acaban en manos de los narcotraficantes.<\/p>\n\n\n\n<h2 class=\"wp-block-heading\">\u00bfSheinbaum podr\u00eda tener una buena relaci\u00f3n con Trump?<\/h2>\n\n\n\n<p>Durante el mandato de Trump, los dos pa\u00edses pudieron sortear algunos baches gracias a la buena sinton\u00eda personal que el republicano y L\u00f3pez Obrador tejieron contra todo pron\u00f3stico.<\/p>\n\n\n\n<p>Ambos conectaron porque compart\u00edan un car\u00e1cter cr\u00edtico con los pol\u00edticos tradicionales, recuerda Landau, quien cree que la <strong>relaci\u00f3n con Sheinbaum tambi\u00e9n podr\u00eda ser buena<\/strong> porque a los dos pa\u00edses les \u201cconviene\u201d.<\/p>\n\n\n\n<p>B\u00e1rcena, sin embargo, tiene dudas de que Trump fuera a respetar a la primera mujer presidenta de M\u00e9xico: \u201c<strong>Su relaci\u00f3n con las l\u00edderes femeninas nunca fue ejemplar<\/strong>\u201d.<\/p>\n\n\n\n<p>Fuente: <a href=\"https:\/\/www.elfinanciero.com.mx\/nacional\/2024\/10\/17\/que-implicaria-para-sheinbaum-el-regreso-de-trump-a-la-casa-blanca-frenaria-la-inversion-china\/\">E<\/a><a href=\"https:\/\/www.elfinanciero.com.mx\/nacional\/2024\/10\/17\/que-implicaria-para-sheinbaum-el-regreso-de-trump-a-la-casa-blanca-frenaria-la-inversion-china\/\" target=\"_blank\" rel=\"noreferrer noopener\">l Financiero<\/a><\/p>\n","protected":false},"excerpt":{"rendered":"<p>Una nueva administraci\u00f3n republicana por Donald Trump pondr\u00eda el foco en frenar la creciente inversi\u00f3n china en algunos sectores de M\u00e9xico.<\/p>\n","protected":false},"author":1,"featured_media":88101,"comment_status":"open","ping_status":"open","sticky":false,"template":"","format":"standard","meta":{"site-sidebar-layout":"default","site-content-layout":"","ast-site-content-layout":"default","site-content-style":"default","site-sidebar-style":"default","ast-global-header-display":"","ast-banner-title-visibility":"","ast-main-header-display":"","ast-hfb-above-header-display":"","ast-hfb-below-header-display":"","ast-hfb-mobile-header-display":"","site-post-title":"","ast-breadcrumbs-content":"","ast-featured-img":"","footer-sml-layout":"","theme-transparent-header-meta":"","adv-header-id-meta":"","stick-header-meta":"","header-above-stick-meta":"","header-main-stick-meta":"","header-below-stick-meta":"","astra-migrate-meta-layouts":"default","ast-page-background-enabled":"default","ast-page-background-meta":{"desktop":{"background-color":"var(--ast-global-color-4)","background-image":"","background-repeat":"repeat","background-position":"center center","background-size":"auto","background-attachment":"scroll","background-type":"","background-media":"","overlay-type":"","overlay-color":"","overlay-opacity":"","overlay-gradient":""},"tablet":{"background-color":"","background-image":"","background-repeat":"repeat","background-position":"center center","background-size":"auto","background-attachment":"scroll","background-type":"","background-media":"","overlay-type":"","overlay-color":"","overlay-opacity":"","overlay-gradient":""},"mobile":{"background-color":"","background-image":"","background-repeat":"repeat","background-position":"center center","background-size":"auto","background-attachment":"scroll","background-type":"","background-media":"","overlay-type":"","overlay-color":"","overlay-opacity":"","overlay-gradient":""}},"ast-content-background-meta":{"desktop":{"background-color":"var(--ast-global-color-5)","background-image":"","background-repeat":"repeat","background-position":"center center","background-size":"auto","background-attachment":"scroll","background-type":"","background-media":"","overlay-type":"","overlay-color":"","overlay-opacity":"","overlay-gradient":""},"tablet":{"background-color":"var(--ast-global-color-5)","background-image":"","background-repeat":"repeat","background-position":"center center","background-size":"auto","background-attachment":"scroll","background-type":"","background-media":"","overlay-type":"","overlay-color":"","overlay-opacity":"","overlay-gradient":""},"mobile":{"background-color":"var(--ast-global-color-5)","background-image":"","background-repeat":"repeat","background-position":"center center","background-size":"auto","background-attachment":"scroll","background-type":"","background-media":"","overlay-type":"","overlay-color":"","overlay-opacity":"","overlay-gradient":""}},"footnotes":""},"categories":[8],"tags":[1505,5257,27864,1115,7595,2799],"class_list":["post-88100","post","type-post","status-publish","format-standard","has-post-thumbnail","hentry","category-noticias","tag-claudia-sheinbaum","tag-donald-trump","tag-inversion-china","tag-kamala-harris","tag-migracion","tag-t-mec"],"_links":{"self":[{"href":"https:\/\/losperiodistas.com.mx\/portal\/wp-json\/wp\/v2\/posts\/88100","targetHints":{"allow":["GET"]}}],"collection":[{"href":"https:\/\/losperiodistas.com.mx\/portal\/wp-json\/wp\/v2\/posts"}],"about":[{"href":"https:\/\/losperiodistas.com.mx\/portal\/wp-json\/wp\/v2\/types\/post"}],"author":[{"embeddable":true,"href":"https:\/\/losperiodistas.com.mx\/portal\/wp-json\/wp\/v2\/users\/1"}],"replies":[{"embeddable":true,"href":"https:\/\/losperiodistas.com.mx\/portal\/wp-json\/wp\/v2\/comments?post=88100"}],"version-history":[{"count":1,"href":"https:\/\/losperiodistas.com.mx\/portal\/wp-json\/wp\/v2\/posts\/88100\/revisions"}],"predecessor-version":[{"id":88102,"href":"https:\/\/losperiodistas.com.mx\/portal\/wp-json\/wp\/v2\/posts\/88100\/revisions\/88102"}],"wp:featuredmedia":[{"embeddable":true,"href":"https:\/\/losperiodistas.com.mx\/portal\/wp-json\/wp\/v2\/media\/88101"}],"wp:attachment":[{"href":"https:\/\/losperiodistas.com.mx\/portal\/wp-json\/wp\/v2\/media?parent=88100"}],"wp:term":[{"taxonomy":"category","embeddable":true,"href":"https:\/\/losperiodistas.com.mx\/portal\/wp-json\/wp\/v2\/categories?post=88100"},{"taxonomy":"post_tag","embeddable":true,"href":"https:\/\/losperiodistas.com.mx\/portal\/wp-json\/wp\/v2\/tags?post=88100"}],"curies":[{"name":"wp","href":"https:\/\/api.w.org\/{rel}","templated":true}]}}