{"id":88096,"date":"2024-10-17T11:48:07","date_gmt":"2024-10-17T16:48:07","guid":{"rendered":"http:\/\/losperiodistas.com.mx\/portal\/?p=88096"},"modified":"2024-10-17T11:48:09","modified_gmt":"2024-10-17T16:48:09","slug":"informe-preliminar-de-autopsia-de-liam-payne-revela-causa-de-muerte","status":"publish","type":"post","link":"https:\/\/losperiodistas.com.mx\/portal\/informe-preliminar-de-autopsia-de-liam-payne-revela-causa-de-muerte\/","title":{"rendered":"Informe preliminar de la autopsia de Liam Payne revela causa de muerte | CNN"},"content":{"rendered":"\n<figure class=\"wp-block-image size-large\"><img fetchpriority=\"high\" decoding=\"async\" width=\"1024\" height=\"575\" src=\"https:\/\/losperiodistas.com.mx\/portal\/wp-content\/uploads\/2024\/10\/Captura-de-pantalla-2024-10-17-104347-1024x575.png\" alt=\"Liam Payne\" class=\"wp-image-88097\" srcset=\"https:\/\/losperiodistas.com.mx\/portal\/wp-content\/uploads\/2024\/10\/Captura-de-pantalla-2024-10-17-104347-1024x575.png 1024w, https:\/\/losperiodistas.com.mx\/portal\/wp-content\/uploads\/2024\/10\/Captura-de-pantalla-2024-10-17-104347-300x168.png 300w, https:\/\/losperiodistas.com.mx\/portal\/wp-content\/uploads\/2024\/10\/Captura-de-pantalla-2024-10-17-104347-768x431.png 768w, https:\/\/losperiodistas.com.mx\/portal\/wp-content\/uploads\/2024\/10\/Captura-de-pantalla-2024-10-17-104347.png 1277w\" sizes=\"(max-width: 1024px) 100vw, 1024px\" \/><figcaption class=\"wp-element-caption\">Esta fue la posible \u00faltima publicaci\u00f3n de Liam Payne en redes sociales antes de su muerte <\/figcaption><\/figure>\n\n\n\n<p class=\"has-vivid-red-color has-text-color has-link-color wp-elements-ffd9cacc553faa18128a771a45a2638a\">Sol Amaya \/ Agust\u00edn Milic \/ CNN<\/p>\n\n\n\n<p>Liam Payne muri\u00f3 por \u201cpolitraumatismo\u201d con \u201chemorragia interna y externa\u201d, seg\u00fan el informe preliminar de la autopsia realizada el mi\u00e9rcoles por el cuerpo forense argentino que investiga el caso y que CNN obtuvo de la Polic\u00eda de la ciudad de Buenos Aires. A\u00fan falta por conocer el reporte toxicol\u00f3gico.<\/p>\n\n\n\n<p>La Fiscal\u00eda a cargo del caso trabaja en un comunicado oficial con m\u00e1s detalles. El cantante brit\u00e1nico, un exmiembro de la boyband One Direction, muri\u00f3 a los 31 a\u00f1os este mi\u00e9rcoles, tras caer del tercer piso de un hotel en la capital argentina.<\/p>\n\n\n\n<figure class=\"wp-block-image size-large\"><img decoding=\"async\" width=\"1024\" height=\"574\" src=\"https:\/\/losperiodistas.com.mx\/portal\/wp-content\/uploads\/2024\/10\/Captura-de-pantalla-2024-10-17-104314-1024x574.png\" alt=\"Despiden a Liam Payne \" class=\"wp-image-88098\" srcset=\"https:\/\/losperiodistas.com.mx\/portal\/wp-content\/uploads\/2024\/10\/Captura-de-pantalla-2024-10-17-104314-1024x574.png 1024w, https:\/\/losperiodistas.com.mx\/portal\/wp-content\/uploads\/2024\/10\/Captura-de-pantalla-2024-10-17-104314-300x168.png 300w, https:\/\/losperiodistas.com.mx\/portal\/wp-content\/uploads\/2024\/10\/Captura-de-pantalla-2024-10-17-104314-768x431.png 768w, https:\/\/losperiodistas.com.mx\/portal\/wp-content\/uploads\/2024\/10\/Captura-de-pantalla-2024-10-17-104314.png 1277w\" sizes=\"(max-width: 1024px) 100vw, 1024px\" \/><figcaption class=\"wp-element-caption\">As\u00ed despiden las \u00abdirectioners\u00bb a Liam Payne en el hotel donde muri\u00f3 en Argentina<\/figcaption><\/figure>\n\n\n\n<p>Las circunstancias que rodean su muerte a\u00fan no est\u00e1n claras. La Polic\u00eda de Buenos Aires dijo que acudi\u00f3 al hotel este mi\u00e9rcoles despu\u00e9s de recibir una llamada al 911 sobre un hombre agresivo que posiblemente estaba bajo la influencia de drogas o alcohol.<\/p>\n\n\n\n<p>El personal del hotel hab\u00eda solicitado asistencia policial urgente poco antes de que Payne cayera, seg\u00fan una llamada al 911 obtenida por una filial de CNN. El gerente del hotel dijo que un hu\u00e9sped estaba \u201cabrumado por las drogas y el alcohol\u201d y que el personal no sab\u00eda \u201csi la vida del hu\u00e9sped estaba en riesgo\u201d. Fotos de la habitaci\u00f3n de hotel de Payne, divulgadas por la Polic\u00eda, mostraron un televisor destrozado.<\/p>\n\n\n\n<p>\u201cEstamos apoyando a la familia de Payne y en contacto con las autoridades locales\u201d, dijo a CNNE un vocero de la embajada brit\u00e1nica en Argentina.<\/p>\n\n\n\n<p>Fuente: <a href=\"https:\/\/cnnespanol.cnn.com\/2024\/10\/17\/liam-payne-informe-autopsia-preliminar-causa-muerte-orix\" target=\"_blank\" rel=\"noreferrer noopener\">CNN<\/a><\/p>\n","protected":false},"excerpt":{"rendered":"<p>Sol Amaya \/ Agust\u00edn Milic \/ CNN Liam Payne muri\u00f3 por \u201cpolitraumatismo\u201d con \u201chemorragia interna y externa\u201d, seg\u00fan el informe [&hellip;]<\/p>\n","protected":false},"author":1,"featured_media":88097,"comment_status":"open","ping_status":"open","sticky":false,"template":"","format":"standard","meta":{"site-sidebar-layout":"default","site-content-layout":"","ast-site-content-layout":"default","site-content-style":"default","site-sidebar-style":"default","ast-global-header-display":"","ast-banner-title-visibility":"","ast-main-header-display":"","ast-hfb-above-header-display":"","ast-hfb-below-header-display":"","ast-hfb-mobile-header-display":"","site-post-title":"","ast-breadcrumbs-content":"","ast-featured-img":"","footer-sml-layout":"","theme-transparent-header-meta":"","adv-header-id-meta":"","stick-header-meta":"","header-above-stick-meta":"","header-main-stick-meta":"","header-below-stick-meta":"","astra-migrate-meta-layouts":"default","ast-page-background-enabled":"default","ast-page-background-meta":{"desktop":{"background-color":"var(--ast-global-color-4)","background-image":"","background-repeat":"repeat","background-position":"center center","background-size":"auto","background-attachment":"scroll","background-type":"","background-media":"","overlay-type":"","overlay-color":"","overlay-opacity":"","overlay-gradient":""},"tablet":{"background-color":"","background-image":"","background-repeat":"repeat","background-position":"center center","background-size":"auto","background-attachment":"scroll","background-type":"","background-media":"","overlay-type":"","overlay-color":"","overlay-opacity":"","overlay-gradient":""},"mobile":{"background-color":"","background-image":"","background-repeat":"repeat","background-position":"center center","background-size":"auto","background-attachment":"scroll","background-type":"","background-media":"","overlay-type":"","overlay-color":"","overlay-opacity":"","overlay-gradient":""}},"ast-content-background-meta":{"desktop":{"background-color":"var(--ast-global-color-5)","background-image":"","background-repeat":"repeat","background-position":"center center","background-size":"auto","background-attachment":"scroll","background-type":"","background-media":"","overlay-type":"","overlay-color":"","overlay-opacity":"","overlay-gradient":""},"tablet":{"background-color":"var(--ast-global-color-5)","background-image":"","background-repeat":"repeat","background-position":"center center","background-size":"auto","background-attachment":"scroll","background-type":"","background-media":"","overlay-type":"","overlay-color":"","overlay-opacity":"","overlay-gradient":""},"mobile":{"background-color":"var(--ast-global-color-5)","background-image":"","background-repeat":"repeat","background-position":"center center","background-size":"auto","background-attachment":"scroll","background-type":"","background-media":"","overlay-type":"","overlay-color":"","overlay-opacity":"","overlay-gradient":""}},"footnotes":""},"categories":[8],"tags":[10100,31643,31644,31642,31645],"class_list":["post-88096","post","type-post","status-publish","format-standard","has-post-thumbnail","hentry","category-noticias","tag-autopsia","tag-causa-de-muerte","tag-informe-preliminar","tag-liam-payne","tag-one-direction"],"_links":{"self":[{"href":"https:\/\/losperiodistas.com.mx\/portal\/wp-json\/wp\/v2\/posts\/88096","targetHints":{"allow":["GET"]}}],"collection":[{"href":"https:\/\/losperiodistas.com.mx\/portal\/wp-json\/wp\/v2\/posts"}],"about":[{"href":"https:\/\/losperiodistas.com.mx\/portal\/wp-json\/wp\/v2\/types\/post"}],"author":[{"embeddable":true,"href":"https:\/\/losperiodistas.com.mx\/portal\/wp-json\/wp\/v2\/users\/1"}],"replies":[{"embeddable":true,"href":"https:\/\/losperiodistas.com.mx\/portal\/wp-json\/wp\/v2\/comments?post=88096"}],"version-history":[{"count":1,"href":"https:\/\/losperiodistas.com.mx\/portal\/wp-json\/wp\/v2\/posts\/88096\/revisions"}],"predecessor-version":[{"id":88099,"href":"https:\/\/losperiodistas.com.mx\/portal\/wp-json\/wp\/v2\/posts\/88096\/revisions\/88099"}],"wp:featuredmedia":[{"embeddable":true,"href":"https:\/\/losperiodistas.com.mx\/portal\/wp-json\/wp\/v2\/media\/88097"}],"wp:attachment":[{"href":"https:\/\/losperiodistas.com.mx\/portal\/wp-json\/wp\/v2\/media?parent=88096"}],"wp:term":[{"taxonomy":"category","embeddable":true,"href":"https:\/\/losperiodistas.com.mx\/portal\/wp-json\/wp\/v2\/categories?post=88096"},{"taxonomy":"post_tag","embeddable":true,"href":"https:\/\/losperiodistas.com.mx\/portal\/wp-json\/wp\/v2\/tags?post=88096"}],"curies":[{"name":"wp","href":"https:\/\/api.w.org\/{rel}","templated":true}]}}