{"id":88093,"date":"2024-10-17T11:34:43","date_gmt":"2024-10-17T16:34:43","guid":{"rendered":"http:\/\/losperiodistas.com.mx\/portal\/?p=88093"},"modified":"2024-10-17T11:34:46","modified_gmt":"2024-10-17T16:34:46","slug":"y-todo-para-que-version-cholulas","status":"publish","type":"post","link":"https:\/\/losperiodistas.com.mx\/portal\/y-todo-para-que-version-cholulas\/","title":{"rendered":"Opini\u00f3n | \u00bfY todo para qu\u00e9?\u2026 versi\u00f3n Cholulas"},"content":{"rendered":"\n<p>Dice el actor Johnny Depp: \u201cla peor prisi\u00f3n del mundo es un hogar sin paz. Ten cuidado con qui\u00e9n te casas o de qui\u00e9n te enamoras\u201d.<\/p>\n\n\n\n<figure class=\"wp-block-image size-large\"><img fetchpriority=\"high\" decoding=\"async\" width=\"1024\" height=\"661\" src=\"https:\/\/losperiodistas.com.mx\/portal\/wp-content\/uploads\/2024\/10\/Captura-de-pantalla-2024-10-17-101822-1024x661.png\" alt=\"\" class=\"wp-image-88094\" srcset=\"https:\/\/losperiodistas.com.mx\/portal\/wp-content\/uploads\/2024\/10\/Captura-de-pantalla-2024-10-17-101822-1024x661.png 1024w, https:\/\/losperiodistas.com.mx\/portal\/wp-content\/uploads\/2024\/10\/Captura-de-pantalla-2024-10-17-101822-300x194.png 300w, https:\/\/losperiodistas.com.mx\/portal\/wp-content\/uploads\/2024\/10\/Captura-de-pantalla-2024-10-17-101822-768x496.png 768w, https:\/\/losperiodistas.com.mx\/portal\/wp-content\/uploads\/2024\/10\/Captura-de-pantalla-2024-10-17-101822.png 1179w\" sizes=\"(max-width: 1024px) 100vw, 1024px\" \/><figcaption class=\"wp-element-caption\">\u00bfY todo para qu\u00e9?\u2026 versi\u00f3n Cholulas <\/figcaption><\/figure>\n\n\n\n<p class=\"has-vivid-red-color has-text-color has-link-color wp-elements-127641578e0dafaf44caa89ef998b9d9\">Por Itandehui Rodr\u00edguez<\/p>\n\n\n\n<p>Si lo trasladamos lo que dice Johnny Depp a los casos de las Cholulas, podr\u00edamos incluso integrar la canci\u00f3n de Intocable \u201cy todo para qu\u00e9\u201d. Les explico.<\/p>\n\n\n\n<p>Durante el trienio de Karina P\u00e9rez Popoca, se cre\u00f3 una figura que sirve b\u00e1sicamente para dar problemas, la de Delegada o Delegado de la Reserva Atlixc\u00e1yotl, y todo para qu\u00e9. Pues para darle un espacio a una persona importante en el coraz\u00f3n de la entonces presidenta.<\/p>\n\n\n\n<p>Desde el cabildo aprobaron la creaci\u00f3n de la posici\u00f3n, as\u00ed, de la nada, como si se tratara no de la tercera ciudad m\u00e1s importante de este estado, sino de San Pedro de los Sahuaros.<\/p>\n\n\n\n<p>As\u00ed, un buen d\u00eda de pandemia y con el cabildo dividido, se aprob\u00f3 la transformaci\u00f3n de la Reserva Territorial Atlixc\u00e1ytol en Delegaci\u00f3n Muinicipal Atlixc\u00e1yotl.<\/p>\n\n\n\n<iframe src=\"https:\/\/www.facebook.com\/plugins\/video.php?height=314&#038;href=https%3A%2F%2Fwww.facebook.com%2FSnAndresOficial%2Fvideos%2F192907265876298%2F&#038;show_text=false&#038;width=560&#038;t=0\" width=\"560\" height=\"314\" style=\"border:none;overflow:hidden\" scrolling=\"no\" frameborder=\"0\" allowfullscreen=\"true\" allow=\"autoplay; clipboard-write; encrypted-media; picture-in-picture; web-share\" allowFullScreen=\"true\"><\/iframe>\n\n\n\n<p>Esta figura, lejos de convertirse en una que acercara los servicios a los ciudadanos, acab\u00f3 engrosando la burocracia, hab\u00eda que transitar por un filtro m\u00e1s para acceder a los servicios del municipio.<\/p>\n\n\n\n<p>\u00bfY todo para qu\u00e9? Se estar\u00e1n preguntando. Pues a la posici\u00f3n lleg\u00f3 a trav\u00e9s de \u201cun plebiscito\u201d, un personaje muy, muy, muy cercano a Karina P\u00e9rez y eso fue mera casualidad.<\/p>\n\n\n\n<p>As\u00ed Edgar Hern\u00e1ndez, qui\u00e9n fue secretario del Bienestar en el Ayuntamiento, se registr\u00f3 y pues, que gana el proceso el 23 de enero de 2022.<\/p>\n\n\n\n<p>\u00bfAlguien piensa que hubo algo \u201cchueco\u201d?<\/p>\n\n\n\n<p>\u00a1Claro que no! Una ganadora se rodea de ganadores y por eso su compadre se alz\u00f3 con el triunfo, que no se piense que la estructura que crearon en el Ayuntamiento oper\u00f3 a su favor y que usaron las bases de beneficiarios de sus programas\u2026 gui\u00f1o, gui\u00f1o.<\/p>\n\n\n\n<p>\u00bfY todo para qu\u00e9?<\/p>\n\n\n\n<p>Para mantener el control pol\u00edtico electoral de la zona a pesar de que ya estaban fuera del Ayuntamiento. Pero las cosas no salieron como \u201ccalculaban\u201d.<\/p>\n\n\n\n<p>En octubre del mismo a\u00f1o, Edgar Hern\u00e1ndez sali\u00f3 con el chiste de que \u00e9l era el mejor para la contender por la alcald\u00eda de San Andr\u00e9s y no Karina.<\/p>\n\n\n\n<p>\u00bfTraici\u00f3n? \u00a1Claro que no! Un ganador sabe que debe defender su capital pol\u00edtico, porque \u00e9l gan\u00f3 solo, solo, solito.<\/p>\n\n\n\n<p>Y obvio, el naranja le va bien a su tono de piel. Decidi\u00f3 que quer\u00eda caminar las calles de San Andr\u00e9s con sus \u201cfosfo, fosfo\u201d y ganar con alg\u00fan tema pegajoso de esos que escribe Moy Barba.<\/p>\n\n\n\n<p>Si no saben qui\u00e9n es Moy Barba les recomiendo leer: <a href=\"https:\/\/www.apartadomex.com\/politica\/quien-escribe-las-canciones-de-movimiento-ciudadano\/47780\/\">\u00bfQui\u00e9n escribe las canciones de Movimiento Ciudadano?<\/a><\/p>\n\n\n\n<p>Volviendo al tema, Edgar Hern\u00e1ndez utiliz\u00f3 la posici\u00f3n para tratar de capitalizar a su favor la gesti\u00f3n que pod\u00eda realizar y \u201cnegociar\u201d m\u00e1s apoyos que \u00e9l reparti\u00f3 discrecionalmente, o sea, a sus cuates y operadores pol\u00edticos.<\/p>\n\n\n\n<p>\u00a1Ah! Tambi\u00e9n la us\u00f3 para atacar a Edmundo Tlatehui en redes sociales a trav\u00e9s de esos operadores.<\/p>\n\n\n\n<p>Bueno, pues luego de no lograr llegar a la tan ansiada Presidencia Municipal de San Andr\u00e9s Cholula, de perder el amor de Karina y quedarse chiflando en la loma, se preguntar\u00e1n \u00bfy todo para qu\u00e9?<\/p>\n\n\n\n<p>Pues ahora nuestro valiente personaje sue\u00f1a con ser secretario de Servicios P\u00fablicos en el Ayuntamiento de Lupita Cuautle. As\u00ed como lo leen, ya present\u00f3 su renuncia a la Delegaci\u00f3n para estar listo para recibir \u201cla llamada\u201d.<\/p>\n\n\n\n<p>\u00a1Cuidado, mucho cuidado!<\/p>\n\n\n\n<h2 class=\"wp-block-heading\">\u00bfY todo para qu\u00e9?\u2026 versi\u00f3n San Pedro Cholula<\/h2>\n\n\n\n<p>Tanto pelear por la Presidencia Municipal, tantos meses de zozobra, tantas veladoras y tantas oraciones , tanto aguantar las manifestaciones, declaraciones y transmisiones de Roxana Luna para rendir protesta y que ahora Tonantzin Fern\u00e1ndez tenga que lidiar con que su secretario general lleva un d\u00eda en el cargo y ya est\u00e9 pidiendo 70 mil pesos para asignar direcciones en el Ayuntamiento.<\/p>\n\n\n\n<p>\u00bfY todo para qu\u00e9? \u00a1Ufffff!<\/p>\n","protected":false},"excerpt":{"rendered":"<p>Dice el actor Johnny Depp: \u201cla peor prisi\u00f3n del mundo es un hogar sin paz. Ten cuidad con qui\u00e9n te casa o de qui\u00e9n te enamoras\u201d. <\/p>\n","protected":false},"author":1,"featured_media":88094,"comment_status":"open","ping_status":"open","sticky":false,"template":"","format":"standard","meta":{"site-sidebar-layout":"default","site-content-layout":"","ast-site-content-layout":"default","site-content-style":"default","site-sidebar-style":"default","ast-global-header-display":"","ast-banner-title-visibility":"","ast-main-header-display":"","ast-hfb-above-header-display":"","ast-hfb-below-header-display":"","ast-hfb-mobile-header-display":"","site-post-title":"","ast-breadcrumbs-content":"","ast-featured-img":"","footer-sml-layout":"","theme-transparent-header-meta":"","adv-header-id-meta":"","stick-header-meta":"","header-above-stick-meta":"","header-main-stick-meta":"","header-below-stick-meta":"","astra-migrate-meta-layouts":"default","ast-page-background-enabled":"default","ast-page-background-meta":{"desktop":{"background-color":"var(--ast-global-color-4)","background-image":"","background-repeat":"repeat","background-position":"center center","background-size":"auto","background-attachment":"scroll","background-type":"","background-media":"","overlay-type":"","overlay-color":"","overlay-opacity":"","overlay-gradient":""},"tablet":{"background-color":"","background-image":"","background-repeat":"repeat","background-position":"center center","background-size":"auto","background-attachment":"scroll","background-type":"","background-media":"","overlay-type":"","overlay-color":"","overlay-opacity":"","overlay-gradient":""},"mobile":{"background-color":"","background-image":"","background-repeat":"repeat","background-position":"center center","background-size":"auto","background-attachment":"scroll","background-type":"","background-media":"","overlay-type":"","overlay-color":"","overlay-opacity":"","overlay-gradient":""}},"ast-content-background-meta":{"desktop":{"background-color":"var(--ast-global-color-5)","background-image":"","background-repeat":"repeat","background-position":"center center","background-size":"auto","background-attachment":"scroll","background-type":"","background-media":"","overlay-type":"","overlay-color":"","overlay-opacity":"","overlay-gradient":""},"tablet":{"background-color":"var(--ast-global-color-5)","background-image":"","background-repeat":"repeat","background-position":"center center","background-size":"auto","background-attachment":"scroll","background-type":"","background-media":"","overlay-type":"","overlay-color":"","overlay-opacity":"","overlay-gradient":""},"mobile":{"background-color":"var(--ast-global-color-5)","background-image":"","background-repeat":"repeat","background-position":"center center","background-size":"auto","background-attachment":"scroll","background-type":"","background-media":"","overlay-type":"","overlay-color":"","overlay-opacity":"","overlay-gradient":""}},"footnotes":""},"categories":[8,22],"tags":[31641,16470,15050,6933,15316,31640],"class_list":["post-88093","post","type-post","status-publish","format-standard","has-post-thumbnail","hentry","category-noticias","category-opinion-invitada","tag-edgar-hernandez","tag-johnny-deep","tag-karina-perez-popoca","tag-san-andres-cholula","tag-san-pedro-cholula","tag-y-todo-para-que"],"_links":{"self":[{"href":"https:\/\/losperiodistas.com.mx\/portal\/wp-json\/wp\/v2\/posts\/88093","targetHints":{"allow":["GET"]}}],"collection":[{"href":"https:\/\/losperiodistas.com.mx\/portal\/wp-json\/wp\/v2\/posts"}],"about":[{"href":"https:\/\/losperiodistas.com.mx\/portal\/wp-json\/wp\/v2\/types\/post"}],"author":[{"embeddable":true,"href":"https:\/\/losperiodistas.com.mx\/portal\/wp-json\/wp\/v2\/users\/1"}],"replies":[{"embeddable":true,"href":"https:\/\/losperiodistas.com.mx\/portal\/wp-json\/wp\/v2\/comments?post=88093"}],"version-history":[{"count":1,"href":"https:\/\/losperiodistas.com.mx\/portal\/wp-json\/wp\/v2\/posts\/88093\/revisions"}],"predecessor-version":[{"id":88095,"href":"https:\/\/losperiodistas.com.mx\/portal\/wp-json\/wp\/v2\/posts\/88093\/revisions\/88095"}],"wp:featuredmedia":[{"embeddable":true,"href":"https:\/\/losperiodistas.com.mx\/portal\/wp-json\/wp\/v2\/media\/88094"}],"wp:attachment":[{"href":"https:\/\/losperiodistas.com.mx\/portal\/wp-json\/wp\/v2\/media?parent=88093"}],"wp:term":[{"taxonomy":"category","embeddable":true,"href":"https:\/\/losperiodistas.com.mx\/portal\/wp-json\/wp\/v2\/categories?post=88093"},{"taxonomy":"post_tag","embeddable":true,"href":"https:\/\/losperiodistas.com.mx\/portal\/wp-json\/wp\/v2\/tags?post=88093"}],"curies":[{"name":"wp","href":"https:\/\/api.w.org\/{rel}","templated":true}]}}