{"id":88083,"date":"2024-10-17T01:51:40","date_gmt":"2024-10-17T06:51:40","guid":{"rendered":"http:\/\/losperiodistas.com.mx\/portal\/?p=88083"},"modified":"2024-10-17T01:51:42","modified_gmt":"2024-10-17T06:51:42","slug":"concluye-firma-de-acta-de-entrega-recepcion-del-ayuntamiento-de-puebla","status":"publish","type":"post","link":"https:\/\/losperiodistas.com.mx\/portal\/concluye-firma-de-acta-de-entrega-recepcion-del-ayuntamiento-de-puebla\/","title":{"rendered":"Concluye firma de acta de la entrega-recepci\u00f3n del Ayuntamiento de Puebla"},"content":{"rendered":"\n<p>El proceso fue encabezado por el presidente municipal, Pepe Chedraui<\/p>\n\n\n\n<figure class=\"wp-block-image size-large\"><img fetchpriority=\"high\" decoding=\"async\" width=\"1024\" height=\"682\" src=\"https:\/\/losperiodistas.com.mx\/portal\/wp-content\/uploads\/2024\/10\/EntregaRecepcion_PueblaAyto-1024x682.jpg\" alt=\"Entrega-Recepci\u00f3n\" class=\"wp-image-88086\" srcset=\"https:\/\/losperiodistas.com.mx\/portal\/wp-content\/uploads\/2024\/10\/EntregaRecepcion_PueblaAyto-1024x682.jpg 1024w, https:\/\/losperiodistas.com.mx\/portal\/wp-content\/uploads\/2024\/10\/EntregaRecepcion_PueblaAyto-300x200.jpg 300w, https:\/\/losperiodistas.com.mx\/portal\/wp-content\/uploads\/2024\/10\/EntregaRecepcion_PueblaAyto-768x512.jpg 768w, https:\/\/losperiodistas.com.mx\/portal\/wp-content\/uploads\/2024\/10\/EntregaRecepcion_PueblaAyto-1536x1023.jpg 1536w, https:\/\/losperiodistas.com.mx\/portal\/wp-content\/uploads\/2024\/10\/EntregaRecepcion_PueblaAyto.jpg 1600w\" sizes=\"(max-width: 1024px) 100vw, 1024px\" \/><figcaption class=\"wp-element-caption\">Concluye firma de Entrega-Recepci\u00f3n<\/figcaption><\/figure>\n\n\n\n<p class=\"has-vivid-red-color has-text-color has-link-color wp-elements-eb27e7450528140191efa4df35f811c5\">Redacci\u00f3n<\/p>\n\n\n\n<p>Este mi\u00e9rcoles 16 de octubre concluy\u00f3 la firma del acta de entrega-recepci\u00f3n entre la comisi\u00f3n entrante y saliente del Ayuntamiento de Puebla; el procedimiento fue encabezado por el presidente municipal, Pepe Chedraui Budib y el edil saliente Ad\u00e1n Dom\u00ednguez S\u00e1nchez.<\/p>\n\n\n\n<p>Para concluir este proceso legal se realiz\u00f3 la r\u00fabrica de discos compactos y actas por quintuplicado por parte de las y los interesados, y se present\u00f3 la informaci\u00f3n digitalizada en un sobre cerrado con la llave de acceso, usuario y contrase\u00f1a a la que ambas comisiones tendr\u00e1n acceso.<\/p>\n\n\n\n<p>En total fueron signados 26 discos compactos que contienen las entregas individuales de las dependencias y entidades dependientes del Ayuntamiento de Puebla, 20 cd\u00b4s que contienen los cuadernos generados por las dependencias, siete dispositivos electr\u00f3nicos con la informaci\u00f3n descentralizada y el link gestor documental.<\/p>\n\n\n\n<p>Asimismo, se cont\u00f3 con la presencia del Director Jur\u00eddico de la Auditor\u00eda Superior del Estado, Homero Abelardo Ancheita del R\u00edo, para dar legalidad.<\/p>\n","protected":false},"excerpt":{"rendered":"<p>El proceso fue encabezado por el presidente municipal, Pepe Chedraui<\/p>\n","protected":false},"author":1,"featured_media":88086,"comment_status":"open","ping_status":"open","sticky":false,"template":"","format":"standard","meta":{"site-sidebar-layout":"default","site-content-layout":"","ast-site-content-layout":"default","site-content-style":"default","site-sidebar-style":"default","ast-global-header-display":"","ast-banner-title-visibility":"","ast-main-header-display":"","ast-hfb-above-header-display":"","ast-hfb-below-header-display":"","ast-hfb-mobile-header-display":"","site-post-title":"","ast-breadcrumbs-content":"","ast-featured-img":"","footer-sml-layout":"","theme-transparent-header-meta":"","adv-header-id-meta":"","stick-header-meta":"","header-above-stick-meta":"","header-main-stick-meta":"","header-below-stick-meta":"","astra-migrate-meta-layouts":"default","ast-page-background-enabled":"default","ast-page-background-meta":{"desktop":{"background-color":"var(--ast-global-color-4)","background-image":"","background-repeat":"repeat","background-position":"center center","background-size":"auto","background-attachment":"scroll","background-type":"","background-media":"","overlay-type":"","overlay-color":"","overlay-opacity":"","overlay-gradient":""},"tablet":{"background-color":"","background-image":"","background-repeat":"repeat","background-position":"center center","background-size":"auto","background-attachment":"scroll","background-type":"","background-media":"","overlay-type":"","overlay-color":"","overlay-opacity":"","overlay-gradient":""},"mobile":{"background-color":"","background-image":"","background-repeat":"repeat","background-position":"center center","background-size":"auto","background-attachment":"scroll","background-type":"","background-media":"","overlay-type":"","overlay-color":"","overlay-opacity":"","overlay-gradient":""}},"ast-content-background-meta":{"desktop":{"background-color":"var(--ast-global-color-5)","background-image":"","background-repeat":"repeat","background-position":"center center","background-size":"auto","background-attachment":"scroll","background-type":"","background-media":"","overlay-type":"","overlay-color":"","overlay-opacity":"","overlay-gradient":""},"tablet":{"background-color":"var(--ast-global-color-5)","background-image":"","background-repeat":"repeat","background-position":"center center","background-size":"auto","background-attachment":"scroll","background-type":"","background-media":"","overlay-type":"","overlay-color":"","overlay-opacity":"","overlay-gradient":""},"mobile":{"background-color":"var(--ast-global-color-5)","background-image":"","background-repeat":"repeat","background-position":"center center","background-size":"auto","background-attachment":"scroll","background-type":"","background-media":"","overlay-type":"","overlay-color":"","overlay-opacity":"","overlay-gradient":""}},"footnotes":""},"categories":[8],"tags":[20813,191,31635,14193],"class_list":["post-88083","post","type-post","status-publish","format-standard","has-post-thumbnail","hentry","category-noticias","tag-adan-dominguez","tag-ayuntamiento-de-puebla","tag-entrega-recepcion-2","tag-pepe-chedraui"],"_links":{"self":[{"href":"https:\/\/losperiodistas.com.mx\/portal\/wp-json\/wp\/v2\/posts\/88083","targetHints":{"allow":["GET"]}}],"collection":[{"href":"https:\/\/losperiodistas.com.mx\/portal\/wp-json\/wp\/v2\/posts"}],"about":[{"href":"https:\/\/losperiodistas.com.mx\/portal\/wp-json\/wp\/v2\/types\/post"}],"author":[{"embeddable":true,"href":"https:\/\/losperiodistas.com.mx\/portal\/wp-json\/wp\/v2\/users\/1"}],"replies":[{"embeddable":true,"href":"https:\/\/losperiodistas.com.mx\/portal\/wp-json\/wp\/v2\/comments?post=88083"}],"version-history":[{"count":1,"href":"https:\/\/losperiodistas.com.mx\/portal\/wp-json\/wp\/v2\/posts\/88083\/revisions"}],"predecessor-version":[{"id":88087,"href":"https:\/\/losperiodistas.com.mx\/portal\/wp-json\/wp\/v2\/posts\/88083\/revisions\/88087"}],"wp:featuredmedia":[{"embeddable":true,"href":"https:\/\/losperiodistas.com.mx\/portal\/wp-json\/wp\/v2\/media\/88086"}],"wp:attachment":[{"href":"https:\/\/losperiodistas.com.mx\/portal\/wp-json\/wp\/v2\/media?parent=88083"}],"wp:term":[{"taxonomy":"category","embeddable":true,"href":"https:\/\/losperiodistas.com.mx\/portal\/wp-json\/wp\/v2\/categories?post=88083"},{"taxonomy":"post_tag","embeddable":true,"href":"https:\/\/losperiodistas.com.mx\/portal\/wp-json\/wp\/v2\/tags?post=88083"}],"curies":[{"name":"wp","href":"https:\/\/api.w.org\/{rel}","templated":true}]}}