{"id":88080,"date":"2024-10-17T00:23:35","date_gmt":"2024-10-17T05:23:35","guid":{"rendered":"https:\/\/losperiodistas.com.mx\/portal\/?p=88080"},"modified":"2024-10-17T00:23:39","modified_gmt":"2024-10-17T05:23:39","slug":"opinion-gobernanza-comunitaria-a-la-mexicana-es-viable","status":"publish","type":"post","link":"https:\/\/losperiodistas.com.mx\/portal\/opinion-gobernanza-comunitaria-a-la-mexicana-es-viable\/","title":{"rendered":"Opini\u00f3n | Gobernanza comunitaria a la mexicana: \u00bfEs viable?"},"content":{"rendered":"\n<p class=\"has-vivid-red-color has-text-color has-link-color wp-elements-663ac52e36c2f706628e19f20e0e3641\" style=\"font-size:26px\"><strong><em>Por Ricardo Mart\u00ednez Mart\u00ednez<\/em><\/strong><\/p>\n\n\n\n<p><strong>@ricardommz07<\/strong><\/p>\n\n\n\n<p>En el contexto del D\u00eda de la Hispanidad, el reciente discurso oficial de la presidenta Claudia Sheinbaum subray\u00f3 un tema clave: la grandeza de M\u00e9xico no radica en su \u00abdescubrimiento\u00bb, sino en sus <strong>pueblos originarios<\/strong>, cuya historia, cultura y formas de organizaci\u00f3n han sido fundamentales para la construcci\u00f3n de nuestra naci\u00f3n.<\/p>\n\n\n\n<p>Este reconocimiento va m\u00e1s all\u00e1 de lo simb\u00f3lico y nos invita a preguntarnos \u00bfen qu\u00e9 medida las pr\u00e1cticas colaborativas que han sostenido a estas comunidades pueden integrarse de manera real en las pol\u00edticas p\u00fablicas y el desarrollo regional del pa\u00eds?<\/p>\n\n\n\n<p>M\u00e9xico es un pa\u00eds con una diversidad profunda, donde las tradiciones de los pueblos originarios han sido hist\u00f3ricamente una fuente de cohesi\u00f3n social y resiliencia. Sin embargo, durante las \u00faltimas d\u00e9cadas, las pol\u00edticas neoliberales hab\u00edan priorizado el individualismo y el crecimiento econ\u00f3mico de corto plazo, dejando a muchas comunidades al margen del desarrollo.<\/p>\n\n\n\n<p>Con el reconocimiento constitucional de los pueblos ind\u00edgenas como sujetos de derecho p\u00fablico, se presenta la oportunidad de incorporar las din\u00e1micas colaborativas no solo como un patrimonio cultural, sino tambi\u00e9n como una estrategia pr\u00e1ctica para transformar el desarrollo regional y fortalecer la gobernanza local.<\/p>\n\n\n\n<p>Las cifras actuales muestran el impacto que estas pr\u00e1cticas tienen en la vida diaria de las comunidades.<\/p>\n\n\n\n<p>De acuerdo con la Encuesta Nacional de Culturas Pol\u00edticas y Democracia (ENCPD-2023), el 45% de los habitantes de \u00e1reas rurales participan en pr\u00e1cticas de gesti\u00f3n comunitaria, ya sea en la administraci\u00f3n de recursos o en la organizaci\u00f3n de eventos colectivos.<\/p>\n\n\n\n<p>Estas din\u00e1micas han sido clave para resolver problemas locales de forma efectiva y sustentable, creando redes de apoyo que permiten a las comunidades hacer frente a desaf\u00edos como la distribuci\u00f3n de agua, el manejo de tierras y la protecci\u00f3n del medio ambiente.<\/p>\n\n\n\n<p>Adoptar este enfoque reduce la necesidad de implementar pol\u00edticas centralizadas que muchas veces no logran captar las realidades locales. La cocreaci\u00f3n de soluciones junto a las comunidades no solo garantiza una mayor legitimidad democr\u00e1tica, sino que tambi\u00e9n optimiza los recursos p\u00fablicos al dise\u00f1ar proyectos m\u00e1s sostenibles y adaptados a las necesidades locales. En un momento en el que los gobiernos enfrentan restricciones presupuestarias, estas pr\u00e1cticas colaborativas se presentan como una clave para el desarrollo inclusivo, reduciendo la dependencia de los subsidios.<\/p>\n\n\n\n<p>La gesti\u00f3n de bienes p\u00fablicos tambi\u00e9n es una preocupaci\u00f3n central para los ciudadanos. Seg\u00fan la ENCPD-2023, el 76.76% de los encuestados cree que aumentar los bienes p\u00fablicos, como hospitales, escuelas y mercados comunitarios, es fundamental para la prosperidad de la sociedad. Este enfoque refuerza la idea de que las soluciones basadas en la colaboraci\u00f3n comunitaria no solo son viables, sino deseables para mejorar la calidad de vida y fomentar un desarrollo m\u00e1s equitativo.<\/p>\n\n\n\n<p>Un ejemplo claro de esto ocurre en el Sur del pa\u00eds, donde varias comunidades han gestionado de manera comunal sus recursos naturales, preservando sus bosques y creando un modelo econ\u00f3mico local que combina sostenibilidad ambiental y beneficio social. La colaboraci\u00f3n comunitaria, por lo tanto, no es solo una tradici\u00f3n cultural, sino una herramienta pr\u00e1ctica que puede transformar la forma en que gestionamos el desarrollo en M\u00e9xico.<\/p>\n\n\n\n<p>Adem\u00e1s, los encuestados se\u00f1alan de manera contundente que la desigualdad social es percibida como una construcci\u00f3n pol\u00edtica: el 58.38% opina que la desigualdad es producto de decisiones pol\u00edticas, no de una condici\u00f3n natural, subrayando con ello, la urgencia de que las pol\u00edticas p\u00fablicas adopten un enfoque m\u00e1s inclusivo y colaborativo para contrarrestar las desigualdades estructurales que persisten en el pa\u00eds.<\/p>\n\n\n\n<p>La colaboraci\u00f3n comunitaria ofrece soluciones tangibles para los desaf\u00edos del desarrollo regional en M\u00e9xico. Para los empresarios, representa una oportunidad de invertir en proyectos sostenibles que generen no solo ganancias econ\u00f3micas, sino tambi\u00e9n un impacto positivo en las comunidades. Para las autoridades, es una herramienta que optimiza los recursos p\u00fablicos y mejora la gobernanza. Y para los ciudadanos, es una v\u00eda hacia el empoderamiento colectivo y la construcci\u00f3n de comunidades m\u00e1s resilientes.<\/p>\n\n\n\n<p><\/p>\n","protected":false},"excerpt":{"rendered":"<p>Por Ricardo Mart\u00ednez Mart\u00ednez @ricardommz07 En el contexto del D\u00eda de la Hispanidad, el reciente discurso oficial de la presidenta [&hellip;]<\/p>\n","protected":false},"author":1,"featured_media":72965,"comment_status":"open","ping_status":"open","sticky":false,"template":"","format":"standard","meta":{"site-sidebar-layout":"default","site-content-layout":"","ast-site-content-layout":"default","site-content-style":"default","site-sidebar-style":"default","ast-global-header-display":"","ast-banner-title-visibility":"","ast-main-header-display":"","ast-hfb-above-header-display":"","ast-hfb-below-header-display":"","ast-hfb-mobile-header-display":"","site-post-title":"","ast-breadcrumbs-content":"","ast-featured-img":"","footer-sml-layout":"","theme-transparent-header-meta":"","adv-header-id-meta":"","stick-header-meta":"","header-above-stick-meta":"","header-main-stick-meta":"","header-below-stick-meta":"","astra-migrate-meta-layouts":"default","ast-page-background-enabled":"default","ast-page-background-meta":{"desktop":{"background-color":"var(--ast-global-color-4)","background-image":"","background-repeat":"repeat","background-position":"center center","background-size":"auto","background-attachment":"scroll","background-type":"","background-media":"","overlay-type":"","overlay-color":"","overlay-opacity":"","overlay-gradient":""},"tablet":{"background-color":"","background-image":"","background-repeat":"repeat","background-position":"center center","background-size":"auto","background-attachment":"scroll","background-type":"","background-media":"","overlay-type":"","overlay-color":"","overlay-opacity":"","overlay-gradient":""},"mobile":{"background-color":"","background-image":"","background-repeat":"repeat","background-position":"center center","background-size":"auto","background-attachment":"scroll","background-type":"","background-media":"","overlay-type":"","overlay-color":"","overlay-opacity":"","overlay-gradient":""}},"ast-content-background-meta":{"desktop":{"background-color":"var(--ast-global-color-5)","background-image":"","background-repeat":"repeat","background-position":"center center","background-size":"auto","background-attachment":"scroll","background-type":"","background-media":"","overlay-type":"","overlay-color":"","overlay-opacity":"","overlay-gradient":""},"tablet":{"background-color":"var(--ast-global-color-5)","background-image":"","background-repeat":"repeat","background-position":"center center","background-size":"auto","background-attachment":"scroll","background-type":"","background-media":"","overlay-type":"","overlay-color":"","overlay-opacity":"","overlay-gradient":""},"mobile":{"background-color":"var(--ast-global-color-5)","background-image":"","background-repeat":"repeat","background-position":"center center","background-size":"auto","background-attachment":"scroll","background-type":"","background-media":"","overlay-type":"","overlay-color":"","overlay-opacity":"","overlay-gradient":""}},"footnotes":""},"categories":[8,22],"tags":[31634,10594],"class_list":["post-88080","post","type-post","status-publish","format-standard","has-post-thumbnail","hentry","category-noticias","category-opinion-invitada","tag-gobernanza-mexico","tag-pueblos-originarios"],"_links":{"self":[{"href":"https:\/\/losperiodistas.com.mx\/portal\/wp-json\/wp\/v2\/posts\/88080","targetHints":{"allow":["GET"]}}],"collection":[{"href":"https:\/\/losperiodistas.com.mx\/portal\/wp-json\/wp\/v2\/posts"}],"about":[{"href":"https:\/\/losperiodistas.com.mx\/portal\/wp-json\/wp\/v2\/types\/post"}],"author":[{"embeddable":true,"href":"https:\/\/losperiodistas.com.mx\/portal\/wp-json\/wp\/v2\/users\/1"}],"replies":[{"embeddable":true,"href":"https:\/\/losperiodistas.com.mx\/portal\/wp-json\/wp\/v2\/comments?post=88080"}],"version-history":[{"count":1,"href":"https:\/\/losperiodistas.com.mx\/portal\/wp-json\/wp\/v2\/posts\/88080\/revisions"}],"predecessor-version":[{"id":88081,"href":"https:\/\/losperiodistas.com.mx\/portal\/wp-json\/wp\/v2\/posts\/88080\/revisions\/88081"}],"wp:featuredmedia":[{"embeddable":true,"href":"https:\/\/losperiodistas.com.mx\/portal\/wp-json\/wp\/v2\/media\/72965"}],"wp:attachment":[{"href":"https:\/\/losperiodistas.com.mx\/portal\/wp-json\/wp\/v2\/media?parent=88080"}],"wp:term":[{"taxonomy":"category","embeddable":true,"href":"https:\/\/losperiodistas.com.mx\/portal\/wp-json\/wp\/v2\/categories?post=88080"},{"taxonomy":"post_tag","embeddable":true,"href":"https:\/\/losperiodistas.com.mx\/portal\/wp-json\/wp\/v2\/tags?post=88080"}],"curies":[{"name":"wp","href":"https:\/\/api.w.org\/{rel}","templated":true}]}}