{"id":88063,"date":"2024-10-16T19:09:40","date_gmt":"2024-10-17T00:09:40","guid":{"rendered":"http:\/\/losperiodistas.com.mx\/portal\/?p=88063"},"modified":"2024-10-16T22:42:20","modified_gmt":"2024-10-17T03:42:20","slug":"con-proyecto-paisaje-linguistico-gobierno-estatal-fortalece-identidad-y-lengua-de-pueblos-indigenas","status":"publish","type":"post","link":"https:\/\/losperiodistas.com.mx\/portal\/con-proyecto-paisaje-linguistico-gobierno-estatal-fortalece-identidad-y-lengua-de-pueblos-indigenas\/","title":{"rendered":"Con proyecto \u201cPaisaje Ling\u00fc\u00edstico\u201d, gobierno estatal fortalece identidad y lengua de pueblos ind\u00edgenas"},"content":{"rendered":"\n<p><em>J\u00f3venes artistas abordaron tem\u00e1ticas sobre memoria hist\u00f3rica, patrimonio cultural, alimentaci\u00f3n nativa, cuidado de la tierra, literatura y toponimia<\/em><\/p>\n\n\n\n<figure class=\"wp-block-image size-large\"><img fetchpriority=\"high\" decoding=\"async\" width=\"1024\" height=\"603\" src=\"https:\/\/losperiodistas.com.mx\/portal\/wp-content\/uploads\/2024\/10\/Captura-de-pantalla-2024-10-16-180603-1024x603.png\" alt=\"proyecto \u201cPaisaje Ling\u00fc\u00edstico\u201d\" class=\"wp-image-88064\" srcset=\"https:\/\/losperiodistas.com.mx\/portal\/wp-content\/uploads\/2024\/10\/Captura-de-pantalla-2024-10-16-180603-1024x603.png 1024w, https:\/\/losperiodistas.com.mx\/portal\/wp-content\/uploads\/2024\/10\/Captura-de-pantalla-2024-10-16-180603-300x177.png 300w, https:\/\/losperiodistas.com.mx\/portal\/wp-content\/uploads\/2024\/10\/Captura-de-pantalla-2024-10-16-180603-768x452.png 768w, https:\/\/losperiodistas.com.mx\/portal\/wp-content\/uploads\/2024\/10\/Captura-de-pantalla-2024-10-16-180603.png 1102w\" sizes=\"(max-width: 1024px) 100vw, 1024px\" \/><figcaption class=\"wp-element-caption\">Con proyecto \u201cPaisaje Ling\u00fc\u00edstico\u201d, gobierno estatal fortalece identidad y lengua de pueblos ind\u00edgenas<\/figcaption><\/figure>\n\n\n\n<p class=\"has-vivid-red-color has-text-color has-link-color wp-elements-eb27e7450528140191efa4df35f811c5\">Redacci\u00f3n<\/p>\n\n\n\n<p>Para incentivar la participaci\u00f3n de j\u00f3venes artistas comunitarios y visualizar las lenguas originarias a trav\u00e9s del arte en espacios p\u00fablicos, el gobierno presente de Sergio Salom\u00f3n implement\u00f3 por primera vez en la entidad el proyecto \u201cPaisaje Ling\u00fc\u00edstico\u201d en nueve municipios.<\/p>\n\n\n\n<p>La coordinaci\u00f3n del proyecto estuvo a cargo del Instituto Poblano de los Pueblos Ind\u00edgenas (IPPI), que otorg\u00f3 216 mil pesos a nueve grupos en los que participaron 18 artistas, 10 hombres y ocho mujeres, originarios de Olintla, Tepatlaxco de Hidalgo, Coyomeapan, Tehuac\u00e1n, Tlacuilotepec, Cuetzalan del Progreso, San Andr\u00e9s Cholula y San Jos\u00e9 Miahuatl\u00e1n.&nbsp;<\/p>\n\n\n\n<p>Los grupos trabajaron en tem\u00e1ticas de memoria hist\u00f3rica, patrimonio cultural, alimentaci\u00f3n nativa, cuidado de la tierra, literatura y toponimia, y tuvieron participaci\u00f3n de autoridades comunitarias, docentes de Educaci\u00f3n B\u00e1sica y bachillerato, j\u00f3venes, infantes, ling\u00fcistas, muralistas, urbanistas y miembros de las comunidades.<\/p>\n\n\n\n<figure class=\"wp-block-image size-full\"><img decoding=\"async\" width=\"980\" height=\"522\" src=\"https:\/\/losperiodistas.com.mx\/portal\/wp-content\/uploads\/2024\/10\/Captura-de-pantalla-2024-10-16-180800.png\" alt=\"\" class=\"wp-image-88065\" srcset=\"https:\/\/losperiodistas.com.mx\/portal\/wp-content\/uploads\/2024\/10\/Captura-de-pantalla-2024-10-16-180800.png 980w, https:\/\/losperiodistas.com.mx\/portal\/wp-content\/uploads\/2024\/10\/Captura-de-pantalla-2024-10-16-180800-300x160.png 300w, https:\/\/losperiodistas.com.mx\/portal\/wp-content\/uploads\/2024\/10\/Captura-de-pantalla-2024-10-16-180800-768x409.png 768w\" sizes=\"(max-width: 980px) 100vw, 980px\" \/><\/figure>\n\n\n\n<p>Con este proyecto, las lenguas atendidas fueron el N\u00e1huatl en cuatro de sus variantes: sierra negra sur,&nbsp; centro, norte, noreste, y el Totonaco en sus variantes central del sur y central del norte.<\/p>\n\n\n\n<p><\/p>\n","protected":false},"excerpt":{"rendered":"<p>J\u00f3venes artistas abordaron tem\u00e1ticas sobre memoria hist\u00f3rica, patrimonio cultural, alimentaci\u00f3n nativa, cuidado de la tierra, literatura y toponimia <\/p>\n","protected":false},"author":1,"featured_media":88064,"comment_status":"open","ping_status":"open","sticky":false,"template":"","format":"standard","meta":{"site-sidebar-layout":"default","site-content-layout":"","ast-site-content-layout":"default","site-content-style":"default","site-sidebar-style":"default","ast-global-header-display":"","ast-banner-title-visibility":"","ast-main-header-display":"","ast-hfb-above-header-display":"","ast-hfb-below-header-display":"","ast-hfb-mobile-header-display":"","site-post-title":"","ast-breadcrumbs-content":"","ast-featured-img":"","footer-sml-layout":"","theme-transparent-header-meta":"","adv-header-id-meta":"","stick-header-meta":"","header-above-stick-meta":"","header-main-stick-meta":"","header-below-stick-meta":"","astra-migrate-meta-layouts":"default","ast-page-background-enabled":"default","ast-page-background-meta":{"desktop":{"background-color":"var(--ast-global-color-4)","background-image":"","background-repeat":"repeat","background-position":"center center","background-size":"auto","background-attachment":"scroll","background-type":"","background-media":"","overlay-type":"","overlay-color":"","overlay-opacity":"","overlay-gradient":""},"tablet":{"background-color":"","background-image":"","background-repeat":"repeat","background-position":"center center","background-size":"auto","background-attachment":"scroll","background-type":"","background-media":"","overlay-type":"","overlay-color":"","overlay-opacity":"","overlay-gradient":""},"mobile":{"background-color":"","background-image":"","background-repeat":"repeat","background-position":"center center","background-size":"auto","background-attachment":"scroll","background-type":"","background-media":"","overlay-type":"","overlay-color":"","overlay-opacity":"","overlay-gradient":""}},"ast-content-background-meta":{"desktop":{"background-color":"var(--ast-global-color-5)","background-image":"","background-repeat":"repeat","background-position":"center center","background-size":"auto","background-attachment":"scroll","background-type":"","background-media":"","overlay-type":"","overlay-color":"","overlay-opacity":"","overlay-gradient":""},"tablet":{"background-color":"var(--ast-global-color-5)","background-image":"","background-repeat":"repeat","background-position":"center center","background-size":"auto","background-attachment":"scroll","background-type":"","background-media":"","overlay-type":"","overlay-color":"","overlay-opacity":"","overlay-gradient":""},"mobile":{"background-color":"var(--ast-global-color-5)","background-image":"","background-repeat":"repeat","background-position":"center center","background-size":"auto","background-attachment":"scroll","background-type":"","background-media":"","overlay-type":"","overlay-color":"","overlay-opacity":"","overlay-gradient":""}},"footnotes":""},"categories":[8],"tags":[4318,31632,3245,31631,31633],"class_list":["post-88063","post","type-post","status-publish","format-standard","has-post-thumbnail","hentry","category-noticias","tag-identidad","tag-lengua-de-pueblos-indigenas","tag-memoria-historica","tag-paisaje-linguistico","tag-patrimonio-cultural"],"_links":{"self":[{"href":"https:\/\/losperiodistas.com.mx\/portal\/wp-json\/wp\/v2\/posts\/88063","targetHints":{"allow":["GET"]}}],"collection":[{"href":"https:\/\/losperiodistas.com.mx\/portal\/wp-json\/wp\/v2\/posts"}],"about":[{"href":"https:\/\/losperiodistas.com.mx\/portal\/wp-json\/wp\/v2\/types\/post"}],"author":[{"embeddable":true,"href":"https:\/\/losperiodistas.com.mx\/portal\/wp-json\/wp\/v2\/users\/1"}],"replies":[{"embeddable":true,"href":"https:\/\/losperiodistas.com.mx\/portal\/wp-json\/wp\/v2\/comments?post=88063"}],"version-history":[{"count":2,"href":"https:\/\/losperiodistas.com.mx\/portal\/wp-json\/wp\/v2\/posts\/88063\/revisions"}],"predecessor-version":[{"id":88068,"href":"https:\/\/losperiodistas.com.mx\/portal\/wp-json\/wp\/v2\/posts\/88063\/revisions\/88068"}],"wp:featuredmedia":[{"embeddable":true,"href":"https:\/\/losperiodistas.com.mx\/portal\/wp-json\/wp\/v2\/media\/88064"}],"wp:attachment":[{"href":"https:\/\/losperiodistas.com.mx\/portal\/wp-json\/wp\/v2\/media?parent=88063"}],"wp:term":[{"taxonomy":"category","embeddable":true,"href":"https:\/\/losperiodistas.com.mx\/portal\/wp-json\/wp\/v2\/categories?post=88063"},{"taxonomy":"post_tag","embeddable":true,"href":"https:\/\/losperiodistas.com.mx\/portal\/wp-json\/wp\/v2\/tags?post=88063"}],"curies":[{"name":"wp","href":"https:\/\/api.w.org\/{rel}","templated":true}]}}