{"id":88054,"date":"2024-10-16T17:17:04","date_gmt":"2024-10-16T22:17:04","guid":{"rendered":"http:\/\/losperiodistas.com.mx\/portal\/?p=88054"},"modified":"2024-10-16T17:17:06","modified_gmt":"2024-10-16T22:17:06","slug":"parquimetros-seran-gratis-para-adultos-mayores","status":"publish","type":"post","link":"https:\/\/losperiodistas.com.mx\/portal\/parquimetros-seran-gratis-para-adultos-mayores\/","title":{"rendered":"Parqu\u00edmetros ser\u00e1n gratis para adultos mayores: Pepe Chedraui | E-Consulta"},"content":{"rendered":"\n<p>En el caso de los estudiantes, tendr\u00e1n un descuento en el uso de parqu\u00edmetros, adelant\u00f3 el alcalde capitalino<\/p>\n\n\n\n<figure class=\"wp-block-image size-large\"><img fetchpriority=\"high\" decoding=\"async\" width=\"1024\" height=\"676\" src=\"https:\/\/losperiodistas.com.mx\/portal\/wp-content\/uploads\/2024\/10\/Captura-de-pantalla-2024-10-16-160215-1024x676.png\" alt=\"Parqu\u00edmetros en Puebla\" class=\"wp-image-88055\" srcset=\"https:\/\/losperiodistas.com.mx\/portal\/wp-content\/uploads\/2024\/10\/Captura-de-pantalla-2024-10-16-160215-1024x676.png 1024w, https:\/\/losperiodistas.com.mx\/portal\/wp-content\/uploads\/2024\/10\/Captura-de-pantalla-2024-10-16-160215-300x198.png 300w, https:\/\/losperiodistas.com.mx\/portal\/wp-content\/uploads\/2024\/10\/Captura-de-pantalla-2024-10-16-160215-768x507.png 768w, https:\/\/losperiodistas.com.mx\/portal\/wp-content\/uploads\/2024\/10\/Captura-de-pantalla-2024-10-16-160215.png 1061w\" sizes=\"(max-width: 1024px) 100vw, 1024px\" \/><figcaption class=\"wp-element-caption\">Foto \/ Gran Angular Agencia<\/figcaption><\/figure>\n\n\n\n<p>Ricardo Ju\u00e1rez \/ E-Consulta<\/p>\n\n\n\n<p>Los <strong>parqu\u00edmetros<\/strong> continuar\u00e1n trabajando en la <strong>capital poblana<\/strong>, por lo que el alcalde <strong>Pepe Chedraui <\/strong>anunci\u00f3 que se reunir\u00e1 con la empresa <strong>Cargo Movil<\/strong> para definir el funcionamiento del sistema de <strong>estacionamiento<\/strong>.<\/p>\n\n\n\n<p>En entrevista, el edil capitalino adelant\u00f3 que los <strong>parqu\u00edmetros<\/strong> funcionar\u00e1n con una <strong>condonaci\u00f3n<\/strong> para <strong>adultos mayores<\/strong>, es decir, las personas de la tercera edad <strong>no pagar\u00e1n<\/strong> y adem\u00e1s los j\u00f3venes que demuestren ser <strong>estudiantes<\/strong> tendr\u00e1n un <strong>descuento<\/strong>.<\/p>\n\n\n\n<p><strong>Pepe Chedraui<\/strong> explic\u00f3 que la decisi\u00f3n de continuar trabajando con <strong>parqu\u00edmetros<\/strong> en el <strong>Centro Hist\u00f3rico<\/strong> se debe a que mucha gente est\u00e1 conforme con su <strong>funcionamiento,<\/strong> pero tambi\u00e9n hay personas que lo rechazan.<\/p>\n\n\n\n<blockquote class=\"twitter-tweet\"><p lang=\"es\" dir=\"ltr\">&#x1f534; <a href=\"https:\/\/twitter.com\/hashtag\/AlMomento?src=hash&amp;ref_src=twsrc%5Etfw\">#AlMomento<\/a> | El alcalde, Jos\u00e9 Chedraui (<a href=\"https:\/\/twitter.com\/pepechedrauimx?ref_src=twsrc%5Etfw\">@pepechedrauimx<\/a>) anunci\u00f3 que se reunir\u00e1 con parkimovil para definir continuidad con la operaci\u00f3n de parqu\u00edmetros y si se cambia la forma de trabajar. Se espera que adultos mayores no paguen y habr\u00e1 descuentos para j\u00f3venes estudiantes.\u2026 <a href=\"https:\/\/t.co\/7Y865Us6Z2\">pic.twitter.com\/7Y865Us6Z2<\/a><\/p>&mdash; Peri\u00f3dico e-consulta (@e_consulta) <a href=\"https:\/\/twitter.com\/e_consulta\/status\/1846603710610170135?ref_src=twsrc%5Etfw\">October 16, 2024<\/a><\/blockquote> <script async src=\"https:\/\/platform.twitter.com\/widgets.js\" charset=\"utf-8\"><\/script> \n\n\n\n<p>Por ello, refiri\u00f3 que se deben atender las <strong>problem\u00e1ticas<\/strong> y as\u00ed generar un buen servicio para los poblanos, sin que sea un programa <strong><a href=\"https:\/\/www.e-consulta.com\/nota\/2024-03-08\/ciudad\/por-parquimetros-ayuntamiento-de-puebla-ha-recaudado-casi-4-mdp-en-2024\" target=\"_blank\" rel=\"noreferrer noopener\">recaudatorio<\/a><\/strong>.<\/p>\n\n\n\n<p>\u201cHoy en la tarde nos sentaremos con las <strong>empresas<\/strong> para poder darle soluci\u00f3n, de entrada habr\u00e1 <strong>modificaci\u00f3n<\/strong>, los <strong>adultos mayores<\/strong> no van a <strong>pagar <\/strong>y los <strong>estudiantes<\/strong> tendr\u00e1n una tarifa especial\u201d, puntualiz\u00f3.<\/p>\n\n\n\n<h2 class=\"wp-block-heading\"><strong>Parqu\u00edmetros empezaron a operar en 2022<\/strong><\/h2>\n\n\n\n<p>El sistema de <strong>parqu\u00edmetros<\/strong> comenz\u00f3 a operar en <strong>julio de 2022<\/strong>, dejando una ganancia de <strong>40.6 millones de pesos<\/strong> durante la administraci\u00f3n panista de <strong>Eduardo Rivera P\u00e9rez<\/strong>.<\/p>\n\n\n\n<p>En dicho periodo fueron infraccionados <strong>122 mil 129 usuarios<\/strong> por hacer mal uso de los <strong>parqu\u00edmetros<\/strong> y del 9 de marzo de 2023 al 30 de septiembre de 2024 se colocaron <strong>317 ara\u00f1as<\/strong> a automovilistas que se <strong>estacionaron<\/strong> y les retiraron la placa.<\/p>\n\n\n\n<h2 class=\"wp-block-heading\"><strong>Programa de bacheo<\/strong><\/h2>\n\n\n\n<p>En otro tema <strong>Pepe Chedraui<\/strong> en entrevista en el programa <em>As\u00ed Sucede<\/em><strong>,<\/strong> inform\u00f3 que el programa de <strong><a href=\"https:\/\/www.e-consulta.com\/nota\/2024-08-05\/ciudad\/bacheo-el-rubro-de-movilidad-con-menor-inversion-en-puebla-durante-2024\" target=\"_blank\" rel=\"noreferrer noopener\">bacheo<\/a><\/strong> ya est\u00e1 trabajando, por lo que llam\u00f3 a los ciudadanos a comenzar a <strong>reportar<\/strong> donde existan baches para atender sus <strong>demandas<\/strong>.<\/p>\n\n\n\n<p>\u201cVamos a <strong>trabajar<\/strong>, que nos digan aqu\u00ed hay un <strong>bache<\/strong>, porque hay muchas <strong>calles<\/strong> donde no hay para donde ir, hay <strong>baches<\/strong> por aqu\u00ed y <strong>baches<\/strong> por all\u00e1\u201d, se\u00f1al\u00f3. (MIG)<\/p>\n\n\n\n<p>Fuente: <a href=\"https:\/\/www.e-consulta.com\/nota\/2024-10-16\/ciudad\/pepe-chedraui-parquimetros-seran-gratis-para-adultos-mayores\">E-<\/a><a href=\"https:\/\/www.e-consulta.com\/nota\/2024-10-16\/ciudad\/pepe-chedraui-parquimetros-seran-gratis-para-adultos-mayores\" target=\"_blank\" rel=\"noreferrer noopener\">Consulta<\/a><\/p>\n","protected":false},"excerpt":{"rendered":"<p>En el caso de los estudiantes, tendr\u00e1n un descuento en el uso de parqu\u00edmetros, adelant\u00f3 el alcalde capitalino<\/p>\n","protected":false},"author":1,"featured_media":88055,"comment_status":"open","ping_status":"open","sticky":false,"template":"","format":"standard","meta":{"site-sidebar-layout":"default","site-content-layout":"","ast-site-content-layout":"default","site-content-style":"default","site-sidebar-style":"default","ast-global-header-display":"","ast-banner-title-visibility":"","ast-main-header-display":"","ast-hfb-above-header-display":"","ast-hfb-below-header-display":"","ast-hfb-mobile-header-display":"","site-post-title":"","ast-breadcrumbs-content":"","ast-featured-img":"","footer-sml-layout":"","theme-transparent-header-meta":"","adv-header-id-meta":"","stick-header-meta":"","header-above-stick-meta":"","header-main-stick-meta":"","header-below-stick-meta":"","astra-migrate-meta-layouts":"default","ast-page-background-enabled":"default","ast-page-background-meta":{"desktop":{"background-color":"var(--ast-global-color-4)","background-image":"","background-repeat":"repeat","background-position":"center center","background-size":"auto","background-attachment":"scroll","background-type":"","background-media":"","overlay-type":"","overlay-color":"","overlay-opacity":"","overlay-gradient":""},"tablet":{"background-color":"","background-image":"","background-repeat":"repeat","background-position":"center center","background-size":"auto","background-attachment":"scroll","background-type":"","background-media":"","overlay-type":"","overlay-color":"","overlay-opacity":"","overlay-gradient":""},"mobile":{"background-color":"","background-image":"","background-repeat":"repeat","background-position":"center center","background-size":"auto","background-attachment":"scroll","background-type":"","background-media":"","overlay-type":"","overlay-color":"","overlay-opacity":"","overlay-gradient":""}},"ast-content-background-meta":{"desktop":{"background-color":"var(--ast-global-color-5)","background-image":"","background-repeat":"repeat","background-position":"center center","background-size":"auto","background-attachment":"scroll","background-type":"","background-media":"","overlay-type":"","overlay-color":"","overlay-opacity":"","overlay-gradient":""},"tablet":{"background-color":"var(--ast-global-color-5)","background-image":"","background-repeat":"repeat","background-position":"center center","background-size":"auto","background-attachment":"scroll","background-type":"","background-media":"","overlay-type":"","overlay-color":"","overlay-opacity":"","overlay-gradient":""},"mobile":{"background-color":"var(--ast-global-color-5)","background-image":"","background-repeat":"repeat","background-position":"center center","background-size":"auto","background-attachment":"scroll","background-type":"","background-media":"","overlay-type":"","overlay-color":"","overlay-opacity":"","overlay-gradient":""}},"footnotes":""},"categories":[8],"tags":[12455,4243,7825,14193],"class_list":["post-88054","post","type-post","status-publish","format-standard","has-post-thumbnail","hentry","category-noticias","tag-adultos-mayores","tag-centro-historico","tag-parquimetros","tag-pepe-chedraui"],"_links":{"self":[{"href":"https:\/\/losperiodistas.com.mx\/portal\/wp-json\/wp\/v2\/posts\/88054","targetHints":{"allow":["GET"]}}],"collection":[{"href":"https:\/\/losperiodistas.com.mx\/portal\/wp-json\/wp\/v2\/posts"}],"about":[{"href":"https:\/\/losperiodistas.com.mx\/portal\/wp-json\/wp\/v2\/types\/post"}],"author":[{"embeddable":true,"href":"https:\/\/losperiodistas.com.mx\/portal\/wp-json\/wp\/v2\/users\/1"}],"replies":[{"embeddable":true,"href":"https:\/\/losperiodistas.com.mx\/portal\/wp-json\/wp\/v2\/comments?post=88054"}],"version-history":[{"count":1,"href":"https:\/\/losperiodistas.com.mx\/portal\/wp-json\/wp\/v2\/posts\/88054\/revisions"}],"predecessor-version":[{"id":88056,"href":"https:\/\/losperiodistas.com.mx\/portal\/wp-json\/wp\/v2\/posts\/88054\/revisions\/88056"}],"wp:featuredmedia":[{"embeddable":true,"href":"https:\/\/losperiodistas.com.mx\/portal\/wp-json\/wp\/v2\/media\/88055"}],"wp:attachment":[{"href":"https:\/\/losperiodistas.com.mx\/portal\/wp-json\/wp\/v2\/media?parent=88054"}],"wp:term":[{"taxonomy":"category","embeddable":true,"href":"https:\/\/losperiodistas.com.mx\/portal\/wp-json\/wp\/v2\/categories?post=88054"},{"taxonomy":"post_tag","embeddable":true,"href":"https:\/\/losperiodistas.com.mx\/portal\/wp-json\/wp\/v2\/tags?post=88054"}],"curies":[{"name":"wp","href":"https:\/\/api.w.org\/{rel}","templated":true}]}}