{"id":88051,"date":"2024-10-16T16:19:16","date_gmt":"2024-10-16T21:19:16","guid":{"rendered":"http:\/\/losperiodistas.com.mx\/portal\/?p=88051"},"modified":"2024-10-16T16:19:18","modified_gmt":"2024-10-16T21:19:18","slug":"firma-sheinbaum-iniciativa-de-reforma-para-otorgar-imss-a-repartidores-de-apps","status":"publish","type":"post","link":"https:\/\/losperiodistas.com.mx\/portal\/firma-sheinbaum-iniciativa-de-reforma-para-otorgar-imss-a-repartidores-de-apps\/","title":{"rendered":"Firma Sheinbaum iniciativa de reforma para otorgar IMSS a repartidores de apps | La Jornada"},"content":{"rendered":"\n<p>La reforma obedece a que \u201cson 658 mil trabajadores que est\u00e1n vinculadas con las plataformas digitales, cuyas contrataciones, la mayor\u00eda de trasnacionales, generaron una forma de no reponer la obligaci\u00f3n que tiene un empleador. El objetivo es regular y permitir que los trabajadores tengan derechos amparados por la ley\u201d, resalt\u00f3 la Presidenta.<\/p>\n\n\n\n<figure class=\"wp-block-image size-large\"><img fetchpriority=\"high\" decoding=\"async\" width=\"1024\" height=\"674\" src=\"https:\/\/losperiodistas.com.mx\/portal\/wp-content\/uploads\/2024\/10\/Captura-de-pantalla-2024-10-16-150648-1024x674.png\" alt=\"Repartidores de apps\" class=\"wp-image-88052\" srcset=\"https:\/\/losperiodistas.com.mx\/portal\/wp-content\/uploads\/2024\/10\/Captura-de-pantalla-2024-10-16-150648-1024x674.png 1024w, https:\/\/losperiodistas.com.mx\/portal\/wp-content\/uploads\/2024\/10\/Captura-de-pantalla-2024-10-16-150648-300x198.png 300w, https:\/\/losperiodistas.com.mx\/portal\/wp-content\/uploads\/2024\/10\/Captura-de-pantalla-2024-10-16-150648-768x506.png 768w, https:\/\/losperiodistas.com.mx\/portal\/wp-content\/uploads\/2024\/10\/Captura-de-pantalla-2024-10-16-150648.png 1274w\" sizes=\"(max-width: 1024px) 100vw, 1024px\" \/><figcaption class=\"wp-element-caption\">El objetivo es regular y permitir que los trabajadores tengan derechos amparados por la ley\u201d, resalt\u00f3 la Presidenta. Foto Cuartoscuro \/ archivo<\/figcaption><\/figure>\n\n\n\n<p class=\"has-vivid-red-color has-text-color has-link-color wp-elements-6c1307a53a5d58d0e2f5a3e1798261f5\">Alma E. Mu\u00f1oz y Alonso Urrutia\/ La Jornada<\/p>\n\n\n\n<p>La presidenta Claudia Sheinbaum Pardo firm\u00f3 una iniciativa de reforma la <strong>Ley Federal del Trabajo<\/strong> para garantizar los derechos laborales de los trabajadores de plataformas digitales, lo que incluye protecci\u00f3n y beneficios del IMSS. Con esta propuesta se beneficiar\u00e1n m\u00e1s de 658 mil trabajadores y sus familias.<\/p>\n\n\n\n<p>La iniciativa ser\u00e1 enviada en los pr\u00f3ximos d\u00edas al Congreso de la Uni\u00f3n. El objetivo es regular la situaci\u00f3n laboral de estos trabajadores, y que tengan derecho a seguridad social, indic\u00f3 la presidenta Claudia Sheinbuam Pardo, quien tambi\u00e9n dijo que el programa J\u00f3venes Construyendo el Futuro ser\u00e1 constitucional.<\/p>\n\n\n\n<p>La inversi\u00f3n es este esquema en los seis a\u00f1os de existencia ascendi\u00f3 a 135 mil millones de pesos, lo que contrasta, con los menos de 7 mil millones de pesos que durante 30 a\u00f1os de gobiernos neoliberales se destin\u00f3 a los j\u00f3venes, especific\u00f3 a su vez el titular de la Secretar\u00eda del Trabajo y Previsi\u00f3n Social, Marath Bola\u00f1os.<\/p>\n\n\n\n<p>Los beneficiarios suman 2 millones 973 mil 461, de los cuales 60 por ciento son mujeres y 40 por ciento,hombres. En diciembre ser\u00e1 el registro para sumar a otros 500 mil j\u00f3venes en 2025, lo que representar\u00e1 una inversi\u00f3n de 25 mil millones e pesos.<\/p>\n\n\n\n<p>Respecto a la reforma a la LFT, la presidencia subray\u00f3 que el \u201cobjetivo es que tengan los trabajadores de derechos, como reparto de utilidades, que tengan derecho a seguridad social. Estamos mejorando sus condiciones de vida\u2026 No puede haber un esquema de trabajo que est\u00e9 fuera fuera de la ley\u201d.<\/p>\n\n\n\n<p>Dijo que \u201cson 658 mil trabajadores que est\u00e1n vinculadas con las plataformas digitales, cuyas contrataciones, la mayor\u00eda de trasnacionales, generaron una forma de no reponer la obligaci\u00f3n que tiene un empleador&#8230; El objetivo es regular y permitir que los trabajadores tengan derechos amparados por la ley\u201d, sostuvo.<\/p>\n\n\n\n<p>Resalt\u00f3 el apoyo que su gobierno dar\u00e1 a los j\u00f3venes, para garantizar tambi\u00e9n su derecho a educaci\u00f3n, a salud y a vivienda.<\/p>\n\n\n\n<p>Marath Bola\u00f1os explic\u00f3 que la regulaci\u00f3n del trabajo en plataformas de encuentra lleno de retos y oportunidades y con la iniciativa que firm\u00f3 la presidenta se busca formalizar y dignificar a estos trabajadores.<\/p>\n\n\n\n<p>Se a\u00f1adir\u00e1 un nuevo cap\u00edtulo a la ley para regular el trabajo de choferes y repartidores; se establece un r\u00e9gimen transitorio para que el IMSS instrumente un piloto de car\u00e1cter obligatorio para las empresas.<br>Adem\u00e1s, personas seguir\u00e1n escogiendo sus horarios de trabajo, as\u00ed como las plataformas para la cual trabajen.<\/p>\n\n\n\n<p>Adem\u00e1s, subordinaci\u00f3n discontinua y acotada al tiempo efectivamente trabajo. Entre otros, tendr\u00e1n derecho a las prestaciones y servicios del IMSS; riesgo de trabajo; cr\u00e9ditos de Infonavit, incapacidades.<\/p>\n\n\n\n<p>Fuente: <a href=\"https:\/\/www.jornada.com.mx\/noticia\/2024\/10\/16\/politica\/firma-sheinbaum-iniciativa-de-reforma-para-garantizar-derechos-laborales-a-repartidores-de-apps-8554\">La Jornad<\/a><a href=\"https:\/\/www.jornada.com.mx\/noticia\/2024\/10\/16\/politica\/firma-sheinbaum-iniciativa-de-reforma-para-garantizar-derechos-laborales-a-repartidores-de-apps-8554\" target=\"_blank\" rel=\"noreferrer noopener\">a<\/a><\/p>\n","protected":false},"excerpt":{"rendered":"<p>La reforma obedece a que \u201cson 658 mil trabajadores que est\u00e1n vinculadas con las plataformas digitales, cuyas contrataciones, la mayor\u00eda de trasnacionales, generaron una forma de no reponer la obligaci\u00f3n que tiene un empleador.<\/p>\n","protected":false},"author":1,"featured_media":88052,"comment_status":"open","ping_status":"open","sticky":false,"template":"","format":"standard","meta":{"site-sidebar-layout":"default","site-content-layout":"","ast-site-content-layout":"default","site-content-style":"default","site-sidebar-style":"default","ast-global-header-display":"","ast-banner-title-visibility":"","ast-main-header-display":"","ast-hfb-above-header-display":"","ast-hfb-below-header-display":"","ast-hfb-mobile-header-display":"","site-post-title":"","ast-breadcrumbs-content":"","ast-featured-img":"","footer-sml-layout":"","theme-transparent-header-meta":"","adv-header-id-meta":"","stick-header-meta":"","header-above-stick-meta":"","header-main-stick-meta":"","header-below-stick-meta":"","astra-migrate-meta-layouts":"default","ast-page-background-enabled":"default","ast-page-background-meta":{"desktop":{"background-color":"var(--ast-global-color-4)","background-image":"","background-repeat":"repeat","background-position":"center center","background-size":"auto","background-attachment":"scroll","background-type":"","background-media":"","overlay-type":"","overlay-color":"","overlay-opacity":"","overlay-gradient":""},"tablet":{"background-color":"","background-image":"","background-repeat":"repeat","background-position":"center center","background-size":"auto","background-attachment":"scroll","background-type":"","background-media":"","overlay-type":"","overlay-color":"","overlay-opacity":"","overlay-gradient":""},"mobile":{"background-color":"","background-image":"","background-repeat":"repeat","background-position":"center center","background-size":"auto","background-attachment":"scroll","background-type":"","background-media":"","overlay-type":"","overlay-color":"","overlay-opacity":"","overlay-gradient":""}},"ast-content-background-meta":{"desktop":{"background-color":"var(--ast-global-color-5)","background-image":"","background-repeat":"repeat","background-position":"center center","background-size":"auto","background-attachment":"scroll","background-type":"","background-media":"","overlay-type":"","overlay-color":"","overlay-opacity":"","overlay-gradient":""},"tablet":{"background-color":"var(--ast-global-color-5)","background-image":"","background-repeat":"repeat","background-position":"center center","background-size":"auto","background-attachment":"scroll","background-type":"","background-media":"","overlay-type":"","overlay-color":"","overlay-opacity":"","overlay-gradient":""},"mobile":{"background-color":"var(--ast-global-color-5)","background-image":"","background-repeat":"repeat","background-position":"center center","background-size":"auto","background-attachment":"scroll","background-type":"","background-media":"","overlay-type":"","overlay-color":"","overlay-opacity":"","overlay-gradient":""}},"footnotes":""},"categories":[8],"tags":[5204,3916,31629,31628,16903],"class_list":["post-88051","post","type-post","status-publish","format-standard","has-post-thumbnail","hentry","category-noticias","tag-derechos-laborales","tag-imss","tag-obligaciones-de-empleador","tag-repartidores-de-apps","tag-sheinbaum"],"_links":{"self":[{"href":"https:\/\/losperiodistas.com.mx\/portal\/wp-json\/wp\/v2\/posts\/88051","targetHints":{"allow":["GET"]}}],"collection":[{"href":"https:\/\/losperiodistas.com.mx\/portal\/wp-json\/wp\/v2\/posts"}],"about":[{"href":"https:\/\/losperiodistas.com.mx\/portal\/wp-json\/wp\/v2\/types\/post"}],"author":[{"embeddable":true,"href":"https:\/\/losperiodistas.com.mx\/portal\/wp-json\/wp\/v2\/users\/1"}],"replies":[{"embeddable":true,"href":"https:\/\/losperiodistas.com.mx\/portal\/wp-json\/wp\/v2\/comments?post=88051"}],"version-history":[{"count":1,"href":"https:\/\/losperiodistas.com.mx\/portal\/wp-json\/wp\/v2\/posts\/88051\/revisions"}],"predecessor-version":[{"id":88053,"href":"https:\/\/losperiodistas.com.mx\/portal\/wp-json\/wp\/v2\/posts\/88051\/revisions\/88053"}],"wp:featuredmedia":[{"embeddable":true,"href":"https:\/\/losperiodistas.com.mx\/portal\/wp-json\/wp\/v2\/media\/88052"}],"wp:attachment":[{"href":"https:\/\/losperiodistas.com.mx\/portal\/wp-json\/wp\/v2\/media?parent=88051"}],"wp:term":[{"taxonomy":"category","embeddable":true,"href":"https:\/\/losperiodistas.com.mx\/portal\/wp-json\/wp\/v2\/categories?post=88051"},{"taxonomy":"post_tag","embeddable":true,"href":"https:\/\/losperiodistas.com.mx\/portal\/wp-json\/wp\/v2\/tags?post=88051"}],"curies":[{"name":"wp","href":"https:\/\/api.w.org\/{rel}","templated":true}]}}