{"id":88046,"date":"2024-10-16T12:48:59","date_gmt":"2024-10-16T17:48:59","guid":{"rendered":"http:\/\/losperiodistas.com.mx\/portal\/?p=88046"},"modified":"2024-10-16T12:49:01","modified_gmt":"2024-10-16T17:49:01","slug":"lanza-gobierno-de-puebla-consulta-publica-para-sanear-el-atoyac","status":"publish","type":"post","link":"https:\/\/losperiodistas.com.mx\/portal\/lanza-gobierno-de-puebla-consulta-publica-para-sanear-el-atoyac\/","title":{"rendered":"Lanza Gobierno de Puebla consulta p\u00fablica para sanear el Atoyac \u00bfTienes alguna propuesta? env\u00edala | MTP"},"content":{"rendered":"\n<p>Se trata de una convocatoria abierta a la ciudadan\u00eda, para el Programa de Ordenamiento Ecol\u00f3gico de la Regi\u00f3n de la Subcuenca del Alto Atoyac.<\/p>\n\n\n\n<figure class=\"wp-block-image size-large\"><img fetchpriority=\"high\" decoding=\"async\" width=\"1024\" height=\"645\" src=\"https:\/\/losperiodistas.com.mx\/portal\/wp-content\/uploads\/2024\/10\/Captura-de-pantalla-2024-10-16-114135-1024x645.png\" alt=\"Saneamiento del Atoyac\" class=\"wp-image-88047\" srcset=\"https:\/\/losperiodistas.com.mx\/portal\/wp-content\/uploads\/2024\/10\/Captura-de-pantalla-2024-10-16-114135-1024x645.png 1024w, https:\/\/losperiodistas.com.mx\/portal\/wp-content\/uploads\/2024\/10\/Captura-de-pantalla-2024-10-16-114135-300x189.png 300w, https:\/\/losperiodistas.com.mx\/portal\/wp-content\/uploads\/2024\/10\/Captura-de-pantalla-2024-10-16-114135-768x484.png 768w, https:\/\/losperiodistas.com.mx\/portal\/wp-content\/uploads\/2024\/10\/Captura-de-pantalla-2024-10-16-114135.png 1205w\" sizes=\"(max-width: 1024px) 100vw, 1024px\" \/><figcaption class=\"wp-element-caption\">Alto Atoyac Cr\u00e9ditos: www.gob.mx<\/figcaption><\/figure>\n\n\n\n<p class=\"has-vivid-red-color has-text-color has-link-color wp-elements-06772a6bbd7a4d714771bb27d4775c85\">Julieta Cerezo \/ MTP<\/p>\n\n\n\n<p>Para combatir la contaminaci\u00f3n en la <strong>subcuenca del Alto Atoyac <\/strong>\u2013 que en Puebla se integra por el r\u00edo <strong>Atoyac, el Alseseca y la presa de Valsequillo <\/strong>\u2013 el Gobierno de Puebla emiti\u00f3 una convocatoria para que pobladores de 22 municipios participen con <strong>propuestas en una consulta p\u00fablica.<\/strong><\/p>\n\n\n\n<p>Se trata de una convocatoria abierta a la ciudadan\u00eda, para el P<strong>rograma de Ordenamiento Ecol\u00f3gico de la Regi\u00f3n de la Subcuenca del Alto Atoyac,<\/strong> y que este martes 15 de octubre de 2024 emiti\u00f3 la administraci\u00f3n de Sergio Salom\u00f3n C\u00e9spedes en el Peri\u00f3dico Oficial del Estado.<\/p>\n\n\n\n<p>En ella, se invita a <strong>habitantes de 22 municipios <\/strong>y que precisamente son habitantes de la zona que comprende a la subcuenca del Alto Atoyac para que emitan<strong> \u201cpropuestas y observaciones\u201d de esta regi\u00f3n.<\/strong><\/p>\n\n\n\n<p>De acuerdo con informaci\u00f3n del <strong>Gobierno federal<\/strong>, la subcuenca del <strong>Alto Atoyac abarca 400 mil hect\u00e1reas de los estados de M\u00e9xico, Tlaxcala y Puebla<\/strong>, aunque en esta \u00faltima entidad toca 22 municipios.<\/p>\n\n\n\n<p>Esta consulta p\u00fablica se da a ocho meses de la instalaci\u00f3n del Comit\u00e9 de Ordenamiento Ecol\u00f3gico de la Regi\u00f3n de la Subcuenca del Alto Atoyac, que realizaron el gobernador de Puebla <strong><a href=\"https:\/\/x.com\/SergioSalomonC\" target=\"_blank\" rel=\"noreferrer noopener\">Sergio Salom\u00f3n C\u00e9spedes<\/a> <\/strong>y su hom\u00f3loga de Tlaxcala,<strong> Lorena Cu\u00e9llar.<\/strong><\/p>\n\n\n\n<figure class=\"wp-block-image size-full\"><img decoding=\"async\" width=\"908\" height=\"909\" src=\"https:\/\/losperiodistas.com.mx\/portal\/wp-content\/uploads\/2024\/10\/Captura-de-pantalla-2024-10-16-114308.png\" alt=\"Basura a la orilla del R\u00edo Atoyac\" class=\"wp-image-88048\" srcset=\"https:\/\/losperiodistas.com.mx\/portal\/wp-content\/uploads\/2024\/10\/Captura-de-pantalla-2024-10-16-114308.png 908w, https:\/\/losperiodistas.com.mx\/portal\/wp-content\/uploads\/2024\/10\/Captura-de-pantalla-2024-10-16-114308-300x300.png 300w, https:\/\/losperiodistas.com.mx\/portal\/wp-content\/uploads\/2024\/10\/Captura-de-pantalla-2024-10-16-114308-150x150.png 150w, https:\/\/losperiodistas.com.mx\/portal\/wp-content\/uploads\/2024\/10\/Captura-de-pantalla-2024-10-16-114308-768x769.png 768w\" sizes=\"(max-width: 908px) 100vw, 908px\" \/><figcaption class=\"wp-element-caption\">Basura a la orilla del R\u00edo Atoyac Cr\u00e9ditos: Redes sociales<\/figcaption><\/figure>\n\n\n\n<h2 class=\"wp-block-heading\">Consulta p\u00fablica de subcuenca del Alto Atoyac: pueden participar estos municipios<\/h2>\n\n\n\n<p>La convocatoria va dirigida para habitantes, mayores de edad, cuyo domicilio est\u00e9 registrado en los municipios de Amozoc, Calpan, Coronango, Cuautinch\u00e1n, Cuautlancingo, Chiautzingo,<br>Domingo Arenas, Huejotzingo, Juan C. Bonilla, Ocoyucan, Puebla, San Andr\u00e9s Cholula, San Felipe Teotlalcingo, San Gregorio Atzompa, San Jer\u00f3nimo Tecuanipan, San Mart\u00edn Texmelucan, San Mat\u00edas Tlalancaleca, San Miguel Xoxtla, San Pedro Cholula, San Salvador El Verde, Santa Rita Tlahuapan y Tlaltenango.<\/p>\n\n\n\n<p>Las propuestas ser\u00e1n recibidas a partir de hoy 15 de octubre y hasta el 13 de noviembre.<\/p>\n\n\n\n<blockquote class=\"twitter-tweet\"><p lang=\"es\" dir=\"ltr\">Conoce el Programa de <a href=\"https:\/\/twitter.com\/hashtag\/OrdenamientoEcol%C3%B3gico?src=hash&amp;ref_src=twsrc%5Etfw\">#OrdenamientoEcol\u00f3gico<\/a> Regional de la Subcuenca del Alto Atoyac (POERSAA)<br>&#x1f449; Queremos escuchar tus dudas y comentarios<br><br>&#x1f469;&#x200d;&#x1f4bb;&#x1f468;&#x200d;&#x1f4bb;<br>&#x1f4c5; Del 15 de octubre al 13 de noviembre de 2024<br>&#x1f558; De lunes a viernes de 9:00 a 14:00 hrs.<br>&#x1f4cd; Lateral Recta a Cholula, kilometro 5.5\u2026 <a href=\"https:\/\/t.co\/H2ohIETSJz\">pic.twitter.com\/H2ohIETSJz<\/a><\/p>&mdash; Secretar\u00eda de Medio Ambiente (@AmbienteGobPue) <a href=\"https:\/\/twitter.com\/AmbienteGobPue\/status\/1846356916957859850?ref_src=twsrc%5Etfw\">October 16, 2024<\/a><\/blockquote> <script async src=\"https:\/\/platform.twitter.com\/widgets.js\" charset=\"utf-8\"><\/script> \n\n\n\n<p>Para participar, adem\u00e1s de acreditar el domicilio en los municipios se\u00f1alados, los interesados deber\u00e1n de solicitar los formatos para elaborar sus propuestas en la oficina de la<strong> Secretar\u00eda de Medio Ambiente, Desarrollo Sustentable y Ordenamiento Territorial del Gobierno del Estado.<\/strong><\/p>\n\n\n\n<p>Esto puede ser a trav\u00e9s de la p\u00e1gina <a href=\"https:\/\/smadsot.puebla.gob.mx\/\" target=\"_blank\" rel=\"noreferrer noopener\">web https:\/\/smadsot.puebla.gob.mx\/<\/a> y de manera f\u00edsica en sus oficinas ubicadas en la lateral de la Recta a Cholula, kil\u00f3metro 5.5 en San Andr\u00e9s Cholula.<\/p>\n\n\n\n<p>Fuente: <a href=\"https:\/\/mtpnoticias.com\/puebla\/tienes-una-propuesta-para-sanear-el-alto-atoyac-lanza-gobierno-de-puebla-consulta-publica\/\">MTP Notici<\/a><a href=\"https:\/\/mtpnoticias.com\/puebla\/tienes-una-propuesta-para-sanear-el-alto-atoyac-lanza-gobierno-de-puebla-consulta-publica\/\" target=\"_blank\" rel=\"noreferrer noopener\">as<\/a><\/p>\n","protected":false},"excerpt":{"rendered":"<p>Se trata de una convocatoria abierta a la ciudadan\u00eda, para el Programa de Ordenamiento Ecol\u00f3gico de la Regi\u00f3n de la Subcuenca del Alto Atoyac. <\/p>\n","protected":false},"author":1,"featured_media":88047,"comment_status":"open","ping_status":"open","sticky":false,"template":"","format":"standard","meta":{"site-sidebar-layout":"default","site-content-layout":"","ast-site-content-layout":"default","site-content-style":"default","site-sidebar-style":"default","ast-global-header-display":"","ast-banner-title-visibility":"","ast-main-header-display":"","ast-hfb-above-header-display":"","ast-hfb-below-header-display":"","ast-hfb-mobile-header-display":"","site-post-title":"","ast-breadcrumbs-content":"","ast-featured-img":"","footer-sml-layout":"","theme-transparent-header-meta":"","adv-header-id-meta":"","stick-header-meta":"","header-above-stick-meta":"","header-main-stick-meta":"","header-below-stick-meta":"","astra-migrate-meta-layouts":"default","ast-page-background-enabled":"default","ast-page-background-meta":{"desktop":{"background-color":"var(--ast-global-color-4)","background-image":"","background-repeat":"repeat","background-position":"center center","background-size":"auto","background-attachment":"scroll","background-type":"","background-media":"","overlay-type":"","overlay-color":"","overlay-opacity":"","overlay-gradient":""},"tablet":{"background-color":"","background-image":"","background-repeat":"repeat","background-position":"center center","background-size":"auto","background-attachment":"scroll","background-type":"","background-media":"","overlay-type":"","overlay-color":"","overlay-opacity":"","overlay-gradient":""},"mobile":{"background-color":"","background-image":"","background-repeat":"repeat","background-position":"center center","background-size":"auto","background-attachment":"scroll","background-type":"","background-media":"","overlay-type":"","overlay-color":"","overlay-opacity":"","overlay-gradient":""}},"ast-content-background-meta":{"desktop":{"background-color":"var(--ast-global-color-5)","background-image":"","background-repeat":"repeat","background-position":"center center","background-size":"auto","background-attachment":"scroll","background-type":"","background-media":"","overlay-type":"","overlay-color":"","overlay-opacity":"","overlay-gradient":""},"tablet":{"background-color":"var(--ast-global-color-5)","background-image":"","background-repeat":"repeat","background-position":"center center","background-size":"auto","background-attachment":"scroll","background-type":"","background-media":"","overlay-type":"","overlay-color":"","overlay-opacity":"","overlay-gradient":""},"mobile":{"background-color":"var(--ast-global-color-5)","background-image":"","background-repeat":"repeat","background-position":"center center","background-size":"auto","background-attachment":"scroll","background-type":"","background-media":"","overlay-type":"","overlay-color":"","overlay-opacity":"","overlay-gradient":""}},"footnotes":""},"categories":[8],"tags":[31188,31625,31627,11937,6340,31624,31626],"class_list":["post-88046","post","type-post","status-publish","format-standard","has-post-thumbnail","hentry","category-noticias","tag-presa-de-valsequillo","tag-programa-de-ordenamiento-ecologico","tag-propuestas-y-observaciones","tag-rio-alseseca","tag-rio-atoyac","tag-saneamiento-del-atoyac","tag-subcuenca-del-alto-atoyac"],"_links":{"self":[{"href":"https:\/\/losperiodistas.com.mx\/portal\/wp-json\/wp\/v2\/posts\/88046","targetHints":{"allow":["GET"]}}],"collection":[{"href":"https:\/\/losperiodistas.com.mx\/portal\/wp-json\/wp\/v2\/posts"}],"about":[{"href":"https:\/\/losperiodistas.com.mx\/portal\/wp-json\/wp\/v2\/types\/post"}],"author":[{"embeddable":true,"href":"https:\/\/losperiodistas.com.mx\/portal\/wp-json\/wp\/v2\/users\/1"}],"replies":[{"embeddable":true,"href":"https:\/\/losperiodistas.com.mx\/portal\/wp-json\/wp\/v2\/comments?post=88046"}],"version-history":[{"count":1,"href":"https:\/\/losperiodistas.com.mx\/portal\/wp-json\/wp\/v2\/posts\/88046\/revisions"}],"predecessor-version":[{"id":88049,"href":"https:\/\/losperiodistas.com.mx\/portal\/wp-json\/wp\/v2\/posts\/88046\/revisions\/88049"}],"wp:featuredmedia":[{"embeddable":true,"href":"https:\/\/losperiodistas.com.mx\/portal\/wp-json\/wp\/v2\/media\/88047"}],"wp:attachment":[{"href":"https:\/\/losperiodistas.com.mx\/portal\/wp-json\/wp\/v2\/media?parent=88046"}],"wp:term":[{"taxonomy":"category","embeddable":true,"href":"https:\/\/losperiodistas.com.mx\/portal\/wp-json\/wp\/v2\/categories?post=88046"},{"taxonomy":"post_tag","embeddable":true,"href":"https:\/\/losperiodistas.com.mx\/portal\/wp-json\/wp\/v2\/tags?post=88046"}],"curies":[{"name":"wp","href":"https:\/\/api.w.org\/{rel}","templated":true}]}}