{"id":8780,"date":"2021-06-05T13:21:53","date_gmt":"2021-06-05T18:21:53","guid":{"rendered":"http:\/\/losperiodistas.com.mx\/portal\/?p=8780"},"modified":"2021-06-05T13:21:54","modified_gmt":"2021-06-05T18:21:54","slug":"descubren-una-inmensa-y-magnifica-basilica-romana-de-2-000-anos-en-israel-rt","status":"publish","type":"post","link":"https:\/\/losperiodistas.com.mx\/portal\/descubren-una-inmensa-y-magnifica-basilica-romana-de-2-000-anos-en-israel-rt\/","title":{"rendered":"Descubren una \u00abinmensa\u00bb y \u00abmagn\u00edfica\u00bb bas\u00edlica romana de 2.000 a\u00f1os en Israel | RT"},"content":{"rendered":"\n<p style=\"font-size:18px\"><em>El recinto fue inaugurado por Herodes el Grande, rey de Judea entre los a\u00f1os 37 y 4 antes de nuestra era.<\/em><\/p>\n\n\n\n<p><\/p>\n\n\n\n<figure class=\"wp-block-image size-large\"><img fetchpriority=\"high\" decoding=\"async\" width=\"1024\" height=\"574\" src=\"https:\/\/losperiodistas.com.mx\/portal\/wp-content\/uploads\/2021\/06\/Captura-de-Pantalla-2021-06-05-a-las-13.19.26-1024x574.jpg\" alt=\"\" class=\"wp-image-8783\" srcset=\"https:\/\/losperiodistas.com.mx\/portal\/wp-content\/uploads\/2021\/06\/Captura-de-Pantalla-2021-06-05-a-las-13.19.26-1024x574.jpg 1024w, https:\/\/losperiodistas.com.mx\/portal\/wp-content\/uploads\/2021\/06\/Captura-de-Pantalla-2021-06-05-a-las-13.19.26-300x168.jpg 300w, https:\/\/losperiodistas.com.mx\/portal\/wp-content\/uploads\/2021\/06\/Captura-de-Pantalla-2021-06-05-a-las-13.19.26-768x431.jpg 768w, https:\/\/losperiodistas.com.mx\/portal\/wp-content\/uploads\/2021\/06\/Captura-de-Pantalla-2021-06-05-a-las-13.19.26-1536x861.jpg 1536w, https:\/\/losperiodistas.com.mx\/portal\/wp-content\/uploads\/2021\/06\/Captura-de-Pantalla-2021-06-05-a-las-13.19.26-2048x1148.jpg 2048w\" sizes=\"(max-width: 1024px) 100vw, 1024px\" \/><figcaption>Israel Antiquities Authority<\/figcaption><\/figure>\n\n\n\n<p><\/p>\n\n\n\n<p class=\"has-vivid-cyan-blue-color has-text-color has-medium-font-size\">RT<\/p>\n\n\n\n<p>La Autoridad de Antig\u00fcedades de Israel&nbsp;<a href=\"https:\/\/mfa.gov.il\/mfa\/israelexperience\/history\/pages\/magnificent-2000-year-old-basilica-revealed-in-ashkelon-3-may-2021.aspx\" target=\"_blank\" rel=\"noreferrer noopener\">anunci\u00f3<\/a>&nbsp;recientemente el descubrimiento de los restos de una \u00abmagn\u00edfica\u00bb bas\u00edlica romana&nbsp;<strong>de 2.000 a\u00f1os<\/strong>&nbsp;de antig\u00fcedad en el Parque Nacional de Tel Ashkelon, ubicado en el centro del pa\u00eds.<\/p>\n\n\n\n<p>Seg\u00fan detall\u00f3 la instituci\u00f3n, el \u00abinmenso\u00bb edificio fue inaugurado por Herodes el Grande, rey de Judea entre los a\u00f1os 37 y 4 a. de C., y m\u00e1s tarde fue remodelado en los siglos II y III d. de C. bajo el mandato de la dinast\u00eda romana Severa, periodo en el que le fueron agregados elementos arquitect\u00f3nicos de m\u00e1rmol y se le a\u00f1adi\u00f3 un peque\u00f1o anfiteatro.<\/p>\n\n\n\n<figure class=\"wp-block-image\"><img decoding=\"async\" src=\"https:\/\/cdni.rt.com\/actualidad\/public_images\/2021.06\/original\/60ba7140e9ff7147ab7ec7fa.jpg\" alt=\"\"\/><figcaption>Israel Antiquities Authority<\/figcaption><\/figure>\n\n\n\n<p>Durante su \u00e9poca de esplendor, el edificio de 115 metros de largo por 34 de ancho estaba dividido en dos salas laterales y una sala central con paredes y piso de m\u00e1rmol, la cual estaba flanqueada por&nbsp;<strong>columnas de 13 metros<\/strong>&nbsp;del mismo material rematadas con bellos capiteles con motivos vegetales o con un \u00e1guila, s\u00edmbolo del Imperio romano.<\/p>\n\n\n\n<p>La bas\u00edlica, la m\u00e1s grande hasta ahora encontrada en Israel, fue&nbsp;<strong>arrasada por un terremoto<\/strong>&nbsp;en el a\u00f1o 363 y abandonada. Tras su destrucci\u00f3n, ya durante los periodos abas\u00ed y fatim\u00ed (entre el 750 y el 1259) el m\u00e1rmol fue ocupado para construir una zona industrial y se&nbsp;erigieron diversos edificios sobre los terrenos que alg\u00fan d\u00eda albergaron el magn\u00edfico complejo romano.<\/p>\n\n\n\n<figure class=\"wp-block-image\"><img decoding=\"async\" src=\"https:\/\/cdni.rt.com\/actualidad\/public_images\/2021.06\/original\/60ba713fe9ff7147ab7ec7f9.jpg\" alt=\"\"\/><figcaption>Israel Antiquities Authority<\/figcaption><\/figure>\n\n\n\n<p>A lo largo de varias d\u00e9cadas de excavaci\u00f3n arqueol\u00f3gica se han encontrado unos&nbsp;<strong>200 objetos de m\u00e1rmol<\/strong>&nbsp;de gran tama\u00f1o, lo que, en opini\u00f3n de los expertos, pone de manifiesto la gran fastuosidad del recinto. Entre las piezas m\u00e1s destacadas figuran un estatua de Nike, la diosa de la victoria, sostenida por el dios Atlas, as\u00ed como una efigie de Isis, una deidad egipcia representada como Tyche, la diosa de la fortuna de la ciudad.<\/p>\n\n\n\n<figure class=\"wp-block-image\"><img decoding=\"async\" src=\"https:\/\/cdni.rt.com\/actualidad\/public_images\/2021.06\/thumbnail\/60b6c79e59bf5b0282181258.jpg\" alt=\"FOTOS: Exhiben en Israel un amuleto de 1.500 a\u00f1os de antig\u00fcedad que supuestamente proteg\u00eda a mujeres y ni\u00f1os del 'mal de ojo'\"\/><\/figure>\n\n\n\n<p><a href=\"https:\/\/actualidad.rt.com\/actualidad\/393860-fotos-descubre-israel-amuleto-1500-anos\">FOTOS: Exhiben en Israel un amuleto de 1.500 a\u00f1os de antig\u00fcedad que supuestamente proteg\u00eda a mujeres y ni\u00f1os del &#8216;mal de ojo&#8217;<\/a><\/p>\n\n\n\n<p>Actualmente, las autoridades realizan trabajos de conservaci\u00f3n y restauraci\u00f3n de la bas\u00edlica, los cuales incluyen el montaje de esculturas y columnas encontradas en las excavaciones del lugar. Asimismo, el anfiteatro est\u00e1 siendo acondicionado con asientos modernos, un escenario y una serie de carteles explicativos.<\/p>\n\n\n\n<p>Fuente: https:\/\/actualidad.rt.com\/actualidad\/394162-descubren-inmensa-magnifica-basilica-romana-2000<\/p>\n","protected":false},"excerpt":{"rendered":"<p>El recinto fue inaugurado por Herodes el Grande, rey de Judea entre los a\u00f1os 37 y 4 antes de nuestra [&hellip;]<\/p>\n","protected":false},"author":1,"featured_media":8783,"comment_status":"open","ping_status":"open","sticky":false,"template":"","format":"standard","meta":{"site-sidebar-layout":"default","site-content-layout":"","ast-site-content-layout":"default","site-content-style":"default","site-sidebar-style":"default","ast-global-header-display":"","ast-banner-title-visibility":"","ast-main-header-display":"","ast-hfb-above-header-display":"","ast-hfb-below-header-display":"","ast-hfb-mobile-header-display":"","site-post-title":"","ast-breadcrumbs-content":"","ast-featured-img":"","footer-sml-layout":"","theme-transparent-header-meta":"","adv-header-id-meta":"","stick-header-meta":"","header-above-stick-meta":"","header-main-stick-meta":"","header-below-stick-meta":"","astra-migrate-meta-layouts":"default","ast-page-background-enabled":"default","ast-page-background-meta":{"desktop":{"background-color":"var(--ast-global-color-4)","background-image":"","background-repeat":"repeat","background-position":"center center","background-size":"auto","background-attachment":"scroll","background-type":"","background-media":"","overlay-type":"","overlay-color":"","overlay-opacity":"","overlay-gradient":""},"tablet":{"background-color":"","background-image":"","background-repeat":"repeat","background-position":"center center","background-size":"auto","background-attachment":"scroll","background-type":"","background-media":"","overlay-type":"","overlay-color":"","overlay-opacity":"","overlay-gradient":""},"mobile":{"background-color":"","background-image":"","background-repeat":"repeat","background-position":"center center","background-size":"auto","background-attachment":"scroll","background-type":"","background-media":"","overlay-type":"","overlay-color":"","overlay-opacity":"","overlay-gradient":""}},"ast-content-background-meta":{"desktop":{"background-color":"var(--ast-global-color-5)","background-image":"","background-repeat":"repeat","background-position":"center center","background-size":"auto","background-attachment":"scroll","background-type":"","background-media":"","overlay-type":"","overlay-color":"","overlay-opacity":"","overlay-gradient":""},"tablet":{"background-color":"var(--ast-global-color-5)","background-image":"","background-repeat":"repeat","background-position":"center center","background-size":"auto","background-attachment":"scroll","background-type":"","background-media":"","overlay-type":"","overlay-color":"","overlay-opacity":"","overlay-gradient":""},"mobile":{"background-color":"var(--ast-global-color-5)","background-image":"","background-repeat":"repeat","background-position":"center center","background-size":"auto","background-attachment":"scroll","background-type":"","background-media":"","overlay-type":"","overlay-color":"","overlay-opacity":"","overlay-gradient":""}},"footnotes":""},"categories":[8],"tags":[1888,1887],"class_list":["post-8780","post","type-post","status-publish","format-standard","has-post-thumbnail","hentry","category-noticias","tag-basilia-de-2000-anos-en-israel","tag-tel-ashkelon"],"_links":{"self":[{"href":"https:\/\/losperiodistas.com.mx\/portal\/wp-json\/wp\/v2\/posts\/8780","targetHints":{"allow":["GET"]}}],"collection":[{"href":"https:\/\/losperiodistas.com.mx\/portal\/wp-json\/wp\/v2\/posts"}],"about":[{"href":"https:\/\/losperiodistas.com.mx\/portal\/wp-json\/wp\/v2\/types\/post"}],"author":[{"embeddable":true,"href":"https:\/\/losperiodistas.com.mx\/portal\/wp-json\/wp\/v2\/users\/1"}],"replies":[{"embeddable":true,"href":"https:\/\/losperiodistas.com.mx\/portal\/wp-json\/wp\/v2\/comments?post=8780"}],"version-history":[{"count":1,"href":"https:\/\/losperiodistas.com.mx\/portal\/wp-json\/wp\/v2\/posts\/8780\/revisions"}],"predecessor-version":[{"id":8784,"href":"https:\/\/losperiodistas.com.mx\/portal\/wp-json\/wp\/v2\/posts\/8780\/revisions\/8784"}],"wp:featuredmedia":[{"embeddable":true,"href":"https:\/\/losperiodistas.com.mx\/portal\/wp-json\/wp\/v2\/media\/8783"}],"wp:attachment":[{"href":"https:\/\/losperiodistas.com.mx\/portal\/wp-json\/wp\/v2\/media?parent=8780"}],"wp:term":[{"taxonomy":"category","embeddable":true,"href":"https:\/\/losperiodistas.com.mx\/portal\/wp-json\/wp\/v2\/categories?post=8780"},{"taxonomy":"post_tag","embeddable":true,"href":"https:\/\/losperiodistas.com.mx\/portal\/wp-json\/wp\/v2\/tags?post=8780"}],"curies":[{"name":"wp","href":"https:\/\/api.w.org\/{rel}","templated":true}]}}