{"id":8773,"date":"2021-06-05T13:05:14","date_gmt":"2021-06-05T18:05:14","guid":{"rendered":"http:\/\/losperiodistas.com.mx\/portal\/?p=8773"},"modified":"2021-06-05T13:05:14","modified_gmt":"2021-06-05T18:05:14","slug":"como-llega-amlo-a-las-elecciones-del-6-de-junio-esto-es-todo-lo-que-se-juega-infobae","status":"publish","type":"post","link":"https:\/\/losperiodistas.com.mx\/portal\/como-llega-amlo-a-las-elecciones-del-6-de-junio-esto-es-todo-lo-que-se-juega-infobae\/","title":{"rendered":"C\u00f3mo llega AMLO a las elecciones del 6 de junio: esto es todo lo que se juega | Infobae"},"content":{"rendered":"\n<p style=\"font-size:18px\"><em>Nunca antes en la historia de M\u00e9xico, unas elecciones intermedias hab\u00edan sido tan relevantes. Este domingo no solo se disputan 20,415 cargos a lo largo y ancho del pa\u00eds, sino tambi\u00e9n se determinar\u00e1 el camino que tomar\u00e1 el actual gobierno<\/em><\/p>\n\n\n\n<p><\/p>\n\n\n\n<figure class=\"wp-block-image size-large\"><img fetchpriority=\"high\" decoding=\"async\" width=\"1024\" height=\"571\" src=\"https:\/\/losperiodistas.com.mx\/portal\/wp-content\/uploads\/2021\/06\/Captura-de-Pantalla-2021-06-05-a-las-13.02.09-1024x571.jpg\" alt=\"\" class=\"wp-image-8775\" srcset=\"https:\/\/losperiodistas.com.mx\/portal\/wp-content\/uploads\/2021\/06\/Captura-de-Pantalla-2021-06-05-a-las-13.02.09-1024x571.jpg 1024w, https:\/\/losperiodistas.com.mx\/portal\/wp-content\/uploads\/2021\/06\/Captura-de-Pantalla-2021-06-05-a-las-13.02.09-300x167.jpg 300w, https:\/\/losperiodistas.com.mx\/portal\/wp-content\/uploads\/2021\/06\/Captura-de-Pantalla-2021-06-05-a-las-13.02.09-768x428.jpg 768w, https:\/\/losperiodistas.com.mx\/portal\/wp-content\/uploads\/2021\/06\/Captura-de-Pantalla-2021-06-05-a-las-13.02.09.jpg 1522w\" sizes=\"(max-width: 1024px) 100vw, 1024px\" \/><figcaption>La conformaci\u00f3n de la C\u00e1mara de Diputados tras las elecciones de intermedias de este a\u00f1o, ser\u00e1 clave en lo que resta del gobierno de L\u00f3pez Obrador (Fotoarte: Infobae M\u00e9xico)<\/figcaption><\/figure>\n\n\n\n<p><\/p>\n\n\n\n<p class=\"has-vivid-cyan-blue-color has-text-color has-medium-font-size\">CLAUDIA RAM\u00cdREZ \/ INFOBAE<\/p>\n\n\n\n<p><strong>La jornada electoral de este domingo 6 de junio es determinante para Andr\u00e9s Manuel L\u00f3pez Obrador<\/strong>, toda vez que se juega la consolidaci\u00f3n pol\u00edtica de su gobierno. Y es que, Morena, el partido fundado por el actual presidente del pa\u00eds,<strong>&nbsp;no solo busca quedarse con el mayor n\u00famero de las 15 gubernaturas que est\u00e1n en juego, sino tambi\u00e9n, seguir controlando la C\u00e1mara de Diputados<\/strong>.<\/p>\n\n\n\n<p>El Congreso est\u00e1 integrado por 500 diputados, 300 son de Mayor\u00eda Relativa (los cuales se eligen a trav\u00e9s del voto directo de la ciudadan\u00eda) y 200 de Representaci\u00f3n Proporcional (conocidos como plurinominales), quienes son electos mediante listas de los propios partidos pol\u00edticos.<\/p>\n\n\n\n<p><strong>Entre las facultades exclusivas de la C\u00e1mara est\u00e1&nbsp;<\/strong>la aprobaci\u00f3n del&nbsp;<strong>Presupuesto y de los Egreso<\/strong>s, la revisi\u00f3n de la&nbsp;<strong>Cuenta P\u00fablica<\/strong>, la declaraci\u00f3n para&nbsp;<strong>proceder penalmente o no contra los servidores p\u00fablicos<\/strong>, el&nbsp;<strong>nombramiento de los consejeros electorales federales<\/strong>&nbsp;y as\u00ed como la presentaci\u00f3n y en su caso, aprobaci\u00f3n de&nbsp;<strong>iniciativas de Ley<\/strong>.<img decoding=\"async\" alt=\"(Foto: C\u00e1mara de Diputados)\" height=\"1080\" width=\"1920\" src=\"https:\/\/www.infobae.com\/new-resizer\/XnXc7hhiT0Jg6asSFcd6k5ETgkA=\/420x236\/filters:format(jpg):quality(85)\/cloudfront-us-east-1.images.arcpublishing.com\/infobae\/POJALYMM2NFSBALLGLQKPZUPX4.jpg%20420w\" srcset=\"https:\/\/www.infobae.com\/new-resizer\/XnXc7hhiT0Jg6asSFcd6k5ETgkA=\/420x236\/filters:format(jpg):quality(85)\/cloudfront-us-east-1.images.arcpublishing.com\/infobae\/POJALYMM2NFSBALLGLQKPZUPX4.jpg 420w,https:\/\/www.infobae.com\/new-resizer\/nCILi7iIZm0TyrMnZ7zAjxLEjH0=\/768x432\/filters:format(jpg):quality(85)\/cloudfront-us-east-1.images.arcpublishing.com\/infobae\/POJALYMM2NFSBALLGLQKPZUPX4.jpg 768w,https:\/\/www.infobae.com\/new-resizer\/jJQ6VeCGeg9KXJ4joLla_-QT_4g=\/992x558\/filters:format(jpg):quality(85)\/cloudfront-us-east-1.images.arcpublishing.com\/infobae\/POJALYMM2NFSBALLGLQKPZUPX4.jpg 992w,https:\/\/www.infobae.com\/new-resizer\/5fbb4lcLpSl3ShQTgYsHTY1IwGk=\/1200x675\/filters:format(jpg):quality(85)\/cloudfront-us-east-1.images.arcpublishing.com\/infobae\/POJALYMM2NFSBALLGLQKPZUPX4.jpg 1200w\">(Foto: C\u00e1mara de Diputados)<\/p>\n\n\n\n<p>La Legislatura que termina estaba conformada de la siguiente manera:<\/p>\n\n\n\n<p>253 legisladores (51.4%) de Morena.<\/p>\n\n\n\n<p>79 (15.6%) Partido Acci\u00f3n Nacional (PAN).<\/p>\n\n\n\n<p>48 (9.6%) Partido Revolucionario Institucional (PRI).<\/p>\n\n\n\n<p>48 (9.6%) Partido del Trabajo (PT).<\/p>\n\n\n\n<p>25 (5.0%) Movimiento Ciudadano (MC).<\/p>\n\n\n\n<p>19 (4.2%) Partido Encuentro Social (PES).<\/p>\n\n\n\n<p>6 (2.2%) Partido de la Revoluci\u00f3n Democr\u00e1tica (PRD).<\/p>\n\n\n\n<p>5 (2.2%) Partido Verde Ecologista de M\u00e9xico (PVEM).<\/p>\n\n\n\n<p>2 (0.8%) Sin Partido.<\/p>\n\n\n\n<p><img decoding=\"async\" height=\"1080\" width=\"1920\" srcset=\"https:\/\/www.infobae.com\/new-resizer\/HRpMH_dPGwKkduvqfQAInncuHV4=\/420x236\/filters:format(jpg):quality(85)\/cloudfront-us-east-1.images.arcpublishing.com\/infobae\/T47F4KIYLFDPRGAIM2VOMYTLKY.jpg 420w,https:\/\/www.infobae.com\/new-resizer\/bFoEX38wMPKv3qAW8Qp1UOfIQGs=\/768x432\/filters:format(jpg):quality(85)\/cloudfront-us-east-1.images.arcpublishing.com\/infobae\/T47F4KIYLFDPRGAIM2VOMYTLKY.jpg 768w,https:\/\/www.infobae.com\/new-resizer\/qq0vFS2B0sBOpzD6A_as287dS78=\/992x558\/filters:format(jpg):quality(85)\/cloudfront-us-east-1.images.arcpublishing.com\/infobae\/T47F4KIYLFDPRGAIM2VOMYTLKY.jpg 992w,https:\/\/www.infobae.com\/new-resizer\/RMN_coj5TGyOt4etRYsfiP9eC2I=\/1200x675\/filters:format(jpg):quality(85)\/cloudfront-us-east-1.images.arcpublishing.com\/infobae\/T47F4KIYLFDPRGAIM2VOMYTLKY.jpg 1200w\" alt=\"(Foto: Cuartocuro)\" src=\"https:\/\/www.infobae.com\/new-resizer\/HRpMH_dPGwKkduvqfQAInncuHV4=\/420x236\/filters:format(jpg):quality(85)\/cloudfront-us-east-1.images.arcpublishing.com\/infobae\/T47F4KIYLFDPRGAIM2VOMYTLKY.jpg%20420w\">(Foto: Cuartocuro)<\/p>\n\n\n\n<p>Aunque por s\u00ed solo, Morena ten\u00eda la mayor\u00eda simple, al sumar los votos de los partidos aliados (PT, PES, PVEM y Movimiento Ciudadano) hac\u00eda una mayor\u00eda arrolladora.&nbsp;<strong>De esta manera es como L\u00f3pez Obrador logr\u00f3 sacar adelante sus iniciativas<\/strong>&nbsp;como las reformas a la<strong>&nbsp;Ley de la Industria El\u00e9ctrica<\/strong>&nbsp;y la&nbsp;<strong>Ley de Hidrocarburos<\/strong>&nbsp;[las cuales priorizan las actividades de la Comisi\u00f3n Federal de Electricidad (CFE) y de Petr\u00f3leos Mexicanos (Pemex), respectivamente] aunque actualmente ambas est\u00e1n detenidas por amparos solicitados por empresas de capital extranjero, principalmente.<\/p>\n\n\n\n<p>Aplicando su mayor\u00eda, tambi\u00e9n han conseguido el&nbsp;<strong>dinero p\u00fablico para los principales proyectos de infraestructura<\/strong>&nbsp;del presidente, como son el&nbsp;<strong>Tren Maya, el aeropuerto Felipe \u00c1ngeles<\/strong>&nbsp;y la&nbsp;<strong>refiner\u00eda de Dos Bocas<\/strong>; as\u00ed como los&nbsp;<strong>programas sociales&nbsp;<\/strong>comobecas y pensiones.<\/p>\n\n\n\n<p>Es por eso que,&nbsp;<strong>todos los ojos est\u00e1n puestos en la manera que quedar\u00e1 conformado el Congreso&nbsp;<\/strong>luego de la jornada electoral del 6 de junio.<\/p>\n\n\n\n<p>Para que M\u00e9xico pueda avanzar y cimentar su fr\u00e1gil democracia,&nbsp;<strong>lo id\u00f3neo es que haya un equilibrio de fuerzas pol\u00edticas en la C\u00e1mara de Diputados<\/strong>. Sin embargo, las \u00faltimas encuestas se\u00f1alaban que Morena seguir\u00e1 reteniendo la mayor\u00eda junto con sus aliados, aunque no de la misma manera en que estaba conformada la Legislatura pasada, en donde ten\u00edan una mayor\u00eda absoluta.<\/p>\n\n\n\n<p><strong>El panorama para la 4T<\/strong><img loading=\"lazy\" decoding=\"async\" alt=\"El presidente Andr\u00e9s Manuel L\u00f3pez Obrador se juega su proyecto pol\u00edtico en las elecciones del 6 de junio de 2021 (Fotoarte: Infobae M\u00e9xico)\" height=\"1080\" width=\"1920\" src=\"https:\/\/www.infobae.com\/new-resizer\/NQvc8WikahsnnvMslljhyYYcnoA=\/420x236\/filters:format(jpg):quality(85)\/cloudfront-us-east-1.images.arcpublishing.com\/infobae\/HZKPEP4YBJGFZLML7MJRVSZAIU.jpg%20420w\" srcset=\"https:\/\/www.infobae.com\/new-resizer\/NQvc8WikahsnnvMslljhyYYcnoA=\/420x236\/filters:format(jpg):quality(85)\/cloudfront-us-east-1.images.arcpublishing.com\/infobae\/HZKPEP4YBJGFZLML7MJRVSZAIU.jpg 420w,https:\/\/www.infobae.com\/new-resizer\/2xpdgIO0cLMUT-TqkoGuG_GpfIo=\/768x432\/filters:format(jpg):quality(85)\/cloudfront-us-east-1.images.arcpublishing.com\/infobae\/HZKPEP4YBJGFZLML7MJRVSZAIU.jpg 768w,https:\/\/www.infobae.com\/new-resizer\/nsq3WHyVNMVtqZTMdiX2U1CxSFE=\/992x558\/filters:format(jpg):quality(85)\/cloudfront-us-east-1.images.arcpublishing.com\/infobae\/HZKPEP4YBJGFZLML7MJRVSZAIU.jpg 992w,https:\/\/www.infobae.com\/new-resizer\/93nOQ4szFcAmzIqA4oRehi3J8G0=\/1200x675\/filters:format(jpg):quality(85)\/cloudfront-us-east-1.images.arcpublishing.com\/infobae\/HZKPEP4YBJGFZLML7MJRVSZAIU.jpg 1200w\">El presidente Andr\u00e9s Manuel L\u00f3pez Obrador se juega su proyecto pol\u00edtico en las elecciones del 6 de junio de 2021 (Fotoarte: Infobae M\u00e9xico)<\/p>\n\n\n\n<p>Para seguir avanzando en la implementaci\u00f3n de la llamada Cuarta Transformaci\u00f3n, la administraci\u00f3n de L\u00f3pez Obrador&nbsp;<strong>necesita 331 legisladores en el Congreso<\/strong>, por lo que&nbsp;<strong>un resultado m\u00e1s equilibrado en la C\u00e1mara de Diputados, har\u00eda tambalear su proyecto de naci\u00f3n.<\/strong><\/p>\n\n\n\n<p>En caso de que esto ocurriera,&nbsp;<strong>el gobierno del pol\u00edtico tabasque\u00f1o se ver\u00eda obligado a negociar y hacer concesiones para conseguir los legisladores que pudieran hacerle falta&nbsp;<\/strong>para sacar adelante sus reformas e iniciativas que a\u00fan est\u00e1n pendientes en el Congreso.<\/p>\n\n\n\n<p>Uno de estos grandes pendientes es&nbsp;<strong>la Ley General de Educaci\u00f3n Superior<\/strong>, la cual establece la obligatoriedad de la educaci\u00f3n superior y reitera la gratuidad de las universidades p\u00fablicas.<\/p>\n\n\n\n<p>Tambi\u00e9n est\u00e1n en el tintero la&nbsp;<strong>ley org\u00e1nica de la Fiscal\u00eda General de la Rep\u00fablica (FGR)<\/strong>, la&nbsp;<strong>Ley del Banco de M\u00e9xico,<\/strong>&nbsp;la&nbsp;<strong>Ley General de Ciencia, Tecnolog\u00eda e Innovaci\u00f3n<\/strong>, y la&nbsp;<strong>Ley Federal para la Regulaci\u00f3n del Cannabis&nbsp;<\/strong>(marihuana)<strong>.<\/strong><\/p>\n\n\n\n<p>Sin embargo,&nbsp;<strong>la elecci\u00f3n de gobernadores tambi\u00e9n es muy importante&nbsp;<\/strong>para el pol\u00edtico tabasque\u00f1o, ya que con ello se juega la&nbsp;<strong>gobernabilidad del pa\u00eds<\/strong>.<img loading=\"lazy\" decoding=\"async\" alt=\"(Fotoarte: Infobae M\u00e9xico)\" height=\"1080\" width=\"1920\" src=\"https:\/\/www.infobae.com\/new-resizer\/4lRJ1_CNFQwQqX16gOonRrBYeWA=\/420x236\/filters:format(jpg):quality(85)\/cloudfront-us-east-1.images.arcpublishing.com\/infobae\/PFLFWFWU7VCYPMG22NLML4PNLQ.jpg%20420w\" srcset=\"https:\/\/www.infobae.com\/new-resizer\/4lRJ1_CNFQwQqX16gOonRrBYeWA=\/420x236\/filters:format(jpg):quality(85)\/cloudfront-us-east-1.images.arcpublishing.com\/infobae\/PFLFWFWU7VCYPMG22NLML4PNLQ.jpg 420w,https:\/\/www.infobae.com\/new-resizer\/lv2kYhmW5l2ERUCdTGbn1yN2iEI=\/768x432\/filters:format(jpg):quality(85)\/cloudfront-us-east-1.images.arcpublishing.com\/infobae\/PFLFWFWU7VCYPMG22NLML4PNLQ.jpg 768w,https:\/\/www.infobae.com\/new-resizer\/n5LeMgPCdJW5qy3cFiHKpKeHt9A=\/992x558\/filters:format(jpg):quality(85)\/cloudfront-us-east-1.images.arcpublishing.com\/infobae\/PFLFWFWU7VCYPMG22NLML4PNLQ.jpg 992w,https:\/\/www.infobae.com\/new-resizer\/ARyAQbMMfWmoCNZRkpjucw248_s=\/1200x675\/filters:format(jpg):quality(85)\/cloudfront-us-east-1.images.arcpublishing.com\/infobae\/PFLFWFWU7VCYPMG22NLML4PNLQ.jpg 1200w\">(Fotoarte: Infobae M\u00e9xico)<\/p>\n\n\n\n<p><strong>En esta elecci\u00f3n se renuevan 15 gubernaturas, algunas de ellas clave para el gobierno federal<\/strong>, como las que transcurren en el norte del pa\u00eds, en espec\u00edfico, en&nbsp;<strong>Nuevo Le\u00f3n<\/strong>, conocido por ser uno de los motores econ\u00f3micos del pa\u00eds, toda vez que es la tercera entidad federativa que m\u00e1s aporta al Producto Interno Bruto (PIB) nacional, solo despu\u00e9s de la Ciudad de M\u00e9xico y el Estado de M\u00e9xico.<\/p>\n\n\n\n<p>Adem\u00e1s, Nuevo Le\u00f3n tambi\u00e9n es clave en la geograf\u00eda del pa\u00eds, ya que hace frontera con Estados Unidos, el socio comercial m\u00e1s importante de M\u00e9xico.<\/p>\n\n\n\n<p>Pero la candidata de Morena en aquella entidad, Clara Luz Flores, estar\u00eda lejos de poder ganar la elecci\u00f3n, luego de enfrentar una serie de esc\u00e1ndalos, por lo que la gubernatura quedar\u00eda en manos de la oposici\u00f3n.<\/p>\n\n\n\n<p><strong>Durante las campa\u00f1as, el propio Andr\u00e9s Manuel L\u00f3pez Obrador admiti\u00f3 que estaba interviniendo de manera directa en el proceso electoral de esa entidad<\/strong>.&nbsp;<strong>Nunca antes, alg\u00fan mandatario mexicano hab\u00eda admitido de manera p\u00fablica que estaba interviniendo en un proceso electoral, lo que representa una clara violaci\u00f3n a la ley.<\/strong><\/p>\n\n\n\n<p>Otra entidad que representa un gran inter\u00e9s este 6 de junio es la&nbsp;<strong>Ciudad de M\u00e9xico<\/strong>, gobernada por Claudia Sheinbaum, quien suena fuerte para ser la candidata presidencial de Morena en los comicios de 2024.<\/p>\n\n\n\n<p><strong>En la capital del pa\u00eds se juegan las 16 alcald\u00edas y 66 diputaciones<\/strong>. El Congreso local est\u00e1 conformada por 33 diputados electos por el principio de mayor\u00eda relativa y 33 por el principio de representaci\u00f3n proporcional.<img loading=\"lazy\" decoding=\"async\" alt=\"Transe\u00fantes pasan frente a propaganda electoral hoy, jueves en Ciudad de M\u00e9xico. EFE\/Carlos Ram\u00edrez\n\" height=\"1468\" width=\"2142\" src=\"https:\/\/www.infobae.com\/new-resizer\/9y2786QyFcXgdQy_vXUUZW2RoEI=\/420x280\/filters:format(jpg):quality(85)\/cloudfront-us-east-1.images.arcpublishing.com\/infobae\/NBQVKKHDR5EQHGLAJCNFVYU2AQ.jpg%20420w\" srcset=\"https:\/\/www.infobae.com\/new-resizer\/9y2786QyFcXgdQy_vXUUZW2RoEI=\/420x280\/filters:format(jpg):quality(85)\/cloudfront-us-east-1.images.arcpublishing.com\/infobae\/NBQVKKHDR5EQHGLAJCNFVYU2AQ.jpg 420w,https:\/\/www.infobae.com\/new-resizer\/V4cG_5UQEFQIcVPD8M1Vyow5YSk=\/768x512\/filters:format(jpg):quality(85)\/cloudfront-us-east-1.images.arcpublishing.com\/infobae\/NBQVKKHDR5EQHGLAJCNFVYU2AQ.jpg 768w,https:\/\/www.infobae.com\/new-resizer\/55K9qgTaN6uEsOKsjLRwHtuFojI=\/992x661\/filters:format(jpg):quality(85)\/cloudfront-us-east-1.images.arcpublishing.com\/infobae\/NBQVKKHDR5EQHGLAJCNFVYU2AQ.jpg 992w,https:\/\/www.infobae.com\/new-resizer\/TjSijFd_-szGtyA_cQ1H8cTRF3M=\/1200x800\/filters:format(jpg):quality(85)\/cloudfront-us-east-1.images.arcpublishing.com\/infobae\/NBQVKKHDR5EQHGLAJCNFVYU2AQ.jpg 1200w\">Transe\u00fantes pasan frente a propaganda electoral hoy, jueves en Ciudad de M\u00e9xico. EFE\/Carlos Ram\u00edrez<\/p>\n\n\n\n<p>Al igual que en la C\u00e1mara de Diputados federal, el Congreso de la Ciudad de M\u00e9xico estaba dominado por Morena (33 diputados), seguido del PAN (11), Sin Partido (6), PRD (5), PRI (4), PT (3), Partido Encuentro Social (hoy, Encuentro Solidario, 2) y PVEM (1).<\/p>\n\n\n\n<p><strong>Aqu\u00ed tambi\u00e9n se espera que Morena retenga la mayor\u00eda<\/strong>, aunque el n\u00famero de sus legisladores podr\u00eda no ser el mismo que manten\u00eda en la anterior Legislatura.<\/p>\n\n\n\n<p><strong>Pero en el caso de las alcald\u00edas, las previsiones mostraban que Morena perder\u00eda algunos territorios en los que ya gobernaba<\/strong>. Entre los distritos donde se espera una mayor competencia est\u00e1n las alcald\u00edas de Miguel Hidalgo, \u00c1lvaro Obreg\u00f3n y Coyoac\u00e1n.<\/p>\n\n\n\n<p>Ante esta posibilidad y debido a la&nbsp;<strong>alta polarizaci\u00f3n&nbsp;<\/strong>que se vivi\u00f3 durante las campa\u00f1as electorales, es que las autoridades capitalinas han prendido los&nbsp;<strong>focos rojos en varias partes de la Ciudad<\/strong>&nbsp;para esta jornada c\u00edvica y han desplegado un plan operativo con principal atenci\u00f3n en \u201cposibles puntos de conflicto\u201d, donde habr\u00e1 binomios conformados por agentes del Ministerio P\u00fablico y Polic\u00eda de Investigaci\u00f3n.<\/p>\n\n\n\n<p>Para la Fiscal\u00eda General de Justicia de la Ciudad de M\u00e9xico,&nbsp;<strong>los principales puntos de atenci\u00f3n&nbsp;<\/strong>son la parte alta de la&nbsp;<strong>Magdalena Contreras<\/strong>, la zona colindante entre&nbsp;<strong>\u00c1lvaro Obreg\u00f3n y Cuajimalpa<\/strong>, los Culhuacanes en&nbsp;<strong>Coyoac\u00e1n<\/strong>&nbsp;y finalmente,&nbsp;<strong>Cuautepec en la alcald\u00eda Gustavo A. Madero<\/strong>.<\/p>\n\n\n\n<p><strong>\u201cZonas donde se han generado niveles distintos de violencia, podemos imaginar que generaron coacci\u00f3n\u201d<\/strong>, informaron durante la conferencia de prensa.<\/p>\n\n\n\n<p>Otro estado en donde se mantienen los ojos puestos es&nbsp;<strong>Guerrero<\/strong>.<img loading=\"lazy\" decoding=\"async\" alt=\"(Foto: Cuartoscuro)\" height=\"1080\" width=\"1920\" src=\"https:\/\/www.infobae.com\/new-resizer\/A0TwbH3k9g2dKVSY6j9gUeRVgsU=\/420x236\/filters:format(jpg):quality(85)\/cloudfront-us-east-1.images.arcpublishing.com\/infobae\/5CWZQ3IIHRCITHLOJLJ6C27HCU.jpg%20420w\" srcset=\"https:\/\/www.infobae.com\/new-resizer\/A0TwbH3k9g2dKVSY6j9gUeRVgsU=\/420x236\/filters:format(jpg):quality(85)\/cloudfront-us-east-1.images.arcpublishing.com\/infobae\/5CWZQ3IIHRCITHLOJLJ6C27HCU.jpg 420w,https:\/\/www.infobae.com\/new-resizer\/A3ln-PDZatO2u9OW9x_7vkVz8JQ=\/768x432\/filters:format(jpg):quality(85)\/cloudfront-us-east-1.images.arcpublishing.com\/infobae\/5CWZQ3IIHRCITHLOJLJ6C27HCU.jpg 768w,https:\/\/www.infobae.com\/new-resizer\/2rE3k4D7nBudHD2-9kDYzlaShjM=\/992x558\/filters:format(jpg):quality(85)\/cloudfront-us-east-1.images.arcpublishing.com\/infobae\/5CWZQ3IIHRCITHLOJLJ6C27HCU.jpg 992w,https:\/\/www.infobae.com\/new-resizer\/kvrpqFmTKrEl32dLjxljmmPZ8xI=\/1200x675\/filters:format(jpg):quality(85)\/cloudfront-us-east-1.images.arcpublishing.com\/infobae\/5CWZQ3IIHRCITHLOJLJ6C27HCU.jpg 1200w\">(Foto: Cuartoscuro)<\/p>\n\n\n\n<p>Luego de un polarizado proceso en donde el candidato de Morena,&nbsp;<strong>F\u00e9lix Salgado Macedonio<\/strong>&nbsp;-sobre quien pesan al menos cinco acusaciones de violaci\u00f3n contra igual n\u00famero de mujeres-, fue retirado de la contienda por orden del Consejo General del INE, que determin\u00f3 que el aspirante no entreg\u00f3 en tiempo y forma sus gastos de campa\u00f1a; se realiz\u00f3 un \u201cproceso interno\u201d para elegir a su nuevo representante, en el que sali\u00f3 \u201cganadora\u201d&nbsp;<strong>Evelyn Salgado, hija del pol\u00e9mico pol\u00edtico guerrerense<\/strong>.<\/p>\n\n\n\n<p>Sin embargo, el tambi\u00e9n senador y exalcalde de Acapulco, arremeti\u00f3 contra el INE, instituci\u00f3n a la que amenaz\u00f3 con la desaparici\u00f3n -lo cual dijo, impulsar\u00eda desde el Senado de la Rep\u00fablica-, al tiempo que tambi\u00e9n azuz\u00f3 con agredir a los consejeros que votaron por su destituci\u00f3n como candidato.<\/p>\n\n\n\n<p>La radicalizaci\u00f3n del proceso en aquella entidad, m\u00e1s el entorno de violencia que de por s\u00ed vive en la zona, y la posibilidad de un conflicto postelectoral, hacen que la jornada electoral sea un foco rojo.<\/p>\n\n\n\n<p>Los comicios en&nbsp;<strong>Michoac\u00e1n&nbsp;<\/strong>-en donde se elegir\u00e1 gobernador, 40 diputaciones y a las autoridades de 112 ayuntamientos-<strong>&nbsp;tambi\u00e9n representan una alerta<\/strong>, principalmente por la violencia generada por los c\u00e1rteles que dominan la regi\u00f3n, como el&nbsp;<strong>C\u00e1rtel Jalisco Nueva Generaci\u00f3n&nbsp;<\/strong>y la<strong>&nbsp;Nueva Familia Michoacana.<\/strong><\/p>\n\n\n\n<p>El&nbsp;<strong>Estado de M\u00e9xico&nbsp;<\/strong>es otra entidad en donde se ha puesto especial atenci\u00f3n<strong>.&nbsp;<\/strong>Si bien, solo se elegir\u00e1n 25 diputaciones as\u00ed como a las autoridades de 125 ayuntamientos, algunos acontecimientos como el<strong>&nbsp;secuestro y amenazas de muerte contra Zudikey Rodr\u00edguez,&nbsp;<\/strong>la velocista ol\u00edmpica candidata de la coalici\u00f3n PRI-PAN-PRD a la presidencia municipal de&nbsp;<strong>Valle de Bravo as\u00ed como el presunto apoyo del crimen organizado a la candidata de Morena en ese municipio, Michelle N\u00fa\u00f1ez<\/strong>,mantiene la alerta en esta jornada electoral.<img loading=\"lazy\" decoding=\"async\" alt=\"Foto: EFE\/Francisco Guasco\/Archivo\n\" height=\"2690\" width=\"4077\" src=\"https:\/\/www.infobae.com\/new-resizer\/naMO7Pijtm9729u1YKuFWOB02_A=\/420x280\/filters:format(jpg):quality(85)\/cloudfront-us-east-1.images.arcpublishing.com\/infobae\/XHQEUCRSQNBPTAUOA76P5NONZM.jpg%20420w\" srcset=\"https:\/\/www.infobae.com\/new-resizer\/naMO7Pijtm9729u1YKuFWOB02_A=\/420x280\/filters:format(jpg):quality(85)\/cloudfront-us-east-1.images.arcpublishing.com\/infobae\/XHQEUCRSQNBPTAUOA76P5NONZM.jpg 420w,https:\/\/www.infobae.com\/new-resizer\/F0kFBC7OACadKqJuuTxMhTkXntg=\/768x512\/filters:format(jpg):quality(85)\/cloudfront-us-east-1.images.arcpublishing.com\/infobae\/XHQEUCRSQNBPTAUOA76P5NONZM.jpg 768w,https:\/\/www.infobae.com\/new-resizer\/93c_s1EfT9pURS8mvGiA4paUTr8=\/992x661\/filters:format(jpg):quality(85)\/cloudfront-us-east-1.images.arcpublishing.com\/infobae\/XHQEUCRSQNBPTAUOA76P5NONZM.jpg 992w,https:\/\/www.infobae.com\/new-resizer\/nahp94Pv3c9gWJFjAKvIJQd7K9I=\/1200x800\/filters:format(jpg):quality(85)\/cloudfront-us-east-1.images.arcpublishing.com\/infobae\/XHQEUCRSQNBPTAUOA76P5NONZM.jpg 1200w\">Foto: EFE\/Francisco Guasco\/Archivo<\/p>\n\n\n\n<p><strong>Tamaulipas<\/strong>, en donde se elegir\u00e1n 36 diputaciones y 43 ayuntamientos, tambi\u00e9n representa un foco rojo por el&nbsp;<strong>alto nivel de violencia ocasionada por el crimen organizado y la crispaci\u00f3n pol\u00edtica derivada de la pugna entre el gobierno federal y estatal,&nbsp;<\/strong>por la intenci\u00f3n de desaforar y llevar a prisi\u00f3n al actual gobernador Francisco Javier Garc\u00eda Cabeza de Vaca, acus\u00e1ndolo de delitos lavado de dinero, delincuencia organizada y fraude fiscal; por lo que el mandatario estatal ya obtuvo un amparo para evitar ser detenido.<\/p>\n\n\n\n<p>Debido al panorama de alta polarizaci\u00f3n, pero -sobre todo- porque los actuales comicios&nbsp;<strong>se han convertido en los m\u00e1s violentos en la historia del pa\u00eds<\/strong>, m\u00e1s de 100,000 elementos de la Guardia Nacional, del Ej\u00e9rcito y la Marina, vigilan el desarrollo de esta jornada electoral con la finalidad de inhibir actos de violencia y la comisi\u00f3n de delitos.<\/p>\n\n\n\n<p><strong>Este domingo 6 de junio, los m\u00e1s de 93.4 millones de ciudadanos que est\u00e1n llamados a votar<\/strong>\u00a0en lo que se ha definido como la elecci\u00f3n m\u00e1s grande de la historia de nuestra naci\u00f3n,\u00a0<strong>tienen la alta responsabilidad de emitir un sufragio razonado<\/strong>, para definir el destino inmediato que se quiere para el pa\u00eds.<\/p>\n\n\n\n<p>Fuente: https:\/\/www.infobae.com\/america\/mexico\/2021\/06\/05\/como-llega-amlo-a-las-elecciones-del-6-de-junio-esto-es-todo-lo-que-se-juega\/<\/p>\n","protected":false},"excerpt":{"rendered":"<p>Nunca antes en la historia de M\u00e9xico, unas elecciones intermedias hab\u00edan sido tan relevantes. Este domingo no solo se disputan [&hellip;]<\/p>\n","protected":false},"author":1,"featured_media":8775,"comment_status":"open","ping_status":"open","sticky":false,"template":"","format":"standard","meta":{"site-sidebar-layout":"default","site-content-layout":"","ast-site-content-layout":"default","site-content-style":"default","site-sidebar-style":"default","ast-global-header-display":"","ast-banner-title-visibility":"","ast-main-header-display":"","ast-hfb-above-header-display":"","ast-hfb-below-header-display":"","ast-hfb-mobile-header-display":"","site-post-title":"","ast-breadcrumbs-content":"","ast-featured-img":"","footer-sml-layout":"","theme-transparent-header-meta":"","adv-header-id-meta":"","stick-header-meta":"","header-above-stick-meta":"","header-main-stick-meta":"","header-below-stick-meta":"","astra-migrate-meta-layouts":"default","ast-page-background-enabled":"default","ast-page-background-meta":{"desktop":{"background-color":"var(--ast-global-color-4)","background-image":"","background-repeat":"repeat","background-position":"center center","background-size":"auto","background-attachment":"scroll","background-type":"","background-media":"","overlay-type":"","overlay-color":"","overlay-opacity":"","overlay-gradient":""},"tablet":{"background-color":"","background-image":"","background-repeat":"repeat","background-position":"center center","background-size":"auto","background-attachment":"scroll","background-type":"","background-media":"","overlay-type":"","overlay-color":"","overlay-opacity":"","overlay-gradient":""},"mobile":{"background-color":"","background-image":"","background-repeat":"repeat","background-position":"center center","background-size":"auto","background-attachment":"scroll","background-type":"","background-media":"","overlay-type":"","overlay-color":"","overlay-opacity":"","overlay-gradient":""}},"ast-content-background-meta":{"desktop":{"background-color":"var(--ast-global-color-5)","background-image":"","background-repeat":"repeat","background-position":"center center","background-size":"auto","background-attachment":"scroll","background-type":"","background-media":"","overlay-type":"","overlay-color":"","overlay-opacity":"","overlay-gradient":""},"tablet":{"background-color":"var(--ast-global-color-5)","background-image":"","background-repeat":"repeat","background-position":"center center","background-size":"auto","background-attachment":"scroll","background-type":"","background-media":"","overlay-type":"","overlay-color":"","overlay-opacity":"","overlay-gradient":""},"mobile":{"background-color":"var(--ast-global-color-5)","background-image":"","background-repeat":"repeat","background-position":"center center","background-size":"auto","background-attachment":"scroll","background-type":"","background-media":"","overlay-type":"","overlay-color":"","overlay-opacity":"","overlay-gradient":""}},"footnotes":""},"categories":[8],"tags":[1884,1885],"class_list":["post-8773","post","type-post","status-publish","format-standard","has-post-thumbnail","hentry","category-noticias","tag-amlo-a-mitad-del-sexenio","tag-elecciones-amlo-que-se-juega"],"_links":{"self":[{"href":"https:\/\/losperiodistas.com.mx\/portal\/wp-json\/wp\/v2\/posts\/8773","targetHints":{"allow":["GET"]}}],"collection":[{"href":"https:\/\/losperiodistas.com.mx\/portal\/wp-json\/wp\/v2\/posts"}],"about":[{"href":"https:\/\/losperiodistas.com.mx\/portal\/wp-json\/wp\/v2\/types\/post"}],"author":[{"embeddable":true,"href":"https:\/\/losperiodistas.com.mx\/portal\/wp-json\/wp\/v2\/users\/1"}],"replies":[{"embeddable":true,"href":"https:\/\/losperiodistas.com.mx\/portal\/wp-json\/wp\/v2\/comments?post=8773"}],"version-history":[{"count":1,"href":"https:\/\/losperiodistas.com.mx\/portal\/wp-json\/wp\/v2\/posts\/8773\/revisions"}],"predecessor-version":[{"id":8776,"href":"https:\/\/losperiodistas.com.mx\/portal\/wp-json\/wp\/v2\/posts\/8773\/revisions\/8776"}],"wp:featuredmedia":[{"embeddable":true,"href":"https:\/\/losperiodistas.com.mx\/portal\/wp-json\/wp\/v2\/media\/8775"}],"wp:attachment":[{"href":"https:\/\/losperiodistas.com.mx\/portal\/wp-json\/wp\/v2\/media?parent=8773"}],"wp:term":[{"taxonomy":"category","embeddable":true,"href":"https:\/\/losperiodistas.com.mx\/portal\/wp-json\/wp\/v2\/categories?post=8773"},{"taxonomy":"post_tag","embeddable":true,"href":"https:\/\/losperiodistas.com.mx\/portal\/wp-json\/wp\/v2\/tags?post=8773"}],"curies":[{"name":"wp","href":"https:\/\/api.w.org\/{rel}","templated":true}]}}