{"id":87726,"date":"2024-10-12T00:53:23","date_gmt":"2024-10-12T05:53:23","guid":{"rendered":"https:\/\/losperiodistas.com.mx\/portal\/?p=87726"},"modified":"2024-10-12T00:53:26","modified_gmt":"2024-10-12T05:53:26","slug":"la-dificil-situacion-de-salud-de-morante-de-la-puebla-el-apoyo-de-su-mujer-y-sus-tres-hijos-y-un-regreso-truncado-a-los-toros-jaleos-del-corazon","status":"publish","type":"post","link":"https:\/\/losperiodistas.com.mx\/portal\/la-dificil-situacion-de-salud-de-morante-de-la-puebla-el-apoyo-de-su-mujer-y-sus-tres-hijos-y-un-regreso-truncado-a-los-toros-jaleos-del-corazon\/","title":{"rendered":"La dif\u00edcil situaci\u00f3n de salud de Morante de la Puebla: el apoyo de su mujer y sus tres hijos y un regreso truncado a los toros | Jaleos del Coraz\u00f3n"},"content":{"rendered":"\n<ul class=\"wp-block-list\">\n<li>EL ESPA\u00d1OL ha confirmado que el diestro cigarrero\u00a0no podr\u00e1 actuar este s\u00e1bado, 12 de octubre, en La Maestranza a causa de su problema de salud.\u00a0<\/li>\n\n\n\n<li><strong>M\u00e1s informaci\u00f3n<\/strong>:<a href=\"https:\/\/www.elespanol.com\/sevilla\/20240607\/morante-puebla-corta-temporada-tiempo-indefinido-no-responde-antidepresivos\/861164182_0.html\">\u00a0Morante de La Puebla corta la temporada por tiempo indefinido: \u00abNo responde a los antidepresivos\u00bb<\/a>.<\/li>\n<\/ul>\n\n\n\n<figure class=\"wp-block-image size-large\"><img fetchpriority=\"high\" decoding=\"async\" width=\"1024\" height=\"576\" src=\"https:\/\/losperiodistas.com.mx\/portal\/wp-content\/uploads\/2024\/10\/892671049_249927133_1706x960-1024x576.webp\" alt=\"\" class=\"wp-image-87728\" srcset=\"https:\/\/losperiodistas.com.mx\/portal\/wp-content\/uploads\/2024\/10\/892671049_249927133_1706x960-1024x576.webp 1024w, https:\/\/losperiodistas.com.mx\/portal\/wp-content\/uploads\/2024\/10\/892671049_249927133_1706x960-300x169.webp 300w, https:\/\/losperiodistas.com.mx\/portal\/wp-content\/uploads\/2024\/10\/892671049_249927133_1706x960-768x432.webp 768w, https:\/\/losperiodistas.com.mx\/portal\/wp-content\/uploads\/2024\/10\/892671049_249927133_1706x960-1536x864.webp 1536w, https:\/\/losperiodistas.com.mx\/portal\/wp-content\/uploads\/2024\/10\/892671049_249927133_1706x960.webp 1706w\" sizes=\"(max-width: 1024px) 100vw, 1024px\" \/><figcaption class=\"wp-element-caption\">El diestro Morante de la Puebla junto a su esposa, Elisabeth Garrido, en una boda en 2016.\u00a0Gtres<\/figcaption><\/figure>\n\n\n\n<p>12 octubre, 2024\u00a0<\/p>\n\n\n\n<p class=\"has-vivid-red-color has-text-color has-link-color has-medium-font-size wp-elements-48a4f293b7a285e46b21285fa2199c17\"><strong><a href=\"https:\/\/www.elespanol.com\/autor\/jesus_carmona\/\">Jes\u00fas Carmona<\/a> \/ Jaleos del Coraz\u00f3n \/ El Espa\u00f1ol<\/strong><\/p>\n\n\n\n<p id=\"paragraph_1\">Era su&nbsp;<strong>sue\u00f1o<\/strong>, as\u00ed lo manifest\u00f3 a su entorno m\u00e1s pr\u00f3ximo, pero no ha podido ser: el diestro&nbsp;<strong><a href=\"https:\/\/www.elespanol.com\/sevilla\/20240607\/morante-puebla-corta-temporada-tiempo-indefinido-no-responde-antidepresivos\/861164182_0.html\">Jos\u00e9 Antonio Morante de la Puebla<\/a>&nbsp;<\/strong>(45 a\u00f1os)&nbsp;<strong>causar\u00e1 baja<\/strong>&nbsp;en&nbsp;<strong>La Maestranza<\/strong>, este s\u00e1bado, 12 de octubre, en el homenaje a&nbsp;<strong>Curro Romero<\/strong>&nbsp;(90). La esperanza no la perdi\u00f3 Morante hasta el final, pero su salud no le permite vestirse de luces.<\/p>\n\n\n\n<p id=\"paragraph_2\"><strong>EL ESPA\u00d1OL<\/strong>&nbsp;ha confirmado que la raz\u00f3n de su cancelaci\u00f3n tiene que ver con sus&nbsp;<strong>problemas de salud<\/strong>. De la Puebla ser\u00e1 sustituido por el&nbsp;torero de Salteras<strong>&nbsp;Manuel Jes\u00fas El Cid<\/strong>&nbsp;(50). El diestro no atraviesa un buen momento. Lo cierto es que lleva tiempo, a\u00f1os -cerca de 20-, batallando contra sus dolencias de<strong>&nbsp;salud mental<\/strong>.<\/p>\n\n\n\n<p id=\"paragraph_3\">El diestro padece&nbsp;una&nbsp;<strong>enfermedad&nbsp;<\/strong>que arrastra desde hace d\u00e9cadas. En concreto, se trata de&nbsp;<strong>un&nbsp;trastorno&nbsp;de la personalidad y&nbsp;bipolaridad<\/strong>.&nbsp;Su&nbsp;<strong>d\u00e9bil estado<\/strong>&nbsp;lo llev\u00f3, incluso, a&nbsp;<strong>retirarse<\/strong>&nbsp;un largo tiempo en 2004.&nbsp;Esas dolencias han rebrotado en los \u00faltimos tiempos obligando al matador a seguir un&nbsp;<strong>estricto tratamiento<\/strong>.<\/p>\n\n\n\n<figure class=\"wp-block-image\"><img decoding=\"async\" src=\"https:\/\/s1.elespanol.com\/2019\/08\/31\/toros\/corridas_toros-plazas_de_toros-toros_425720394_133471193_320x180.jpg\" alt=\"\"\/><\/figure>\n\n\n\n<p><a href=\"https:\/\/www.elespanol.com\/sevilla\/20240923\/morante-no-actuara-proximo-domingo-feria-taurina-san-miguel-sustituira-pablo-aguado\/888161411_0.html\">Morante no actuar\u00e1 el pr\u00f3ximo domingo en la feria taurina de San Miguel: lo sustituir\u00e1 Pablo Aguado<\/a><\/p>\n\n\n\n<p><img decoding=\"async\" alt=\"Morante de la Puebla y su mujer, Elisabeth, en una imagen tomada en abril de 2018.\" height=\"180\" src=\"https:\/\/s1.elespanol.com\/2024\/10\/11\/actualidad\/892671211_249932060_1024x576.jpg\" srcset=\"https:\/\/s1.elespanol.com\/2024\/10\/11\/actualidad\/892671211_249932063_320x180.jpg 320w, https:\/\/s1.elespanol.com\/2024\/10\/11\/actualidad\/892671211_249932062_640x360.jpg 640w, https:\/\/s1.elespanol.com\/2024\/10\/11\/actualidad\/892671211_249932061_864x486.jpg 864w, https:\/\/s1.elespanol.com\/2024\/10\/11\/actualidad\/892671211_249932060_1024x576.jpg 1024w, https:\/\/s1.elespanol.com\/2024\/10\/11\/actualidad\/892671211_249932059_1706x960.jpg 1706w\" width=\"320\"><\/p>\n\n\n\n<p>Morante de la Puebla y su mujer, Elisabeth, en una imagen tomada en abril de 2018.&nbsp;Gtres<\/p>\n\n\n\n<p id=\"paragraph_5\">Los facultativos que le atienden le recomendaron retomar el ejercicio de su profesi\u00f3n, pero hay etapas que no son f\u00e1ciles. El pasado mes de junio su apoderado,&nbsp;<strong>Pedro Marques<\/strong>, anunci\u00f3 lo que sigue: \u00ab<strong>No responde a los antidepresivos<\/strong>&nbsp;y adem\u00e1s en los \u00faltimos d\u00edas le hemos hecho pruebas de todo tipo. Le fallaban las piernas y se quedaba como sin fuerza\u00bb.&nbsp;<\/p>\n\n\n\n<p id=\"paragraph_6\">Fue entonces, antes del verano, cuando Morante se retir\u00f3 de los ruedos por tiempo indefinido.&nbsp;<strong>Tocaba cuidarse<\/strong>,<strong>&nbsp;reponerse<\/strong>. Lo que iba a hacer este s\u00e1bado en La Maestranza era algo especial, puntual, un<strong>&nbsp;gesto de cari\u00f1o y admiraci\u00f3n hacia Curro<\/strong>, al que tanto quiere.&nbsp;<\/p>\n\n\n\n<p><img decoding=\"async\" alt=\"Morante de la Puebla, recibiendo un premio en Sevilla, el pasado mes de febrero.\" height=\"1152\" src=\"https:\/\/s1.elespanol.com\/2024\/10\/11\/actualidad\/892671216_249932192_960x1706.jpg\" srcset=\"https:\/\/s1.elespanol.com\/2024\/10\/11\/actualidad\/892671216_249932193_648x1152.jpg 648w, https:\/\/s1.elespanol.com\/2024\/10\/11\/actualidad\/892671216_249932192_960x1706.jpg 960w\" width=\"648\"><\/p>\n\n\n\n<p>Morante de la Puebla, recibiendo un premio en Sevilla, el pasado mes de febrero.&nbsp;Gtres<\/p>\n\n\n\n<p id=\"paragraph_8\">Quien conoce la situaci\u00f3n de Morante apunta que su situaci\u00f3n es y estado es cambiante. Visiblemente afectado se le pudo ver el pasado mes de febrero cuando fue a recoger el&nbsp;<strong>Premio Andaluc\u00eda de Tauromaquia<\/strong>, junto a Curro Romero, pero despu\u00e9s ha seguido toreando en distintas plazas.&nbsp;<\/p>\n\n\n\n<p id=\"paragraph_9\">La persona con la que EL ESPA\u00d1OL contacta resalta la gran importancia que tiene la&nbsp;<strong>familia<\/strong>&nbsp;para Jos\u00e9 Antonio. A su lado, incondicionalmente, est\u00e1n su mujer,&nbsp;<strong>Elisabeth Garrido<\/strong>, y sus tres hijos. Esa es la&nbsp;<strong>red de apoyo<\/strong>, el asidero donde se refugia De la Puebla en sus peores momentos. Detalla quien lo sabe que Garrido no deja solo a su esposo en sus distintas corridas.&nbsp;<\/p>\n\n\n\n<p id=\"paragraph_10\">En el tendido, siempre est\u00e1 ella. Es de las pocas mujeres de torero que acompa\u00f1a a su marido a la plaza. Siempre discreta, Elisabeth, natural de&nbsp;<strong>La Puebla del R\u00edo<\/strong>&nbsp;-Sevilla-, lugar al que el diestro debe la mitad de su nombre, es la segunda mujer de Morante desde hace 14 a\u00f1os. La dupla se conoc\u00eda desde que ambos eran ni\u00f1os.&nbsp;<strong>Se casaron el 2 de noviembre de 2010<\/strong>&nbsp;despu\u00e9s de apenas un a\u00f1o de noviazgo.<\/p>\n\n\n\n<p id=\"paragraph_11\">La ceremonia tuvo lugar en la Hacienda Los \u00c1ngeles, en la localidad de Alcal\u00e1 de Guadaira. Alrededor de&nbsp;<strong>150<\/strong>&nbsp;invitados fueron testigos del amor. No fue \u00e9ste un enlace tan multitudinario como el primero que protagoniz\u00f3 el andaluz. Entre los asistentes, hubo algunos rostros conocidos como&nbsp;<strong>Curro V\u00e1zquez<\/strong>. El feliz matrimonio tiene dos hijas:<strong>&nbsp;Mar\u00eda<\/strong>&nbsp;(13) y&nbsp;<strong>Lola<\/strong>&nbsp;(11).<\/p>\n\n\n\n<p id=\"paragraph_12\">A la familia se suma&nbsp;<strong>Jos\u00e9 Antonio<\/strong>&nbsp;(17), el primog\u00e9nito de Morante fruto de su pasada historia de amor con<strong>&nbsp;Cynthia Ant\u00fanez<\/strong>. Con Ant\u00fanez, Jos\u00e9 Antonio se estren\u00f3 en la vicar\u00eda en 2005. El amor dur\u00f3 poco:&nbsp;en 2008 se divorciaron. Aquel tambi\u00e9n fue un tiempo convulso para el diestro, pues encar\u00f3&nbsp;una&nbsp;<strong>severa depresi\u00f3n<\/strong>&nbsp;que provoc\u00f3, incluso, que se retirara&nbsp;del toreo temporalmente.<\/p>\n\n\n\n<p id=\"paragraph_13\">Quienes tratan y frecuentan al matrimonio De la Puebla Garrido dicen que, pese a todo, o puede que debido precisamente a ese todo, Jos\u00e9 Antonio y Elisabeth est\u00e1n\u00a0<strong>unid\u00edsimos<\/strong>. Son un equipo de vida. La familia reside en la\u00a0<strong>Huerta de San Antonio<\/strong>, una finca que el diestro posee y que, con el paso del tiempo, acondicion\u00f3 con mimo:\u00a0<strong>instal\u00f3 un campo de f\u00fatbol y una plaza de tientas<\/strong>.\u00a0<\/p>\n\n\n\n<p id=\"paragraph_13\"><\/p>\n\n\n\n<figure class=\"wp-block-image size-large\"><img loading=\"lazy\" decoding=\"async\" width=\"1024\" height=\"833\" src=\"https:\/\/losperiodistas.com.mx\/portal\/wp-content\/uploads\/2024\/10\/Captura-de-pantalla-2024-10-12-a-las-7.46.35\u202fa.m-1024x833.png\" alt=\"\" class=\"wp-image-87727\" srcset=\"https:\/\/losperiodistas.com.mx\/portal\/wp-content\/uploads\/2024\/10\/Captura-de-pantalla-2024-10-12-a-las-7.46.35\u202fa.m-1024x833.png 1024w, https:\/\/losperiodistas.com.mx\/portal\/wp-content\/uploads\/2024\/10\/Captura-de-pantalla-2024-10-12-a-las-7.46.35\u202fa.m-300x244.png 300w, https:\/\/losperiodistas.com.mx\/portal\/wp-content\/uploads\/2024\/10\/Captura-de-pantalla-2024-10-12-a-las-7.46.35\u202fa.m-768x625.png 768w, https:\/\/losperiodistas.com.mx\/portal\/wp-content\/uploads\/2024\/10\/Captura-de-pantalla-2024-10-12-a-las-7.46.35\u202fa.m.png 1074w\" sizes=\"(max-width: 1024px) 100vw, 1024px\" \/><\/figure>\n\n\n\n<p id=\"paragraph_13\">Esta insigne hacienda sufri\u00f3 un<strong>\u00a0aparatoso incendio<\/strong>\u00a0all\u00e1 por el a\u00f1o 2019, justo despu\u00e9s de que unos v\u00e1ndalos hicieran unas pintadas dirigidas al torero, puede que motivadas por la presunta inclinaci\u00f3n pol\u00edtica de Morante con el partido\u00a0<strong>Vox<\/strong>. En otro plano,\u00a0Morante y su actual esposa son propietarios de un conocido bar de copas,<strong><em>\u00a0La Capilla<\/em><\/strong>.<\/p>\n\n\n\n<p id=\"paragraph_15\">Este establecimiento goza de una&nbsp;<strong>gran popularidad<\/strong>&nbsp;en la localidad, y hasta all\u00ed se desplazan grandes amigos de Morante,&nbsp;y aficionados al toro, que a veces son recibidos por el propio diestro&nbsp;<strong>detr\u00e1s de la barra<\/strong>. Elisabeth conoce bien el ambiente taurino ya que ha nacido en un lugar de gran tradici\u00f3n ganadera y&nbsp;<strong><em>cuna<\/em>&nbsp;de grandes toreros<\/strong>.<\/p>\n\n\n\n<h3 class=\"wp-block-heading\">Las otras bajas de Morante<\/h3>\n\n\n\n<p id=\"paragraph_16\">Morante tampoco pudo actuar el pasado 29 de septiembre en el tercer festejo de la&nbsp;<strong>Feria de San Miguel<\/strong>&nbsp;siendo sustituido por&nbsp;<strong>Pablo Aguado<\/strong>&nbsp;para acompa\u00f1ar, junto a&nbsp;<strong>Juan Ortega<\/strong>&nbsp;(34), al rejoneador&nbsp;<strong>Pablo Hermoso de Mendoza<\/strong>&nbsp;en su despedida de la plaza de la Maestranza.<\/p>\n\n\n\n<p id=\"paragraph_17\">El diestro de La Puebla permaneci\u00f3 anunciado como cabeza de cartel del festival de este 12 de octubre, aunque los&nbsp;<strong>rumores crecientes<\/strong>&nbsp;apuntaban a que no podr\u00eda afrontar ese compromiso mientras sigue recuper\u00e1ndose de los&nbsp;<strong>trastornos psiqui\u00e1tricos<\/strong>&nbsp;que le obligaron a cortar la temporada en agosto.<\/p>\n\n\n\n<p><img loading=\"lazy\" decoding=\"async\" alt=\"Morante, en la plaza de toros de Guadalajara, este a\u00f1o 2024.\" height=\"1152\" src=\"https:\/\/s1.elespanol.com\/2024\/10\/11\/actualidad\/892671225_249932563_960x1706.jpg\" srcset=\"https:\/\/s1.elespanol.com\/2024\/10\/11\/actualidad\/892671225_249932564_648x1152.jpg 648w, https:\/\/s1.elespanol.com\/2024\/10\/11\/actualidad\/892671225_249932563_960x1706.jpg 960w\" width=\"648\"><\/p>\n\n\n\n<p>Morante, en la plaza de toros de Guadalajara, este a\u00f1o 2024.&nbsp;Gtres<\/p>\n\n\n\n<p id=\"paragraph_18\">Con esta&nbsp;<strong>incomparecencia<\/strong>&nbsp;se cierra definitivamente una temporada plagada de intermitencias que ha estado marcada por el&nbsp;<strong>recrudecimiento<\/strong>&nbsp;de esos problemas de salud mental que atormentan al torero de La Puebla desde hace m\u00e1s de dos d\u00e9cadas.<\/p>\n\n\n\n<p>https:\/\/buy.tinypass.com\/checkout\/template\/cacheableShow?aid=HEQTYbTpKq&#038;templateId=OTACNNPSTUZY&#038;templateVariantId=OTV7VSTMPLDBX&#038;offerId=fakeOfferId&#038;experienceId=EX8VCMG6RFJW&#038;iframeId=offer_b2e57b9bbb41f2fb3879-0&#038;displayMode=inline&#038;pianoIdUrl=https%3A%2F%2Fsocial.elespanol.com%2Fid%2F&#038;widget=template&#038;url=https%3A%2F%2Fwww.elespanol.com<\/p>\n\n\n\n<p id=\"paragraph_19\">Morante ya hab\u00eda interrumpido circunstancialmente su campa\u00f1a antes de hacer el pase\u00edllo en Sevilla en la tarde del&nbsp;<strong>Domingo de Resurrecci\u00f3n<\/strong>. Pero el torero, que evidenciaba el problema en su aspecto y su rendimiento profesional, se ver\u00eda obligado a cortar por lo sano&nbsp;<strong>entre el 1 de junio y el 23 de julio<\/strong>, fecha en la que reapareci\u00f3 en Santander en plenitud art\u00edstica.<\/p>\n\n\n\n<p id=\"paragraph_20\">Sigui\u00f3 un mes largo de actuaciones de alto nivel, pero&nbsp;<strong>todo empezar\u00eda a torcerse el pasado 28 de agosto en Linares<\/strong>&nbsp;-Ja\u00e9n-, el mismo d\u00eda que se conmemoraba el aniversario de la cogida mortal de&nbsp;<strong>Manolete<\/strong>, a ra\u00edz de caerse del cartel en uni\u00f3n de Manzanares por unas supuestas desavenencias con la presidencia del festejo y el equipo veterinario.<\/p>\n","protected":false},"excerpt":{"rendered":"<p>12 octubre, 2024\u00a0 Jes\u00fas Carmona \/ Jaleos del Coraz\u00f3n \/ El Espa\u00f1ol Era su&nbsp;sue\u00f1o, as\u00ed lo manifest\u00f3 a su entorno [&hellip;]<\/p>\n","protected":false},"author":1,"featured_media":87728,"comment_status":"open","ping_status":"open","sticky":false,"template":"","format":"standard","meta":{"site-sidebar-layout":"default","site-content-layout":"","ast-site-content-layout":"default","site-content-style":"default","site-sidebar-style":"default","ast-global-header-display":"","ast-banner-title-visibility":"","ast-main-header-display":"","ast-hfb-above-header-display":"","ast-hfb-below-header-display":"","ast-hfb-mobile-header-display":"","site-post-title":"","ast-breadcrumbs-content":"","ast-featured-img":"","footer-sml-layout":"","theme-transparent-header-meta":"","adv-header-id-meta":"","stick-header-meta":"","header-above-stick-meta":"","header-main-stick-meta":"","header-below-stick-meta":"","astra-migrate-meta-layouts":"default","ast-page-background-enabled":"default","ast-page-background-meta":{"desktop":{"background-color":"var(--ast-global-color-4)","background-image":"","background-repeat":"repeat","background-position":"center center","background-size":"auto","background-attachment":"scroll","background-type":"","background-media":"","overlay-type":"","overlay-color":"","overlay-opacity":"","overlay-gradient":""},"tablet":{"background-color":"","background-image":"","background-repeat":"repeat","background-position":"center center","background-size":"auto","background-attachment":"scroll","background-type":"","background-media":"","overlay-type":"","overlay-color":"","overlay-opacity":"","overlay-gradient":""},"mobile":{"background-color":"","background-image":"","background-repeat":"repeat","background-position":"center center","background-size":"auto","background-attachment":"scroll","background-type":"","background-media":"","overlay-type":"","overlay-color":"","overlay-opacity":"","overlay-gradient":""}},"ast-content-background-meta":{"desktop":{"background-color":"var(--ast-global-color-5)","background-image":"","background-repeat":"repeat","background-position":"center center","background-size":"auto","background-attachment":"scroll","background-type":"","background-media":"","overlay-type":"","overlay-color":"","overlay-opacity":"","overlay-gradient":""},"tablet":{"background-color":"var(--ast-global-color-5)","background-image":"","background-repeat":"repeat","background-position":"center center","background-size":"auto","background-attachment":"scroll","background-type":"","background-media":"","overlay-type":"","overlay-color":"","overlay-opacity":"","overlay-gradient":""},"mobile":{"background-color":"var(--ast-global-color-5)","background-image":"","background-repeat":"repeat","background-position":"center center","background-size":"auto","background-attachment":"scroll","background-type":"","background-media":"","overlay-type":"","overlay-color":"","overlay-opacity":"","overlay-gradient":""}},"footnotes":""},"categories":[8],"tags":[31455,31454,2746,153],"class_list":["post-87726","post","type-post","status-publish","format-standard","has-post-thumbnail","hentry","category-noticias","tag-curro-romero","tag-manuel-jesus-el-cid","tag-morante-de-la-puebla","tag-salud-mental"],"_links":{"self":[{"href":"https:\/\/losperiodistas.com.mx\/portal\/wp-json\/wp\/v2\/posts\/87726","targetHints":{"allow":["GET"]}}],"collection":[{"href":"https:\/\/losperiodistas.com.mx\/portal\/wp-json\/wp\/v2\/posts"}],"about":[{"href":"https:\/\/losperiodistas.com.mx\/portal\/wp-json\/wp\/v2\/types\/post"}],"author":[{"embeddable":true,"href":"https:\/\/losperiodistas.com.mx\/portal\/wp-json\/wp\/v2\/users\/1"}],"replies":[{"embeddable":true,"href":"https:\/\/losperiodistas.com.mx\/portal\/wp-json\/wp\/v2\/comments?post=87726"}],"version-history":[{"count":1,"href":"https:\/\/losperiodistas.com.mx\/portal\/wp-json\/wp\/v2\/posts\/87726\/revisions"}],"predecessor-version":[{"id":87729,"href":"https:\/\/losperiodistas.com.mx\/portal\/wp-json\/wp\/v2\/posts\/87726\/revisions\/87729"}],"wp:featuredmedia":[{"embeddable":true,"href":"https:\/\/losperiodistas.com.mx\/portal\/wp-json\/wp\/v2\/media\/87728"}],"wp:attachment":[{"href":"https:\/\/losperiodistas.com.mx\/portal\/wp-json\/wp\/v2\/media?parent=87726"}],"wp:term":[{"taxonomy":"category","embeddable":true,"href":"https:\/\/losperiodistas.com.mx\/portal\/wp-json\/wp\/v2\/categories?post=87726"},{"taxonomy":"post_tag","embeddable":true,"href":"https:\/\/losperiodistas.com.mx\/portal\/wp-json\/wp\/v2\/tags?post=87726"}],"curies":[{"name":"wp","href":"https:\/\/api.w.org\/{rel}","templated":true}]}}