{"id":87719,"date":"2024-10-12T00:28:17","date_gmt":"2024-10-12T05:28:17","guid":{"rendered":"https:\/\/losperiodistas.com.mx\/portal\/?p=87719"},"modified":"2024-10-12T00:28:19","modified_gmt":"2024-10-12T05:28:19","slug":"nicaragua-rompe-relaciones-diplomaticas-con-israel-en-solidaridad-con-palestina-efe","status":"publish","type":"post","link":"https:\/\/losperiodistas.com.mx\/portal\/nicaragua-rompe-relaciones-diplomaticas-con-israel-en-solidaridad-con-palestina-efe\/","title":{"rendered":"Nicaragua rompe relaciones diplom\u00e1ticas con Israel en solidaridad con Palestina | EFE"},"content":{"rendered":"\n<figure class=\"wp-block-image size-large\"><img fetchpriority=\"high\" decoding=\"async\" width=\"1024\" height=\"683\" src=\"https:\/\/losperiodistas.com.mx\/portal\/wp-content\/uploads\/2024\/10\/AME5204-ARCHIVO-HONDURAS-EEUU-1024x683.webp\" alt=\"\" class=\"wp-image-87720\" srcset=\"https:\/\/losperiodistas.com.mx\/portal\/wp-content\/uploads\/2024\/10\/AME5204-ARCHIVO-HONDURAS-EEUU-1024x683.webp 1024w, https:\/\/losperiodistas.com.mx\/portal\/wp-content\/uploads\/2024\/10\/AME5204-ARCHIVO-HONDURAS-EEUU-300x200.webp 300w, https:\/\/losperiodistas.com.mx\/portal\/wp-content\/uploads\/2024\/10\/AME5204-ARCHIVO-HONDURAS-EEUU-768x512.webp 768w, https:\/\/losperiodistas.com.mx\/portal\/wp-content\/uploads\/2024\/10\/AME5204-ARCHIVO-HONDURAS-EEUU-1536x1024.webp 1536w, https:\/\/losperiodistas.com.mx\/portal\/wp-content\/uploads\/2024\/10\/AME5204-ARCHIVO-HONDURAS-EEUU.webp 1791w\" sizes=\"(max-width: 1024px) 100vw, 1024px\" \/><figcaption class=\"wp-element-caption\">Fotograf\u00eda de archivo del 12 de septiembre de 2017 del presidente de Nicaragua, Daniel Ortega. EFE\/ Jorge Torres<\/figcaption><\/figure>\n\n\n\n<p class=\"has-vivid-red-color has-text-color has-link-color has-medium-font-size wp-elements-64db7dc4fcec2a5950fb3fc4e71ad965\"><strong>EFE<\/strong><\/p>\n\n\n\n<p>San Jos\u00e9 (EFE).- El Gobierno de Nicaragua rompi\u00f3 relaciones diplom\u00e1ticas con Israel, en solidaridad con Palestina y \u201cal cumplirse un a\u00f1o del brutal genocidio que contin\u00faa cometiendo el Gobierno fascista y criminal de guerra de Israel en contra del pueblo palestino\u201d.<\/p>\n\n\n\n<p>\u201cEn solidaridad permanente con el pueblo y Gobierno de Palestina, con los pueblos que sufren el martirio, la destrucci\u00f3n y la barbarie y en estricto apego al derecho internacional y a las convenciones que rigen las relaciones civilizadas entre Estados y Gobiernos del mundo, el Gobierno de la Rep\u00fablica de Nicaragua rompe toda relaci\u00f3n diplom\u00e1tica con el Gobierno fascista de Israel\u201d, indic\u00f3 el Ejecutivo nicarag\u00fcense en un comunicado.<\/p>\n\n\n\n<figure class=\"wp-block-embed is-type-wp-embed is-provider-efe-noticias wp-block-embed-efe-noticias\"><div class=\"wp-block-embed__wrapper\">\n<blockquote class=\"wp-embedded-content\" data-secret=\"vq9GyHoMC3\"><a href=\"https:\/\/efe.com\/mundo\/2024-10-11\/guerra-franja-gaza\/\">Al menos 22 muertos en un bombardeo israel\u00ed contra el norte de Gaza, seg\u00fan medios<\/a><\/blockquote><iframe class=\"wp-embedded-content\" sandbox=\"allow-scripts\" security=\"restricted\" style=\"position: absolute; visibility: hidden;\" title=\"\u00abAl menos 22 muertos en un bombardeo israel\u00ed contra el norte de Gaza, seg\u00fan medios\u00bb \u2014 EFE Noticias\" src=\"https:\/\/efe.com\/mundo\/2024-10-11\/guerra-franja-gaza\/embed\/#?secret=LCjYrvlGB1#?secret=vq9GyHoMC3\" data-secret=\"vq9GyHoMC3\" width=\"500\" height=\"282\" frameborder=\"0\" marginwidth=\"0\" marginheight=\"0\" scrolling=\"no\"><\/iframe>\n<\/div><\/figure>\n\n\n\n<h2 class=\"wp-block-heading\" id=\"h-nicaragua-se-solidariza-con-palestina\">Nicaragua se solidariza con Palestina<\/h2>\n\n\n\n<p>En la nota, el Gobierno que preside Daniel Ortega y su esposa Rosario Murillo indic\u00f3 que tomaron esa decisi\u00f3n considerando, adem\u00e1s, la resoluci\u00f3n de la Asamblea Nacional de Nicaragua (Parlamento), aprobada este viernes por unanimidad, \u201cen la cual se condena el continuo genocidio, la crueldad, el odio extremo y el exterminio que ejecuta el Gobierno de Israel\u201d.<\/p>\n\n\n\n<figure class=\"wp-block-image\"><img decoding=\"async\" src=\"https:\/\/i0.wp.com\/efe.com\/wp-content\/uploads\/2024\/08\/nicaragua.jpg?resize=980%2C608&amp;ssl=1\" alt=\"\" class=\"wp-image-1268329\"\/><figcaption class=\"wp-element-caption\">Captura de una pantalla que muestra al presidente de Nicaragua Daniel Ortega durante el acto del 43 aniversario del Ej\u00e9rcito de Nicaragua en Managua (Nicaragua). EFE\/Jorge Torres<\/figcaption><\/figure>\n\n\n\n<p>El Parlamento de Nicaragua pidi\u00f3 este viernes a Ortega que rompa relaciones con el Gobierno de Israel, al que declararon \u201cenemigo de la humanidad\u201d.<\/p>\n\n\n\n<p>La petici\u00f3n fue hecha por el Legislativo, controlado por los sandinistas, a trav\u00e9s de una declaraci\u00f3n aprobada durante una sesi\u00f3n especial celebrada en Managua en solidaridad con el pueblo de Palestina, \u201cque sufre\u201d, indicaron, \u201cuno de los mayores genocidios perpetrados por el ej\u00e9rcito sionista de Israel\u201d, y a la que asisti\u00f3 el canciller nicarag\u00fcense, Valdrack Jaentschke.<\/p>\n\n\n\n<h2 class=\"wp-block-heading\" id=\"h-condena-sandinista\">Condena sandinista<\/h2>\n\n\n\n<blockquote class=\"wp-block-quote is-layout-flow wp-block-quote-is-layout-flow\">\n<p>En el comunicado, el Ejecutivo sandinista conden\u00f3 \u201cuna vez m\u00e1s este genocidio, la ocupaci\u00f3n y la agresi\u00f3n permanente contra la vida y contra la dignidad del pueblo de Palestina, que se extiende ahora en contra del pueblo de El L\u00edbano, y amenaza gravemente a Siria, Yemen e Ir\u00e1n, poniendo en peligro la paz y la seguridad de la regi\u00f3n y del Mundo\u201d.<\/p>\n<\/blockquote>\n\n\n\n<figure class=\"wp-block-embed is-type-wp-embed is-provider-efe-noticias wp-block-embed-efe-noticias\"><div class=\"wp-block-embed__wrapper\">\n<blockquote class=\"wp-embedded-content\" data-secret=\"185Kee6exT\"><a href=\"https:\/\/efe.com\/mundo\/2024-10-11\/espana-israel-finul\/\">Espa\u00f1a convoca al encargado de negocios israel\u00ed por los ataques a FINUL<\/a><\/blockquote><iframe class=\"wp-embedded-content\" sandbox=\"allow-scripts\" security=\"restricted\" style=\"position: absolute; visibility: hidden;\" title=\"\u00abEspa\u00f1a convoca al encargado de negocios israel\u00ed por los ataques a FINUL\u00bb \u2014 EFE Noticias\" src=\"https:\/\/efe.com\/mundo\/2024-10-11\/espana-israel-finul\/embed\/#?secret=0bhTHo7MmK#?secret=185Kee6exT\" data-secret=\"185Kee6exT\" width=\"500\" height=\"282\" frameborder=\"0\" marginwidth=\"0\" marginheight=\"0\" scrolling=\"no\"><\/iframe>\n<\/div><\/figure>\n\n\n\n<p>Asimismo, el Gobierno nicarag\u00fcense se\u00f1al\u00f3: \u201cRatificamos una vez m\u00e1s nuestra c\u00e1lida y consecuente consideraci\u00f3n a las queridas familias del pueblo israel\u00ed, que merecen nuestro cari\u00f1o, respaldo y solidaridad, quienes viven tiempos dif\u00edciles producto de la desmedida brutalidad y odio del Gobierno de Israel\u201d.<\/p>\n\n\n\n<p>Hace un a\u00f1o el Gobierno de Daniel Ortega se declar\u00f3 \u201csiempre solidario con la causa palestina\u201d y conden\u00f3 el \u201cagravamiento\u201d del \u201cterrible\u201d conflicto Israel-Palestina.<\/p>\n\n\n\n<p><a href=\"https:\/\/efe.com\/mundo\/2024-10-12\/nicaragua-rompe-relaciones-diplomaticas-con-israel\/\">https:\/\/efe.com\/mundo\/2024-10-12\/nicaragua-rompe-relaciones-diplomaticas-con-israel\/<\/a>Fuente: <\/p>\n","protected":false},"excerpt":{"rendered":"<p>EFE San Jos\u00e9 (EFE).- El Gobierno de Nicaragua rompi\u00f3 relaciones diplom\u00e1ticas con Israel, en solidaridad con Palestina y \u201cal cumplirse [&hellip;]<\/p>\n","protected":false},"author":1,"featured_media":87720,"comment_status":"open","ping_status":"open","sticky":false,"template":"","format":"standard","meta":{"site-sidebar-layout":"default","site-content-layout":"","ast-site-content-layout":"default","site-content-style":"default","site-sidebar-style":"default","ast-global-header-display":"","ast-banner-title-visibility":"","ast-main-header-display":"","ast-hfb-above-header-display":"","ast-hfb-below-header-display":"","ast-hfb-mobile-header-display":"","site-post-title":"","ast-breadcrumbs-content":"","ast-featured-img":"","footer-sml-layout":"","theme-transparent-header-meta":"","adv-header-id-meta":"","stick-header-meta":"","header-above-stick-meta":"","header-main-stick-meta":"","header-below-stick-meta":"","astra-migrate-meta-layouts":"default","ast-page-background-enabled":"default","ast-page-background-meta":{"desktop":{"background-color":"var(--ast-global-color-4)","background-image":"","background-repeat":"repeat","background-position":"center center","background-size":"auto","background-attachment":"scroll","background-type":"","background-media":"","overlay-type":"","overlay-color":"","overlay-opacity":"","overlay-gradient":""},"tablet":{"background-color":"","background-image":"","background-repeat":"repeat","background-position":"center center","background-size":"auto","background-attachment":"scroll","background-type":"","background-media":"","overlay-type":"","overlay-color":"","overlay-opacity":"","overlay-gradient":""},"mobile":{"background-color":"","background-image":"","background-repeat":"repeat","background-position":"center center","background-size":"auto","background-attachment":"scroll","background-type":"","background-media":"","overlay-type":"","overlay-color":"","overlay-opacity":"","overlay-gradient":""}},"ast-content-background-meta":{"desktop":{"background-color":"var(--ast-global-color-5)","background-image":"","background-repeat":"repeat","background-position":"center center","background-size":"auto","background-attachment":"scroll","background-type":"","background-media":"","overlay-type":"","overlay-color":"","overlay-opacity":"","overlay-gradient":""},"tablet":{"background-color":"var(--ast-global-color-5)","background-image":"","background-repeat":"repeat","background-position":"center center","background-size":"auto","background-attachment":"scroll","background-type":"","background-media":"","overlay-type":"","overlay-color":"","overlay-opacity":"","overlay-gradient":""},"mobile":{"background-color":"var(--ast-global-color-5)","background-image":"","background-repeat":"repeat","background-position":"center center","background-size":"auto","background-attachment":"scroll","background-type":"","background-media":"","overlay-type":"","overlay-color":"","overlay-opacity":"","overlay-gradient":""}},"footnotes":""},"categories":[8],"tags":[1582,2128,17147,10661],"class_list":["post-87719","post","type-post","status-publish","format-standard","has-post-thumbnail","hentry","category-noticias","tag-israel","tag-nicaragua","tag-palestina","tag-relaciones-diplomaticas"],"_links":{"self":[{"href":"https:\/\/losperiodistas.com.mx\/portal\/wp-json\/wp\/v2\/posts\/87719","targetHints":{"allow":["GET"]}}],"collection":[{"href":"https:\/\/losperiodistas.com.mx\/portal\/wp-json\/wp\/v2\/posts"}],"about":[{"href":"https:\/\/losperiodistas.com.mx\/portal\/wp-json\/wp\/v2\/types\/post"}],"author":[{"embeddable":true,"href":"https:\/\/losperiodistas.com.mx\/portal\/wp-json\/wp\/v2\/users\/1"}],"replies":[{"embeddable":true,"href":"https:\/\/losperiodistas.com.mx\/portal\/wp-json\/wp\/v2\/comments?post=87719"}],"version-history":[{"count":1,"href":"https:\/\/losperiodistas.com.mx\/portal\/wp-json\/wp\/v2\/posts\/87719\/revisions"}],"predecessor-version":[{"id":87721,"href":"https:\/\/losperiodistas.com.mx\/portal\/wp-json\/wp\/v2\/posts\/87719\/revisions\/87721"}],"wp:featuredmedia":[{"embeddable":true,"href":"https:\/\/losperiodistas.com.mx\/portal\/wp-json\/wp\/v2\/media\/87720"}],"wp:attachment":[{"href":"https:\/\/losperiodistas.com.mx\/portal\/wp-json\/wp\/v2\/media?parent=87719"}],"wp:term":[{"taxonomy":"category","embeddable":true,"href":"https:\/\/losperiodistas.com.mx\/portal\/wp-json\/wp\/v2\/categories?post=87719"},{"taxonomy":"post_tag","embeddable":true,"href":"https:\/\/losperiodistas.com.mx\/portal\/wp-json\/wp\/v2\/tags?post=87719"}],"curies":[{"name":"wp","href":"https:\/\/api.w.org\/{rel}","templated":true}]}}