{"id":8770,"date":"2021-06-04T12:47:12","date_gmt":"2021-06-04T17:47:12","guid":{"rendered":"http:\/\/losperiodistas.com.mx\/portal\/?p=8770"},"modified":"2021-06-04T12:47:13","modified_gmt":"2021-06-04T17:47:13","slug":"yo-soy-cristiano-el-presidente-aclara-por-fin-que-no-es-catolico-sinembargo","status":"publish","type":"post","link":"https:\/\/losperiodistas.com.mx\/portal\/yo-soy-cristiano-el-presidente-aclara-por-fin-que-no-es-catolico-sinembargo\/","title":{"rendered":"\u201cYo soy cristiano\u201d. El Presidente aclara por fin que no es cat\u00f3lico | SinEmbargo"},"content":{"rendered":"\n<p><\/p>\n\n\n\n<p style=\"font-size:18px\"><em>En su encuentro matutina con la prensa, el mandatario reiter\u00f3 que es un admirador de Jes\u00fas, quien profesaba \u201cun amor profundo por los pobres, d\u00e9biles y humildes\u201d.<\/em><\/p>\n\n\n\n<p><\/p>\n\n\n\n<figure class=\"wp-block-image size-large\"><img fetchpriority=\"high\" decoding=\"async\" width=\"1024\" height=\"560\" src=\"https:\/\/losperiodistas.com.mx\/portal\/wp-content\/uploads\/2021\/06\/Captura-de-Pantalla-2021-06-04-a-las-12.41.45-1024x560.jpg\" alt=\"\" class=\"wp-image-8771\" srcset=\"https:\/\/losperiodistas.com.mx\/portal\/wp-content\/uploads\/2021\/06\/Captura-de-Pantalla-2021-06-04-a-las-12.41.45-1024x560.jpg 1024w, https:\/\/losperiodistas.com.mx\/portal\/wp-content\/uploads\/2021\/06\/Captura-de-Pantalla-2021-06-04-a-las-12.41.45-300x164.jpg 300w, https:\/\/losperiodistas.com.mx\/portal\/wp-content\/uploads\/2021\/06\/Captura-de-Pantalla-2021-06-04-a-las-12.41.45-768x420.jpg 768w, https:\/\/losperiodistas.com.mx\/portal\/wp-content\/uploads\/2021\/06\/Captura-de-Pantalla-2021-06-04-a-las-12.41.45-1536x841.jpg 1536w, https:\/\/losperiodistas.com.mx\/portal\/wp-content\/uploads\/2021\/06\/Captura-de-Pantalla-2021-06-04-a-las-12.41.45-2048x1121.jpg 2048w\" sizes=\"(max-width: 1024px) 100vw, 1024px\" \/><figcaption>El Presidente Andr\u00e9s Manuel L\u00f3pez Obrador en su conferencia, celebrada este viernes en Palacio Nacional. Foto: Gobierno de M\u00e9xico<\/figcaption><\/figure>\n\n\n\n<p><\/p>\n\n\n\n<p class=\"has-vivid-cyan-blue-color has-text-color has-medium-font-size\">REDACCI\u00d3N SIN EMBARGO<\/p>\n\n\n\n<p>Ciudad de M\u00e9xico, 4 de junio (SinEmbargo).\u2013&nbsp;El Presidente&nbsp;<strong>Andr\u00e9s Manuel L\u00f3pez Obrador<\/strong>&nbsp;despej\u00f3 esta ma\u00f1ana una duda \u2013quiz\u00e1s ambig\u00fcedad\u2013 que se hab\u00eda mantenido por a\u00f1os: su&nbsp;<strong>religi\u00f3n<\/strong>. Qu\u00e9 es.<\/p>\n\n\n\n<blockquote class=\"wp-block-quote is-layout-flow wp-block-quote-is-layout-flow\"><p><strong>\u201cYo soy cristiano<\/strong>\u201d, dijo por fin. La pregunta que le hizo un periodista era si su&nbsp;<strong>religi\u00f3n<\/strong>&nbsp;es&nbsp;<strong>cat\u00f3lica<\/strong>.<\/p><\/blockquote>\n\n\n\n<p>Hace dos a\u00f1os, una periodista le pregunt\u00f3 cu\u00e1l es su&nbsp;<strong>religi\u00f3n<\/strong>. \u201cPues soy seguidor de Jesucristo porque defend\u00eda a los pobres y estaba a favor de los oprimidos. En esa religi\u00f3n, le dec\u00eda, tenemos prohibido permitir la corrupci\u00f3n y en esa religi\u00f3n me proh\u00edben los lujos y la fantocher\u00eda, y esto lo digo porque dicen que por esta religi\u00f3n no canto el Himno Nacional. Pues eso no me lo proh\u00edben\u201d.<\/p>\n\n\n\n<p>Luego \u2013en junio 2019\u2013, le insisti\u00f3 si su religi\u00f3n era cat\u00f3lica.<\/p>\n\n\n\n<figure class=\"wp-block-embed is-type-video is-provider-youtube wp-block-embed-youtube wp-embed-aspect-16-9 wp-has-aspect-ratio\"><div class=\"wp-block-embed__wrapper\">\n<iframe title=\"#ConferenciaPresidente | Viernes 4 de junio de 2021.\" width=\"500\" height=\"281\" src=\"https:\/\/www.youtube.com\/embed\/RsmqF5MRyhQ?feature=oembed\" frameborder=\"0\" allow=\"accelerometer; autoplay; clipboard-write; encrypted-media; gyroscope; picture-in-picture; web-share\" referrerpolicy=\"strict-origin-when-cross-origin\" allowfullscreen><\/iframe>\n<\/div><\/figure>\n\n\n\n<blockquote class=\"wp-block-quote is-layout-flow wp-block-quote-is-layout-flow\"><p>\u201cS\u00ed, pero miren: yo soy respetuoso de todas las religiones, de todas. Y como dec\u00eda Ignacio Ram\u00edrez \u2018El Nigromante\u2019: yo me hinc\u00f3 donde se hinque el pueblo. Soy respetuoso de todas las religiones y creo que creyentes y no creyentes tenemos principios y nos guiamos por una filosof\u00eda. Y un ideal siempre se pone por delante\u201d.<\/p><\/blockquote>\n\n\n\n<p>Y hoy, por fin, aclar\u00f3 que ven\u00eda de la rama del protestantismo, es decir, de grupos evang\u00e9licos.<img decoding=\"async\" src=\"https:\/\/i0.wp.com\/sinembargo.mx\/wp-content\/uploads\/2021\/04\/amlo-en-su-informe-por-los-primeros-100-dias-de-su-tercer-ancc83o-de-gobierno.jpg\" alt=\"\"><\/p>\n\n\n\n<h4 class=\"wp-block-heading\"><a href=\"https:\/\/www.sinembargo.mx\/02-04-2021\/3959020\">VER M\u00c1S<\/a><\/h4>\n\n\n\n<h5 class=\"wp-block-heading\"><a href=\"https:\/\/www.sinembargo.mx\/02-04-2021\/3959020\">AMLO destaca la \u201cpreferencia por los pobres y la paz\u201d en la vida de Jesucristo; comparte pintura de Siqueiros<\/a><\/h5>\n\n\n\n<p>\u2013\u00bfUsted profesa o practica la fe cat\u00f3lica? \u2013pregunt\u00f3 uno de los reporteros presentes en la conferencia de prensa matutina del mandatario mexicano.<\/p>\n\n\n\n<p>\u2013Yo soy cristiano y quiero tambi\u00e9n aclararlo. Hay en la iglesia evang\u00e9lica una denominaci\u00f3n cristiana, pero mi cristianismo o lo que yo practico tiene que ver con Jes\u00fas, Cristo. Creo que es el luchador social m\u00e1s importante que ha habido en el mundo, en la Tierra. Por eso los poderosos de su \u00e9poca lo segu\u00edan, lo espiaban y lo crucificaron: porque \u00e9l era amor y profesaba un profundo amor a los pobres, a los d\u00e9biles, a los humildes \u2013respondi\u00f3. <\/p>\n\n\n\n<p>Adem\u00e1s, el Jefe del Ejecutivo federal consider\u00f3 que \u201csi todos fu\u00e9semos cristianos en ese sentido, que lo somos porque somos muy humanos. Cristianismo es humanismo. Si todos fu\u00e9semos as\u00ed, vivir\u00edamos en una sociedad mejor\u201d.<\/p>\n\n\n\n<p>El tema religioso sali\u00f3 en Palacio Nacional despu\u00e9s de que fuera cuestionado por su opini\u00f3n&nbsp;respecto al activismo de la iglesia cat\u00f3lica en Aguililla, Michoac\u00e1n, una zona de conflicto entre c\u00e1rteles recientemente visitada por el nuncio apost\u00f3lico y representante del Papa Francisco en M\u00e9xico, Franco Coppola.<img decoding=\"async\" src=\"https:\/\/i0.wp.com\/sinembargo.mx\/wp-content\/uploads\/2021\/06\/amlo-en-su-conferencia-del-4-de-junio-de-2021.jpg\" alt=\"El Presidente Andr\u00e9s Manuel L\u00f3pez Obrador, quien encabez\u00f3 su conferencia matutina en Palacio Nacional. \" width=\"700\" height=\"466\" srcset=\"https:\/\/i0.wp.com\/sinembargo.mx\/wp-content\/uploads\/2021\/06\/amlo-en-su-conferencia-del-4-de-junio-de-2021.jpg 700w, https:\/\/i0.wp.com\/sinembargo.mx\/wp-content\/uploads\/2021\/06\/amlo-en-su-conferencia-del-4-de-junio-de-2021-300x200.jpg 300w\"><\/p>\n\n\n\n<p>El Presidente Andr\u00e9s Manuel L\u00f3pez Obrador, quien encabez\u00f3 su conferencia matutina en Palacio Nacional. Foto: Gobierno de M\u00e9xico<\/p>\n\n\n\n<blockquote class=\"wp-block-quote is-layout-flow wp-block-quote-is-layout-flow\"><p>\u201cNosotros somos libres, somos respetuosos de todas las religiones. Somos respetuosos de la religi\u00f3n cat\u00f3lica. Voy a dar un dato, de acuerdo al \u00faltimo censo, el 77 por ciento de los mexicanos manifest\u00f3 ser cat\u00f3lico. M\u00e1s de 10 por ciento tener una religi\u00f3n evang\u00e9lica de las distintas denominaciones y el resto, ejerciendo todos sus derechos y todas sus libertades, expres\u00f3 no tener creencias o pertenecer a otras religiones\u201d, record\u00f3.<\/p><\/blockquote>\n\n\n\n<p>Finalmente, L\u00f3pez Obrador asegur\u00f3 que \u201cM\u00e9xico es un pa\u00eds de mujeres y hombres libres, conscientes y yo creo mucho en los hombres, las mujeres, en la forma de pensar de cada ser humano, o sea, y esa es la libertad. Y tenerle confianza a la gente. No imponer nada. No tratar de imponer una ideolog\u00eda, una religi\u00f3n, una creencia. No. Libertad, igualdad, fraternidad\u201d.<\/p>\n\n\n\n<p>Fuente: https:\/\/www.sinembargo.mx\/04-06-2021\/3983891<\/p>\n","protected":false},"excerpt":{"rendered":"<p>En su encuentro matutina con la prensa, el mandatario reiter\u00f3 que es un admirador de Jes\u00fas, quien profesaba \u201cun amor [&hellip;]<\/p>\n","protected":false},"author":1,"featured_media":8771,"comment_status":"open","ping_status":"open","sticky":false,"template":"","format":"standard","meta":{"site-sidebar-layout":"default","site-content-layout":"","ast-site-content-layout":"default","site-content-style":"default","site-sidebar-style":"default","ast-global-header-display":"","ast-banner-title-visibility":"","ast-main-header-display":"","ast-hfb-above-header-display":"","ast-hfb-below-header-display":"","ast-hfb-mobile-header-display":"","site-post-title":"","ast-breadcrumbs-content":"","ast-featured-img":"","footer-sml-layout":"","theme-transparent-header-meta":"","adv-header-id-meta":"","stick-header-meta":"","header-above-stick-meta":"","header-main-stick-meta":"","header-below-stick-meta":"","astra-migrate-meta-layouts":"default","ast-page-background-enabled":"default","ast-page-background-meta":{"desktop":{"background-color":"var(--ast-global-color-4)","background-image":"","background-repeat":"repeat","background-position":"center center","background-size":"auto","background-attachment":"scroll","background-type":"","background-media":"","overlay-type":"","overlay-color":"","overlay-opacity":"","overlay-gradient":""},"tablet":{"background-color":"","background-image":"","background-repeat":"repeat","background-position":"center center","background-size":"auto","background-attachment":"scroll","background-type":"","background-media":"","overlay-type":"","overlay-color":"","overlay-opacity":"","overlay-gradient":""},"mobile":{"background-color":"","background-image":"","background-repeat":"repeat","background-position":"center center","background-size":"auto","background-attachment":"scroll","background-type":"","background-media":"","overlay-type":"","overlay-color":"","overlay-opacity":"","overlay-gradient":""}},"ast-content-background-meta":{"desktop":{"background-color":"var(--ast-global-color-5)","background-image":"","background-repeat":"repeat","background-position":"center center","background-size":"auto","background-attachment":"scroll","background-type":"","background-media":"","overlay-type":"","overlay-color":"","overlay-opacity":"","overlay-gradient":""},"tablet":{"background-color":"var(--ast-global-color-5)","background-image":"","background-repeat":"repeat","background-position":"center center","background-size":"auto","background-attachment":"scroll","background-type":"","background-media":"","overlay-type":"","overlay-color":"","overlay-opacity":"","overlay-gradient":""},"mobile":{"background-color":"var(--ast-global-color-5)","background-image":"","background-repeat":"repeat","background-position":"center center","background-size":"auto","background-attachment":"scroll","background-type":"","background-media":"","overlay-type":"","overlay-color":"","overlay-opacity":"","overlay-gradient":""}},"footnotes":""},"categories":[8],"tags":[1883,1882],"class_list":["post-8770","post","type-post","status-publish","format-standard","has-post-thumbnail","hentry","category-noticias","tag-amlo-es-cristiano-evangelico","tag-amlo-no-es-catolico"],"_links":{"self":[{"href":"https:\/\/losperiodistas.com.mx\/portal\/wp-json\/wp\/v2\/posts\/8770","targetHints":{"allow":["GET"]}}],"collection":[{"href":"https:\/\/losperiodistas.com.mx\/portal\/wp-json\/wp\/v2\/posts"}],"about":[{"href":"https:\/\/losperiodistas.com.mx\/portal\/wp-json\/wp\/v2\/types\/post"}],"author":[{"embeddable":true,"href":"https:\/\/losperiodistas.com.mx\/portal\/wp-json\/wp\/v2\/users\/1"}],"replies":[{"embeddable":true,"href":"https:\/\/losperiodistas.com.mx\/portal\/wp-json\/wp\/v2\/comments?post=8770"}],"version-history":[{"count":1,"href":"https:\/\/losperiodistas.com.mx\/portal\/wp-json\/wp\/v2\/posts\/8770\/revisions"}],"predecessor-version":[{"id":8772,"href":"https:\/\/losperiodistas.com.mx\/portal\/wp-json\/wp\/v2\/posts\/8770\/revisions\/8772"}],"wp:featuredmedia":[{"embeddable":true,"href":"https:\/\/losperiodistas.com.mx\/portal\/wp-json\/wp\/v2\/media\/8771"}],"wp:attachment":[{"href":"https:\/\/losperiodistas.com.mx\/portal\/wp-json\/wp\/v2\/media?parent=8770"}],"wp:term":[{"taxonomy":"category","embeddable":true,"href":"https:\/\/losperiodistas.com.mx\/portal\/wp-json\/wp\/v2\/categories?post=8770"},{"taxonomy":"post_tag","embeddable":true,"href":"https:\/\/losperiodistas.com.mx\/portal\/wp-json\/wp\/v2\/tags?post=8770"}],"curies":[{"name":"wp","href":"https:\/\/api.w.org\/{rel}","templated":true}]}}