{"id":87645,"date":"2024-10-11T10:56:55","date_gmt":"2024-10-11T15:56:55","guid":{"rendered":"https:\/\/losperiodistas.com.mx\/portal\/?p=87645"},"modified":"2024-10-11T10:56:57","modified_gmt":"2024-10-11T15:56:57","slug":"pemex-confirma-2-muertos-y-13-hospitalizados-por-fuga-de-gas-en-deer-park-excelsior","status":"publish","type":"post","link":"https:\/\/losperiodistas.com.mx\/portal\/pemex-confirma-2-muertos-y-13-hospitalizados-por-fuga-de-gas-en-deer-park-excelsior\/","title":{"rendered":"Pemex confirma 2 muertos y 13 hospitalizados por fuga de gas en Deer Park | EXCELSIOR"},"content":{"rendered":"\n<h2 class=\"wp-block-heading\">La madrugada de este viernes recuperaron los cuerpos de los dos trabajadores que murieron en la refiner\u00eda.<\/h2>\n\n\n\n<figure class=\"wp-block-image size-full\"><img fetchpriority=\"high\" decoding=\"async\" width=\"800\" height=\"600\" src=\"https:\/\/losperiodistas.com.mx\/portal\/wp-content\/uploads\/2024\/10\/3194229.webp\" alt=\"\" class=\"wp-image-87646\" srcset=\"https:\/\/losperiodistas.com.mx\/portal\/wp-content\/uploads\/2024\/10\/3194229.webp 800w, https:\/\/losperiodistas.com.mx\/portal\/wp-content\/uploads\/2024\/10\/3194229-300x225.webp 300w, https:\/\/losperiodistas.com.mx\/portal\/wp-content\/uploads\/2024\/10\/3194229-768x576.webp 768w\" sizes=\"(max-width: 800px) 100vw, 800px\" \/><figcaption class=\"wp-element-caption\">Los trabajadores afectados por la fuga de gas en la refiner\u00eda de Deer Park no son de Pemex. (Reuters y Cuartoscuro | Dise\u00f1o: Jimena Campuzano)<\/figcaption><\/figure>\n\n\n\n<p class=\"has-vivid-red-color has-text-color has-link-color has-medium-font-size wp-elements-26fb8cd1e97ad2b97d78630868718b8e\"><strong>JIMENA CAMPUZANO \/ EXCELSIOR<\/strong><\/p>\n\n\n\n<p>La fuga de gas \u00e1cido en la&nbsp;<a href=\"https:\/\/www.excelsior.com.mx\/nacional\/mueren-dos-en-fuga-de-pemex-en-texas\/1678534\" target=\"_blank\" rel=\"noreferrer noopener\"><strong>refiner\u00eda de Deer Park<\/strong><\/a>&nbsp;en Texas, Estados Unidos, que se registr\u00f3 ayer dej\u00f3&nbsp;<strong>dos trabajadores muertos y 35 afectados<\/strong>, de los cuales 13 tuvieron que ser hospitalizados y contin\u00faan recibiendo atenci\u00f3n m\u00e9dica, inform\u00f3 el director de Petr\u00f3leos Mexicanos (Pemex), V\u00edctor Rodr\u00edguez.<\/p>\n\n\n\n<p>Durante la&nbsp;<a href=\"https:\/\/www.excelsior.com.mx\/nacional\/mananera-claudia-sheinbaum-en-vivo-hoy-temas-conferencia-11-octubre-2024\/1678551\" target=\"_blank\" rel=\"noreferrer noopener\"><strong><em>ma\u00f1anera<\/em>&nbsp;de la presidenta Claudia Sheinbaum<\/strong><\/a>, el funcionario explic\u00f3 cu\u00e1l fue la situaci\u00f3n que se present\u00f3 en la refiner\u00eda de Pemex este jueves a las 16:40 horas cuando se recibi\u00f3 el reporte por una fuga de gas en una de las unidades de proceso.<\/p>\n\n\n\n<p>El director de Pemex dijo que luego de la fuga 35 trabajadores resultados afectados y se evaluaron localmente y de ellos se determin\u00f3&nbsp;<strong>enviar al hospital a 13<\/strong>&nbsp;de ellos, cuyo estado de salud es bueno, puntualiz\u00f3 y dijo que siguen en centros hospitalarios por cuestiones de protocolo.<\/p>\n\n\n\n<p>Acerca de los dos trabajadores muertos debido al impacto directo del gas, V\u00edctor Rodr\u00edguez indic\u00f3 que fue la madrugada de este viernes cuando pudieron ingresar a la zona luego de la fuga del gas \u00e1cido y&nbsp;<strong>recuperar los dos cuerpos<\/strong>. Agreg\u00f3 que se mantiene comunicaci\u00f3n con sus familiares.<\/p>\n\n\n\n<p>Debido al accidente se tuvieron que&nbsp;<strong>parar operaciones en cuatro plantas de la refiner\u00eda de Deer Park<\/strong>, entre ellas una coquizadora y una de destilaci\u00f3n, pero el director de Pemex asegur\u00f3 que podr\u00e1n recuperar r\u00e1pidamente la producci\u00f3n que se tiene en dicha instalaci\u00f3n, la cual es de 20 mil barriles por d\u00eda.<\/p>\n\n\n\n<p>El director de Pemex aclar\u00f3 que los trabajadores afectados, entre ellos los que murieron, pertenecen a otra&nbsp;<strong>empresa que fue contratada para dar mantenimiento<\/strong>&nbsp;a la refiner\u00eda de Deer Park y dijo que ya se realizan las investigaciones para determinar las causas de la fuga de gas \u00e1cido, el cual es completamente nocivo par la salud.<\/p>\n\n\n\n<p>vjcm<\/p>\n\n\n\n<p>Fuente: <a href=\"https:\/\/www.excelsior.com.mx\/nacional\/fuga-refineria-deer-park-dos-muertos-13-heridos-pemex\/1678562\">https:\/\/www.excelsior.com.mx\/nacional\/fuga-refineria-deer-park-dos-muertos-13-heridos-pemex\/1678562<\/a><\/p>\n","protected":false},"excerpt":{"rendered":"<p>La madrugada de este viernes recuperaron los cuerpos de los dos trabajadores que murieron en la refiner\u00eda. JIMENA CAMPUZANO \/ [&hellip;]<\/p>\n","protected":false},"author":1,"featured_media":87646,"comment_status":"open","ping_status":"open","sticky":false,"template":"","format":"standard","meta":{"site-sidebar-layout":"default","site-content-layout":"","ast-site-content-layout":"default","site-content-style":"default","site-sidebar-style":"default","ast-global-header-display":"","ast-banner-title-visibility":"","ast-main-header-display":"","ast-hfb-above-header-display":"","ast-hfb-below-header-display":"","ast-hfb-mobile-header-display":"","site-post-title":"","ast-breadcrumbs-content":"","ast-featured-img":"","footer-sml-layout":"","theme-transparent-header-meta":"","adv-header-id-meta":"","stick-header-meta":"","header-above-stick-meta":"","header-main-stick-meta":"","header-below-stick-meta":"","astra-migrate-meta-layouts":"default","ast-page-background-enabled":"default","ast-page-background-meta":{"desktop":{"background-color":"var(--ast-global-color-4)","background-image":"","background-repeat":"repeat","background-position":"center center","background-size":"auto","background-attachment":"scroll","background-type":"","background-media":"","overlay-type":"","overlay-color":"","overlay-opacity":"","overlay-gradient":""},"tablet":{"background-color":"","background-image":"","background-repeat":"repeat","background-position":"center center","background-size":"auto","background-attachment":"scroll","background-type":"","background-media":"","overlay-type":"","overlay-color":"","overlay-opacity":"","overlay-gradient":""},"mobile":{"background-color":"","background-image":"","background-repeat":"repeat","background-position":"center center","background-size":"auto","background-attachment":"scroll","background-type":"","background-media":"","overlay-type":"","overlay-color":"","overlay-opacity":"","overlay-gradient":""}},"ast-content-background-meta":{"desktop":{"background-color":"var(--ast-global-color-5)","background-image":"","background-repeat":"repeat","background-position":"center center","background-size":"auto","background-attachment":"scroll","background-type":"","background-media":"","overlay-type":"","overlay-color":"","overlay-opacity":"","overlay-gradient":""},"tablet":{"background-color":"var(--ast-global-color-5)","background-image":"","background-repeat":"repeat","background-position":"center center","background-size":"auto","background-attachment":"scroll","background-type":"","background-media":"","overlay-type":"","overlay-color":"","overlay-opacity":"","overlay-gradient":""},"mobile":{"background-color":"var(--ast-global-color-5)","background-image":"","background-repeat":"repeat","background-position":"center center","background-size":"auto","background-attachment":"scroll","background-type":"","background-media":"","overlay-type":"","overlay-color":"","overlay-opacity":"","overlay-gradient":""}},"footnotes":""},"categories":[8],"tags":[31406,31405,1706,2383],"class_list":["post-87645","post","type-post","status-publish","format-standard","has-post-thumbnail","hentry","category-noticias","tag-2-muertos-35-lesionados","tag-fuga-de-gas","tag-pemex","tag-refineria-deer-park"],"_links":{"self":[{"href":"https:\/\/losperiodistas.com.mx\/portal\/wp-json\/wp\/v2\/posts\/87645","targetHints":{"allow":["GET"]}}],"collection":[{"href":"https:\/\/losperiodistas.com.mx\/portal\/wp-json\/wp\/v2\/posts"}],"about":[{"href":"https:\/\/losperiodistas.com.mx\/portal\/wp-json\/wp\/v2\/types\/post"}],"author":[{"embeddable":true,"href":"https:\/\/losperiodistas.com.mx\/portal\/wp-json\/wp\/v2\/users\/1"}],"replies":[{"embeddable":true,"href":"https:\/\/losperiodistas.com.mx\/portal\/wp-json\/wp\/v2\/comments?post=87645"}],"version-history":[{"count":1,"href":"https:\/\/losperiodistas.com.mx\/portal\/wp-json\/wp\/v2\/posts\/87645\/revisions"}],"predecessor-version":[{"id":87650,"href":"https:\/\/losperiodistas.com.mx\/portal\/wp-json\/wp\/v2\/posts\/87645\/revisions\/87650"}],"wp:featuredmedia":[{"embeddable":true,"href":"https:\/\/losperiodistas.com.mx\/portal\/wp-json\/wp\/v2\/media\/87646"}],"wp:attachment":[{"href":"https:\/\/losperiodistas.com.mx\/portal\/wp-json\/wp\/v2\/media?parent=87645"}],"wp:term":[{"taxonomy":"category","embeddable":true,"href":"https:\/\/losperiodistas.com.mx\/portal\/wp-json\/wp\/v2\/categories?post=87645"},{"taxonomy":"post_tag","embeddable":true,"href":"https:\/\/losperiodistas.com.mx\/portal\/wp-json\/wp\/v2\/tags?post=87645"}],"curies":[{"name":"wp","href":"https:\/\/api.w.org\/{rel}","templated":true}]}}