{"id":87643,"date":"2024-10-11T10:58:18","date_gmt":"2024-10-11T15:58:18","guid":{"rendered":"http:\/\/losperiodistas.com.mx\/portal\/?p=87643"},"modified":"2024-10-11T10:58:21","modified_gmt":"2024-10-11T15:58:21","slug":"cuando-reabren-los-parques-de-disney-y-universal","status":"publish","type":"post","link":"https:\/\/losperiodistas.com.mx\/portal\/cuando-reabren-los-parques-de-disney-y-universal\/","title":{"rendered":"Hurac\u00e1n Milton: cu\u00e1ndo reabren los parques de Disney y Universal | El Universal"},"content":{"rendered":"\n<p>Esto es lo que se sabe hasta el momento sobre la reapertura de estos parques tem\u00e1ticos<\/p>\n\n\n\n<figure class=\"wp-block-image size-large\"><img fetchpriority=\"high\" decoding=\"async\" width=\"1024\" height=\"617\" src=\"https:\/\/losperiodistas.com.mx\/portal\/wp-content\/uploads\/2024\/10\/Captura-de-pantalla-2024-10-11-095020-1024x617.png\" alt=\"Walt Disney World\" class=\"wp-image-87644\" srcset=\"https:\/\/losperiodistas.com.mx\/portal\/wp-content\/uploads\/2024\/10\/Captura-de-pantalla-2024-10-11-095020-1024x617.png 1024w, https:\/\/losperiodistas.com.mx\/portal\/wp-content\/uploads\/2024\/10\/Captura-de-pantalla-2024-10-11-095020-300x181.png 300w, https:\/\/losperiodistas.com.mx\/portal\/wp-content\/uploads\/2024\/10\/Captura-de-pantalla-2024-10-11-095020-768x463.png 768w, https:\/\/losperiodistas.com.mx\/portal\/wp-content\/uploads\/2024\/10\/Captura-de-pantalla-2024-10-11-095020.png 1369w\" sizes=\"(max-width: 1024px) 100vw, 1024px\" \/><figcaption class=\"wp-element-caption\">Foto: Walt Disney World<\/figcaption><\/figure>\n\n\n\n<p>Omar Moreno \/ El Universal<\/p>\n\n\n\n<p>La tarde-noche de este mi\u00e9rcoles, el <strong>hurac\u00e1n Milton<\/strong> toc\u00f3 tierra en la parte sur de la Bah\u00eda de Tampa, <strong>Florida<\/strong>, con rachas de viento que superaron los 200 kil\u00f3metros por hora. Su categor\u00eda baj\u00f3 a nivel 3 y se espera que en las pr\u00f3ximas horas contin\u00fae perdiendo fuerza.<\/p>\n\n\n\n<p>Esta regi\u00f3n de Florida qued\u00f3 muy afectada, por lo que sus <strong>parques tem\u00e1ticos, <\/strong>como los de <strong>Disney <\/strong>y <strong>Universal,<\/strong> est\u00e1n cerrados hasta nuevo aviso.<\/p>\n\n\n\n<p>Hasta el momento, te contamos sobre las medidas de seguridad que han tomado los famosos parques de Orlando y cu\u00e1ndo se pretende que volver\u00e1n a abrir sus puertas.<\/p>\n\n\n\n<h2 class=\"wp-block-heading\">\u00bfC\u00f3mo est\u00e1n los parques de Disney?<\/h2>\n\n\n\n<p>De acuerdo con la p\u00e1gina oficial de <strong>Walt Disney World<\/strong>, y con informaci\u00f3n actualizada a las 12:00 p.m. (tiempo del este) del 10 de octubre, se est\u00e1n evaluando los impactos en la propiedad para preparar la <strong>repartura <\/strong>de sus parques tem\u00e1ticos.<\/p>\n\n\n\n<figure class=\"wp-block-image size-large\"><img decoding=\"async\" width=\"1024\" height=\"679\" src=\"https:\/\/losperiodistas.com.mx\/portal\/wp-content\/uploads\/2024\/10\/Captura-de-pantalla-2024-10-11-095239-1024x679.png\" alt=\"Walt Disney World\" class=\"wp-image-87647\" srcset=\"https:\/\/losperiodistas.com.mx\/portal\/wp-content\/uploads\/2024\/10\/Captura-de-pantalla-2024-10-11-095239-1024x679.png 1024w, https:\/\/losperiodistas.com.mx\/portal\/wp-content\/uploads\/2024\/10\/Captura-de-pantalla-2024-10-11-095239-300x199.png 300w, https:\/\/losperiodistas.com.mx\/portal\/wp-content\/uploads\/2024\/10\/Captura-de-pantalla-2024-10-11-095239-768x509.png 768w, https:\/\/losperiodistas.com.mx\/portal\/wp-content\/uploads\/2024\/10\/Captura-de-pantalla-2024-10-11-095239.png 1159w\" sizes=\"(max-width: 1024px) 100vw, 1024px\" \/><figcaption class=\"wp-element-caption\">Foto: Walt Disney World<\/figcaption><\/figure>\n\n\n\n<p>En el caso de sus hoteles, los hu\u00e9spedes fueron llamados a refugiarse en sus habitaciones a partir de las 8:30 p.m. (tiempo del este) del martes 8 de octubre y algunos lugares selectos de comida siguen operando para ofrecer <strong>alimentos<\/strong>, aunque, en general, los horarios de atenci\u00f3n y disponibilidad pueden modificarse sin previo aviso.<\/p>\n\n\n\n<p>No obstante, servicios como pel\u00edculas gratis de <strong>Disney <\/strong>en la habitaci\u00f3n, aparici\u00f3n de personajes en los vest\u00edbulos y la sala de juegos y gimnasio siguen funcionando con \u2018normalidad\u2019.<\/p>\n\n\n\n<p>Por el momento, el servicio de transporte a <strong>Walt Disney World<\/strong> desde cualquier punto del complejo y la Minnie Van est\u00e1n fuera de servicio hasta nuevo aviso.<\/p>\n\n\n\n<figure class=\"wp-block-image size-large\"><img decoding=\"async\" width=\"1024\" height=\"684\" src=\"https:\/\/losperiodistas.com.mx\/portal\/wp-content\/uploads\/2024\/10\/Captura-de-pantalla-2024-10-11-095354-1024x684.png\" alt=\"Walt Disney World\" class=\"wp-image-87648\" srcset=\"https:\/\/losperiodistas.com.mx\/portal\/wp-content\/uploads\/2024\/10\/Captura-de-pantalla-2024-10-11-095354-1024x684.png 1024w, https:\/\/losperiodistas.com.mx\/portal\/wp-content\/uploads\/2024\/10\/Captura-de-pantalla-2024-10-11-095354-300x200.png 300w, https:\/\/losperiodistas.com.mx\/portal\/wp-content\/uploads\/2024\/10\/Captura-de-pantalla-2024-10-11-095354-768x513.png 768w, https:\/\/losperiodistas.com.mx\/portal\/wp-content\/uploads\/2024\/10\/Captura-de-pantalla-2024-10-11-095354.png 1048w\" sizes=\"(max-width: 1024px) 100vw, 1024px\" \/><figcaption class=\"wp-element-caption\">Foto: Walt Disney World<\/figcaption><\/figure>\n\n\n\n<p>Aquellas personas que compraron entradas de varios d\u00edas y han sido parcialmente utilizadas, las <strong>fechas <\/strong>de vencimiento de las mismas ser\u00e1n ajustadas para que expiren el 11 de octubre de 2025.<\/p>\n\n\n\n<h2 class=\"wp-block-heading\">\u00bfQu\u00e9 pasa en los parques de Universal?<\/h2>\n\n\n\n<p>Tanto <strong>Universal Studios Florida<\/strong>, Islands of Adventure, Volcano Bay y Universal CityWalk permanecen cerrados desde el mi\u00e9rcoles 9 de octubre, incluyendo todas sus <strong>actividades <\/strong>como el evento tem\u00e1tico Halloween Horror Nights.<\/p>\n\n\n\n<p>En caso de haber reservado algunas experiencias entre el 9 y 10 de octubre, miembros equipo de servicio al visitante del parque se pondr\u00e1n en contacto para <strong>reagendar <\/strong>y discutir posibilidades o, bien, los visitantes deber\u00e1n comunicarse directamente con las \u00e1reas responsables y\/o mantenerse al tanto de la p\u00e1gina y canales oficiales para saber sobre futuras actualizaciones.<\/p>\n\n\n\n<figure class=\"wp-block-image size-large\"><img loading=\"lazy\" decoding=\"async\" width=\"1024\" height=\"681\" src=\"https:\/\/losperiodistas.com.mx\/portal\/wp-content\/uploads\/2024\/10\/Captura-de-pantalla-2024-10-11-095457-1024x681.png\" alt=\"Universal Orlando Resort\" class=\"wp-image-87649\" srcset=\"https:\/\/losperiodistas.com.mx\/portal\/wp-content\/uploads\/2024\/10\/Captura-de-pantalla-2024-10-11-095457-1024x681.png 1024w, https:\/\/losperiodistas.com.mx\/portal\/wp-content\/uploads\/2024\/10\/Captura-de-pantalla-2024-10-11-095457-300x199.png 300w, https:\/\/losperiodistas.com.mx\/portal\/wp-content\/uploads\/2024\/10\/Captura-de-pantalla-2024-10-11-095457-768x511.png 768w, https:\/\/losperiodistas.com.mx\/portal\/wp-content\/uploads\/2024\/10\/Captura-de-pantalla-2024-10-11-095457.png 1047w\" sizes=\"(max-width: 1024px) 100vw, 1024px\" \/><figcaption class=\"wp-element-caption\">Foto: Universal Orlando Resort<\/figcaption><\/figure>\n\n\n\n<p>Los <strong>hoteles <\/strong>del complejo contin\u00faan operando, enfocados en salvaguardar a los hu\u00e9spedes.<\/p>\n\n\n\n<p>Aquellas personas con boletos para visitar Universal Studios, Islands Of Adventure o Volcano Bay, entre el 9 y 10 de octubre, podr\u00e1n \u2018reponer\u2019 esos d\u00edas presentando su <strong>ticket <\/strong>de admisi\u00f3n en las entradas de los parques mencionados. La vigencia de este beneficio ser\u00e1 v\u00e1lida hasta el mi\u00e9rcoles 18 de diciembre de 2024.<\/p>\n\n\n\n<h2 class=\"wp-block-heading\">\u00bfCu\u00e1ndo reabrir\u00e1n los parques de Disney y Universal?<\/h2>\n\n\n\n<p>Tanto <strong>Walt Disney World <\/strong>y <strong>Universal Orlando Resort <\/strong>contin\u00faan sus labores de an\u00e1lisis de da\u00f1os y reordenamiento de sus parques, pero ambos complejos esperan reabrir casi en su totalidad a partir de este viernes 11 de octubre, de acuerdo con sus p\u00e1ginas web oficiales.<\/p>\n\n\n\n<p>Fuente: <a href=\"https:\/\/www.eluniversal.com.mx\/destinos\/huracan-milton-cuando-reabren-los-parques-de-disney-y-universal\/\" target=\"_blank\" rel=\"noreferrer noopener\">El Universal<\/a><\/p>\n","protected":false},"excerpt":{"rendered":"<p>Esto es lo que se sabe hasta el momento sobre la reapertura de estos parques tem\u00e1ticos<\/p>\n","protected":false},"author":1,"featured_media":87644,"comment_status":"open","ping_status":"open","sticky":false,"template":"","format":"standard","meta":{"site-sidebar-layout":"default","site-content-layout":"","ast-site-content-layout":"default","site-content-style":"default","site-sidebar-style":"default","ast-global-header-display":"","ast-banner-title-visibility":"","ast-main-header-display":"","ast-hfb-above-header-display":"","ast-hfb-below-header-display":"","ast-hfb-mobile-header-display":"","site-post-title":"","ast-breadcrumbs-content":"","ast-featured-img":"","footer-sml-layout":"","theme-transparent-header-meta":"","adv-header-id-meta":"","stick-header-meta":"","header-above-stick-meta":"","header-main-stick-meta":"","header-below-stick-meta":"","astra-migrate-meta-layouts":"default","ast-page-background-enabled":"default","ast-page-background-meta":{"desktop":{"background-color":"var(--ast-global-color-4)","background-image":"","background-repeat":"repeat","background-position":"center center","background-size":"auto","background-attachment":"scroll","background-type":"","background-media":"","overlay-type":"","overlay-color":"","overlay-opacity":"","overlay-gradient":""},"tablet":{"background-color":"","background-image":"","background-repeat":"repeat","background-position":"center center","background-size":"auto","background-attachment":"scroll","background-type":"","background-media":"","overlay-type":"","overlay-color":"","overlay-opacity":"","overlay-gradient":""},"mobile":{"background-color":"","background-image":"","background-repeat":"repeat","background-position":"center center","background-size":"auto","background-attachment":"scroll","background-type":"","background-media":"","overlay-type":"","overlay-color":"","overlay-opacity":"","overlay-gradient":""}},"ast-content-background-meta":{"desktop":{"background-color":"var(--ast-global-color-5)","background-image":"","background-repeat":"repeat","background-position":"center center","background-size":"auto","background-attachment":"scroll","background-type":"","background-media":"","overlay-type":"","overlay-color":"","overlay-opacity":"","overlay-gradient":""},"tablet":{"background-color":"var(--ast-global-color-5)","background-image":"","background-repeat":"repeat","background-position":"center center","background-size":"auto","background-attachment":"scroll","background-type":"","background-media":"","overlay-type":"","overlay-color":"","overlay-opacity":"","overlay-gradient":""},"mobile":{"background-color":"var(--ast-global-color-5)","background-image":"","background-repeat":"repeat","background-position":"center center","background-size":"auto","background-attachment":"scroll","background-type":"","background-media":"","overlay-type":"","overlay-color":"","overlay-opacity":"","overlay-gradient":""}},"footnotes":""},"categories":[8],"tags":[1566,31267,31408,31407,31409],"class_list":["post-87643","post","type-post","status-publish","format-standard","has-post-thumbnail","hentry","category-noticias","tag-disney","tag-huracan-milton","tag-parques-tematicos","tag-universal","tag-walt-disney-world"],"_links":{"self":[{"href":"https:\/\/losperiodistas.com.mx\/portal\/wp-json\/wp\/v2\/posts\/87643","targetHints":{"allow":["GET"]}}],"collection":[{"href":"https:\/\/losperiodistas.com.mx\/portal\/wp-json\/wp\/v2\/posts"}],"about":[{"href":"https:\/\/losperiodistas.com.mx\/portal\/wp-json\/wp\/v2\/types\/post"}],"author":[{"embeddable":true,"href":"https:\/\/losperiodistas.com.mx\/portal\/wp-json\/wp\/v2\/users\/1"}],"replies":[{"embeddable":true,"href":"https:\/\/losperiodistas.com.mx\/portal\/wp-json\/wp\/v2\/comments?post=87643"}],"version-history":[{"count":1,"href":"https:\/\/losperiodistas.com.mx\/portal\/wp-json\/wp\/v2\/posts\/87643\/revisions"}],"predecessor-version":[{"id":87651,"href":"https:\/\/losperiodistas.com.mx\/portal\/wp-json\/wp\/v2\/posts\/87643\/revisions\/87651"}],"wp:featuredmedia":[{"embeddable":true,"href":"https:\/\/losperiodistas.com.mx\/portal\/wp-json\/wp\/v2\/media\/87644"}],"wp:attachment":[{"href":"https:\/\/losperiodistas.com.mx\/portal\/wp-json\/wp\/v2\/media?parent=87643"}],"wp:term":[{"taxonomy":"category","embeddable":true,"href":"https:\/\/losperiodistas.com.mx\/portal\/wp-json\/wp\/v2\/categories?post=87643"},{"taxonomy":"post_tag","embeddable":true,"href":"https:\/\/losperiodistas.com.mx\/portal\/wp-json\/wp\/v2\/tags?post=87643"}],"curies":[{"name":"wp","href":"https:\/\/api.w.org\/{rel}","templated":true}]}}