{"id":87631,"date":"2024-10-11T05:37:12","date_gmt":"2024-10-11T10:37:12","guid":{"rendered":"https:\/\/losperiodistas.com.mx\/portal\/?p=87631"},"modified":"2024-10-11T05:37:14","modified_gmt":"2024-10-11T10:37:14","slug":"la-iglesia-catolica-pide-un-alto-a-la-militarizacion-de-la-politica-migratoria-en-mexico-aci","status":"publish","type":"post","link":"https:\/\/losperiodistas.com.mx\/portal\/la-iglesia-catolica-pide-un-alto-a-la-militarizacion-de-la-politica-migratoria-en-mexico-aci\/","title":{"rendered":"La Iglesia Cat\u00f3lica pide \u201cun alto\u201d a la \u201cmilitarizaci\u00f3n\u201d de la pol\u00edtica migratoria en M\u00e9xico | ACI"},"content":{"rendered":"\n<figure class=\"wp-block-image size-full\"><img fetchpriority=\"high\" decoding=\"async\" width=\"672\" height=\"448\" src=\"https:\/\/losperiodistas.com.mx\/portal\/wp-content\/uploads\/2024\/10\/guardia-nac.webp\" alt=\"\" class=\"wp-image-87632\" srcset=\"https:\/\/losperiodistas.com.mx\/portal\/wp-content\/uploads\/2024\/10\/guardia-nac.webp 672w, https:\/\/losperiodistas.com.mx\/portal\/wp-content\/uploads\/2024\/10\/guardia-nac-300x200.webp 300w\" sizes=\"(max-width: 672px) 100vw, 672px\" \/><figcaption class=\"wp-element-caption\">Imagen referencial de la Guardia Nacional de M\u00e9xico. | Cr\u00e9dito: Guardia Nacional<\/figcaption><\/figure>\n\n\n\n<p class=\"has-vivid-red-color has-text-color has-link-color has-medium-font-size wp-elements-e9c2388a79735d8903a364bddb36df64\"><strong>Diego L\u00f3pez Col\u00edn \/ ACI Prensa<\/strong><\/p>\n\n\n\n<p>La Iglesia Cat\u00f3lica alert\u00f3 que, de \u201cno poner un alto\u201d a la militarizaci\u00f3n de la pol\u00edtica migratoria, incidentes como el ocurrido en el estado mexicano de Chiapas, donde militares dispararon contra migrantes y murieron seis personas, se podr\u00edan repetir.<\/p>\n\n\n\n<p>El 1 de octubre, de acuerdo con informaci\u00f3n compartida por la Secretar\u00eda de la Defensa Nacional (Sedena), en el tramo de carretera entre Villa Comaltitl\u00e1n y Huixtla, en Chiapas, personal militar abri\u00f3 fuego contra veh\u00edculos en los que viajaban migrantes, tras presuntamente haber \u201cescuchado detonaciones\u201d.<\/p>\n\n\n\n<p>La Sedena inform\u00f3 que los dos militares que accionaron su armamento \u201cfueron separados de sus funciones\u201d mientras se llevan a cabo las investigaciones correspondientes, \u201cal ser un hecho en el que se vieron afectados civiles\u201d.<\/p>\n\n\n\n<h2 class=\"wp-block-heading\"><strong>\u201cEs una situaci\u00f3n que se sale de control\u201d<\/strong><\/h2>\n\n\n\n<p>El P. H\u00e9ctor Julio L\u00f3pez Vivas, secretario ejecutivo de la Dimensi\u00f3n Episcopal de Pastoral de Movilidad Humana (DEPMH) de la Conferencia del Episcopado Mexicano, dijo a ACI Prensa que lo sucedido en Chiapas la semana pasada \u201cya es una situaci\u00f3n que sale de control, de no poner un alto a esa militarizaci\u00f3n esto se puede seguir dando\u201d.&nbsp;<\/p>\n\n\n\n<p>El sacerdote cuestion\u00f3 cu\u00e1ndo las autoridades cambiar\u00e1n su enfoque y plante\u00f3 la inquietud de si el cambio de estrategia se producir\u00e1 s\u00f3lo cuando las v\u00edctimas sean m\u00e1s.<\/p>\n\n\n\n<p>Desde la red de albergues de migrantes de la Iglesia Cat\u00f3lica han observado que, en cuestiones de movilidad humana, \u201cel uso de la fuerza ha sido una constante\u201d por parte de las autoridades, pero en particular, \u201cen el \u00faltimo gobierno hubo un incremento de esta pr\u00e1ctica\u201d.<\/p>\n\n\n\n<p>El P. L\u00f3pez Vivas lament\u00f3 que las fuerzas militares no se utilicen \u201cpara combatir la inseguridad, el crimen organizado, la violencia que se vive en tantos territorios del pa\u00eds\u201d, y en cambio sean puestas a trabajar en \u201cla contenci\u00f3n, detenci\u00f3n y control migratorio\u201d.<\/p>\n\n\n\n<h2 class=\"wp-block-heading\"><strong>Nuevos gobiernos en M\u00e9xico y Estados Unidos<\/strong><\/h2>\n\n\n\n<p>El sacerdote expres\u00f3 que \u201ccomo Iglesia tenemos la esperanza de que algo pueda cambiar, de que algo pueda mejorar\u201d con la llegada del nuevo gobierno mexicano encabezado por Claudia Sheinbaum, que desde el 1 de octubre sucede en el poder a Andr\u00e9s Manuel L\u00f3pez Obrador. Ambos pertenecen al Movimiento de Regeneraci\u00f3n Nacional (MORENA). Sin embargo, el sacerdote reconoci\u00f3 que hay una \u201csensaci\u00f3n de que podr\u00edan las cosas continuar igual\u201d.&nbsp;<\/p>\n\n\n\n<p>En especial, en el contexto de las elecciones en Estados Unidos, programadas para el martes 5 de noviembre de 2024, el P. L\u00f3pez Vivas indic\u00f3 que los pol\u00edticos estadounidenses han \u201cutilizado la migraci\u00f3n como un argumento pol\u00edtico para ganar votos o para criticar candidatos\u201d.<\/p>\n\n\n\n<p>El sacerdote expres\u00f3 su deseo de que en los nuevos gobiernos de ambos pa\u00edses haya una \u201ccontinuidad de las cosas buenas y que sea una discontinuidad de las cosas negativas, de las cosas que no ayudan y sobre todo las cosas que no buscan la dignificaci\u00f3n del ser humano\u201d.&nbsp;<\/p>\n\n\n\n<p>Fuente: <a href=\"https:\/\/www.aciprensa.com\/noticias\/107461\/iglesia-catolica-pide-poner-alto-a-militarizacion-contra-migrantes-en-mexico\">https:\/\/www.aciprensa.com\/noticias\/107461\/iglesia-catolica-pide-poner-alto-a-militarizacion-contra-migrantes-en-mexico<\/a><\/p>\n","protected":false},"excerpt":{"rendered":"<p>Diego L\u00f3pez Col\u00edn \/ ACI Prensa La Iglesia Cat\u00f3lica alert\u00f3 que, de \u201cno poner un alto\u201d a la militarizaci\u00f3n de [&hellip;]<\/p>\n","protected":false},"author":1,"featured_media":87632,"comment_status":"open","ping_status":"open","sticky":false,"template":"","format":"standard","meta":{"site-sidebar-layout":"default","site-content-layout":"","ast-site-content-layout":"default","site-content-style":"default","site-sidebar-style":"default","ast-global-header-display":"","ast-banner-title-visibility":"","ast-main-header-display":"","ast-hfb-above-header-display":"","ast-hfb-below-header-display":"","ast-hfb-mobile-header-display":"","site-post-title":"","ast-breadcrumbs-content":"","ast-featured-img":"","footer-sml-layout":"","theme-transparent-header-meta":"","adv-header-id-meta":"","stick-header-meta":"","header-above-stick-meta":"","header-main-stick-meta":"","header-below-stick-meta":"","astra-migrate-meta-layouts":"default","ast-page-background-enabled":"default","ast-page-background-meta":{"desktop":{"background-color":"var(--ast-global-color-4)","background-image":"","background-repeat":"repeat","background-position":"center center","background-size":"auto","background-attachment":"scroll","background-type":"","background-media":"","overlay-type":"","overlay-color":"","overlay-opacity":"","overlay-gradient":""},"tablet":{"background-color":"","background-image":"","background-repeat":"repeat","background-position":"center center","background-size":"auto","background-attachment":"scroll","background-type":"","background-media":"","overlay-type":"","overlay-color":"","overlay-opacity":"","overlay-gradient":""},"mobile":{"background-color":"","background-image":"","background-repeat":"repeat","background-position":"center center","background-size":"auto","background-attachment":"scroll","background-type":"","background-media":"","overlay-type":"","overlay-color":"","overlay-opacity":"","overlay-gradient":""}},"ast-content-background-meta":{"desktop":{"background-color":"var(--ast-global-color-5)","background-image":"","background-repeat":"repeat","background-position":"center center","background-size":"auto","background-attachment":"scroll","background-type":"","background-media":"","overlay-type":"","overlay-color":"","overlay-opacity":"","overlay-gradient":""},"tablet":{"background-color":"var(--ast-global-color-5)","background-image":"","background-repeat":"repeat","background-position":"center center","background-size":"auto","background-attachment":"scroll","background-type":"","background-media":"","overlay-type":"","overlay-color":"","overlay-opacity":"","overlay-gradient":""},"mobile":{"background-color":"var(--ast-global-color-5)","background-image":"","background-repeat":"repeat","background-position":"center center","background-size":"auto","background-attachment":"scroll","background-type":"","background-media":"","overlay-type":"","overlay-color":"","overlay-opacity":"","overlay-gradient":""}},"footnotes":""},"categories":[8],"tags":[2671,2617],"class_list":["post-87631","post","type-post","status-publish","format-standard","has-post-thumbnail","hentry","category-noticias","tag-chiapas","tag-iglesia-catolica-mexico"],"_links":{"self":[{"href":"https:\/\/losperiodistas.com.mx\/portal\/wp-json\/wp\/v2\/posts\/87631","targetHints":{"allow":["GET"]}}],"collection":[{"href":"https:\/\/losperiodistas.com.mx\/portal\/wp-json\/wp\/v2\/posts"}],"about":[{"href":"https:\/\/losperiodistas.com.mx\/portal\/wp-json\/wp\/v2\/types\/post"}],"author":[{"embeddable":true,"href":"https:\/\/losperiodistas.com.mx\/portal\/wp-json\/wp\/v2\/users\/1"}],"replies":[{"embeddable":true,"href":"https:\/\/losperiodistas.com.mx\/portal\/wp-json\/wp\/v2\/comments?post=87631"}],"version-history":[{"count":1,"href":"https:\/\/losperiodistas.com.mx\/portal\/wp-json\/wp\/v2\/posts\/87631\/revisions"}],"predecessor-version":[{"id":87633,"href":"https:\/\/losperiodistas.com.mx\/portal\/wp-json\/wp\/v2\/posts\/87631\/revisions\/87633"}],"wp:featuredmedia":[{"embeddable":true,"href":"https:\/\/losperiodistas.com.mx\/portal\/wp-json\/wp\/v2\/media\/87632"}],"wp:attachment":[{"href":"https:\/\/losperiodistas.com.mx\/portal\/wp-json\/wp\/v2\/media?parent=87631"}],"wp:term":[{"taxonomy":"category","embeddable":true,"href":"https:\/\/losperiodistas.com.mx\/portal\/wp-json\/wp\/v2\/categories?post=87631"},{"taxonomy":"post_tag","embeddable":true,"href":"https:\/\/losperiodistas.com.mx\/portal\/wp-json\/wp\/v2\/tags?post=87631"}],"curies":[{"name":"wp","href":"https:\/\/api.w.org\/{rel}","templated":true}]}}